{"id":85884,"date":"2026-02-03T15:25:05","date_gmt":"2026-02-03T18:25:05","guid":{"rendered":"https:\/\/radiolarioja.com.ar\/rlr\/?p=85884"},"modified":"2026-02-03T15:25:06","modified_gmt":"2026-02-03T18:25:06","slug":"las-leonas-convocadas-para-la-pro-league-en-hobart","status":"publish","type":"post","link":"https:\/\/radiolarioja.com.ar\/rlr\/las-leonas-convocadas-para-la-pro-league-en-hobart\/","title":{"rendered":"LAS LEONAS CONVOCADAS PARA LA PRO LEAGUE EN HOBART"},"content":{"rendered":"\n<p><em>Del 10 al 15 de febrero el seleccionado femenino disputar\u00e1 su segunda ventana de FIH Pro League en Hobart, Australia.&nbsp;<\/em><\/p>\n\n\n\n<p>El cuerpo t\u00e9cnico de las Leonas, encabezado por Fernando Ferrara, dio a conocer la n\u00f3mina de jugadoras convocadas para disputar la segunda ventana de la FIH Pro League 2025-26. El seleccionado disputar\u00e1 cuatro partidos entre el 10 y el 15 de febrero ante Irlanda y Australia.<\/p>\n\n\n\n<p>El plantel viajar\u00e1 a Hobart, Australia, para afrontar el primer compromiso oficial del a\u00f1o. La n\u00f3mina completa es la siguiente:<\/p>\n\n\n\n<p>AGOSTINA ALONSO<br>MERCEDES ARTOLA<br>BRISA BRUGGESSER<br>SOFIA CAIRO<br>LARA CASAS<br>JUANA CASTELLARO<br>CRISTINA COSENTINO<br>ZOE DIAZ<br>VICTORIA FALASCO<br>MILAGROS ALASTRA<br>AGUSTINA GORZELANY<br>MARIA JOSE GRANATTO<br>VICTORIA GRANATTO<br>JULIETA JANKUNAS<br>VICTORIA MIRANDA<br>PAULA ORTIZ<br>VALENTINA RAPOSO<br>VICTORIA SAUZE<br>SOFIA TOCCALINO<br>EUGENIA TRINCHINETTI<\/p>\n\n\n\n<p>El viaje iniciar\u00e1 el 2 de febrero y la competencia se desarrollar\u00e1 del 10 al 15 del mismo mes. Argentina enfrentar\u00e1 en dos oportunidades a Irlanda y dos veces al conjunto local, con el objetivo de seguir sumando puntos en la tabla general tras debut en diciembre pasado en Santiago del Estero, donde el equipo se midi\u00f3 ante Pa\u00edses Bajos y Alemania.<\/p>\n\n\n\n<p>Tras el paso por Australia, el calendario de la Pro League para las Leonas continuar\u00e1 en junio con la gira europea. Del 13 al 21 de junio, el seleccionado competir\u00e1 en B\u00e9lgica ante el conjunto local y China, mientras que del 23 al 28 cerrar\u00e1 su participaci\u00f3n en Inglaterra enfrentando al anfitri\u00f3n y a Espa\u00f1a.<\/p>\n\n\n\n<p>FIXTURE<br>Martes 10 de febrero | Irlanda vs Argentina | 5.30 hs<br>Mi\u00e9rcoles 11 de febrero | Australia vs Argentina | 5.30 hs<br>Viernes 13 de febrero | Argentina vs Irlanda | 5.30 hs<br>S\u00e1bado 14 de febrero | Australia vs Argentina | 3.30 hs<\/p>\n\n\n\n<p>CRONOGRAMA LEONAS FIH PRO LEAGUE 2025-26<br>Argentina (9-14 de diciembre de 2025) vs Alemania y Pa\u00edses Bajos.<\/p>\n\n\n\n<p>Australia (10-15 de febrero de 2026) vs Australia e Irlanda.<\/p>\n\n\n\n<p>B\u00e9lgica (13-21 de junio de 2026) vs B\u00e9lgica y China.<\/p>\n\n\n\n<p>Inglaterra (23-28 de junio de 2026) vs Inglaterra y Espa\u00f1a.<\/p>\n\n\n\n<p>SOBRE LA FIH PRO LEAGUE 2025-26<br>La FIH Pro League es el torneo anual m\u00e1s prestigioso del hockey mundial. Las mejores selecciones se enfrentan a lo largo de todo el a\u00f1o en diferentes ciudades con el objetivo de que todos los fans del hockey puedan ver a sus seleccionados de cerca.<\/p>\n\n\n\n<p>La s\u00e9ptima edici\u00f3n tendr\u00e1 lugar entre diciembre de 2025 y junio de 2026. Los equipos participantes van sumando puntos en cada ventana del torneo en una tabla \u00fanica y, quien llegue al final con el mejor puntaje consigue el t\u00edtulo. Esta edici\u00f3n tiene una zanahoria importante: quien gane obtendr\u00e1 la clasificaci\u00f3n directa para los Juegos Ol\u00edmpicos 2028<\/p>\n\n\n\n<p>En la presente edici\u00f3n participan, en damas, Argentina, Australia, B\u00e9lgica, China, Inglaterra, Alemania, Irlanda, Pa\u00edses Bajos y Espa\u00f1a. En caballeros los 9 pa\u00edses que compiten son Argentina, Australia, B\u00e9lgica, Inglaterra, Alemania, India, Pa\u00edses Bajos, Pakist\u00e1n y Espa\u00f1a.<\/p>\n\n\n\n<p>Se puede seguir toda la informaci\u00f3n de la FIH Pro League en la p\u00e1gina web de la Federaci\u00f3n Internacional de Hockey.<\/p>\n","protected":false},"excerpt":{"rendered":"<p>Del 10 al 15 de febrero el seleccionado femenino disputar\u00e1 su segunda ventana de FIH Pro League en<\/p>\n","protected":false},"author":2,"featured_media":85912,"comment_status":"open","ping_status":"open","sticky":false,"template":"","format":"standard","meta":{"footnotes":""},"categories":[3],"tags":[],"class_list":["post-85884","post","type-post","status-publish","format-standard","has-post-thumbnail","hentry","category-deporte"],"featured_image_urls":{"full":["https:\/\/radiolarioja.com.ar\/rlr\/wp-content\/uploads\/2026\/02\/WhatsApp-Image-2026-01-23-at-10.32.37.jpeg",1600,980,false],"thumbnail":["https:\/\/radiolarioja.com.ar\/rlr\/wp-content\/uploads\/2026\/02\/WhatsApp-Image-2026-01-23-at-10.32.37-150x150.jpeg",150,150,true],"medium":["https:\/\/radiolarioja.com.ar\/rlr\/wp-content\/uploads\/2026\/02\/WhatsApp-Image-2026-01-23-at-10.32.37-300x184.jpeg",300,184,true],"medium_large":["https:\/\/radiolarioja.com.ar\/rlr\/wp-content\/uploads\/2026\/02\/WhatsApp-Image-2026-01-23-at-10.32.37-768x470.jpeg",640,392,true],"large":["https:\/\/radiolarioja.com.ar\/rlr\/wp-content\/uploads\/2026\/02\/WhatsApp-Image-2026-01-23-at-10.32.37-1024x627.jpeg",640,392,true],"1536x1536":["https:\/\/radiolarioja.com.ar\/rlr\/wp-content\/uploads\/2026\/02\/WhatsApp-Image-2026-01-23-at-10.32.37-1536x941.jpeg",1536,941,true],"2048x2048":["https:\/\/radiolarioja.com.ar\/rlr\/wp-content\/uploads\/2026\/02\/WhatsApp-Image-2026-01-23-at-10.32.37.jpeg",1600,980,false],"morenews-large":["https:\/\/radiolarioja.com.ar\/rlr\/wp-content\/uploads\/2026\/02\/WhatsApp-Image-2026-01-23-at-10.32.37-825x575.jpeg",825,575,true],"morenews-medium":["https:\/\/radiolarioja.com.ar\/rlr\/wp-content\/uploads\/2026\/02\/WhatsApp-Image-2026-01-23-at-10.32.37-590x410.jpeg",590,410,true]},"author_info":{"info":["RadioLaRioja"]},"category_info":"<a href=\"https:\/\/radiolarioja.com.ar\/rlr\/category\/deporte\/\" rel=\"category tag\">Deporte<\/a>","tag_info":"Deporte","comment_count":"0","_links":{"self":[{"href":"https:\/\/radiolarioja.com.ar\/rlr\/wp-json\/wp\/v2\/posts\/85884","targetHints":{"allow":["GET"]}}],"collection":[{"href":"https:\/\/radiolarioja.com.ar\/rlr\/wp-json\/wp\/v2\/posts"}],"about":[{"href":"https:\/\/radiolarioja.com.ar\/rlr\/wp-json\/wp\/v2\/types\/post"}],"author":[{"embeddable":true,"href":"https:\/\/radiolarioja.com.ar\/rlr\/wp-json\/wp\/v2\/users\/2"}],"replies":[{"embeddable":true,"href":"https:\/\/radiolarioja.com.ar\/rlr\/wp-json\/wp\/v2\/comments?post=85884"}],"version-history":[{"count":1,"href":"https:\/\/radiolarioja.com.ar\/rlr\/wp-json\/wp\/v2\/posts\/85884\/revisions"}],"predecessor-version":[{"id":85913,"href":"https:\/\/radiolarioja.com.ar\/rlr\/wp-json\/wp\/v2\/posts\/85884\/revisions\/85913"}],"wp:featuredmedia":[{"embeddable":true,"href":"https:\/\/radiolarioja.com.ar\/rlr\/wp-json\/wp\/v2\/media\/85912"}],"wp:attachment":[{"href":"https:\/\/radiolarioja.com.ar\/rlr\/wp-json\/wp\/v2\/media?parent=85884"}],"wp:term":[{"taxonomy":"category","embeddable":true,"href":"https:\/\/radiolarioja.com.ar\/rlr\/wp-json\/wp\/v2\/categories?post=85884"},{"taxonomy":"post_tag","embeddable":true,"href":"https:\/\/radiolarioja.com.ar\/rlr\/wp-json\/wp\/v2\/tags?post=85884"}],"curies":[{"name":"wp","href":"https:\/\/api.w.org\/{rel}","templated":true}]}}