{"id":85869,"date":"2026-02-03T15:08:34","date_gmt":"2026-02-03T18:08:34","guid":{"rendered":"https:\/\/radiolarioja.com.ar\/rlr\/?p=85869"},"modified":"2026-02-03T15:14:41","modified_gmt":"2026-02-03T18:14:41","slug":"el-63-de-los-divorcios-se-concretan-cuando-los-conyuges-tienen-entre-41-y-60-anos","status":"publish","type":"post","link":"https:\/\/radiolarioja.com.ar\/rlr\/el-63-de-los-divorcios-se-concretan-cuando-los-conyuges-tienen-entre-41-y-60-anos\/","title":{"rendered":"El 63% de los divorcios se concretan cuando los c\u00f3nyuges tienen entre 41 y 60 a\u00f1os"},"content":{"rendered":"\n<h2 class=\"wp-block-heading\">El dato surge de una investigaci\u00f3n publicada por el Centro N\u00fa\u00f1ez sobre las sentencias de divorcio emitidas por los juzgados de Familia de la ciudad de C\u00f3rdoba.<\/h2>\n\n\n\n<p>Un grupo de investigaci\u00f3n, dirigido por la jueza Cecilia Ferrero, public\u00f3 un an\u00e1lisis de las sentencias de divorcio emitidas por los juzgados de Familia de la ciudad de C\u00f3rdoba en el per\u00edodo 2022 \u2013 2024. Seg\u00fan el estudio, la mayor\u00eda de las personas que solicitaron el divorcio (63%) ten\u00edan entre 41 y 60 a\u00f1os; mientras que el 19% de los c\u00f3nyuges ten\u00edan entre 31 y 40 a\u00f1os.<\/p>\n\n\n\n<p>El relevamiento \u2013que integra el libro \u201cInvestigaciones aplicadas en la justicia de C\u00f3rdoba. Edici\u00f3n especial 20 a\u00f1os 2005-2025\u201d, publicado por el Centro de Perfeccionamiento Ricardo C. N\u00fa\u00f1ez- tambi\u00e9n destac\u00f3 que en el 10% de las causas analizadas, las partes ten\u00edan entre 61 y 70 a\u00f1os de edad. Incluso, se observaron algunos casos en los cuales los matrimonios se hab\u00edan extendido por m\u00e1s de 30 a\u00f1os.<\/p>\n\n\n\n<p>\u201cDe la totalidad de datos recabados y analizados, es posible mencionar que la duraci\u00f3n promedio de los matrimonios fue de 14 a\u00f1os y que los procesos de divorcio se llevaron a cabo en la etapa de madurez de la vida de los c\u00f3nyuges\u201d, se\u00f1ala el informe.<\/p>\n\n\n\n<p>Asimismo, los investigadores indicaron que son mayoritariamente las mujeres quienes inician los procesos de divorcios en matrimonios que tienen entre 20 y 30 a\u00f1os de duraci\u00f3n; mientras que los hombres suelen hacerlo en los v\u00ednculos m\u00e1s breves (menores a 1 a\u00f1o, o entre 15 y 20 a\u00f1os).<\/p>\n\n\n\n<p><strong>Resabios patriarcales<\/strong><\/p>\n\n\n\n<p>El trabajo, titulado \u201c\u00bfCu\u00e1nto dura el amor? An\u00e1lisis descriptivo de las sentencias de divorcio de los Juzgados de Familia de la ciudad de C\u00f3rdoba del periodo 2022-2024\u201d, tambi\u00e9n detect\u00f3 \u201cresabios patriarcales\u201d en las estructuras familiares analizadas.<\/p>\n\n\n\n<p>Por ejemplo, se constat\u00f3 que, despu\u00e9s del divorcio, cuatro de cada diez ni\u00f1os o ni\u00f1as contin\u00faan residiendo principalmente en el domicilio materno (39%); mientras que, en el 25%, pactaron un cuidado personal bajo la modalidad alternada. Los hijos y las hijas solo permanecen en el domicilio paterno en el 8,7% de los casos.<\/p>\n\n\n\n<p>\u201cSiguen prevaleciendo estructuras familiares matrimonializadas (\u2026), predominantemente conformadas por parejas heterosexuales y con resabios patriarcales, si se observa que, a la disoluci\u00f3n del v\u00ednculo matrimonial, la residencia de los\/las hijos e hijas resulta principalmente el hogar materno y desde all\u00ed se gestionan los cuidados y las necesidades de la descendencia\u201d, concluye la investigaci\u00f3n.<\/p>\n\n\n\n<p>El equipo de investigaci\u00f3n fue dirigido por la jueza Cecilia Ferrero e integrado por Mar\u00eda Florencia Casas, Mar\u00eda Celeste Garc\u00eda, Andrea Carolina Gastaldi Fachin e Ivana Mariel S\u00e1nchez. La coordinaci\u00f3n, el seguimiento metodol\u00f3gico y procesamiento de datos estuvo a cargo de Laura Croccia.<\/p>\n\n\n\n<div data-wp-interactive=\"core\/file\" class=\"wp-block-file\"><object data-wp-bind--hidden=\"!state.hasPdfPreview\" hidden class=\"wp-block-file__embed\" data=\"https:\/\/radiolarioja.com.ar\/rlr\/wp-content\/uploads\/2026\/02\/\u00bfCuanto-dura-el-amor-en-Cordoba__-los-divorcios-ya-representan-mas-de-la-mitad-de-los-matrimonios.pdf\" type=\"application\/pdf\" style=\"width:100%;height:600px\" aria-label=\"Incrustado de \u00bfCu\u00e1nto dura el amor en C\u00f3rdoba__ los divorcios ya representan m\u00e1s de la mitad de los matrimonios.\"><\/object><a id=\"wp-block-file--media-0f9eaaea-592a-4455-9773-44443e1efe7d\" href=\"https:\/\/radiolarioja.com.ar\/rlr\/wp-content\/uploads\/2026\/02\/\u00bfCuanto-dura-el-amor-en-Cordoba__-los-divorcios-ya-representan-mas-de-la-mitad-de-los-matrimonios.pdf\">\u00bfCu\u00e1nto dura el amor en C\u00f3rdoba__ los divorcios ya representan m\u00e1s de la mitad de los matrimonios<\/a><a href=\"https:\/\/radiolarioja.com.ar\/rlr\/wp-content\/uploads\/2026\/02\/\u00bfCuanto-dura-el-amor-en-Cordoba__-los-divorcios-ya-representan-mas-de-la-mitad-de-los-matrimonios.pdf\" class=\"wp-block-file__button wp-element-button\" download aria-describedby=\"wp-block-file--media-0f9eaaea-592a-4455-9773-44443e1efe7d\">Descarga<\/a><\/div>\n","protected":false},"excerpt":{"rendered":"<p>El dato surge de una investigaci\u00f3n publicada por el Centro N\u00fa\u00f1ez sobre las sentencias de divorcio emitidas por<\/p>\n","protected":false},"author":2,"featured_media":85870,"comment_status":"open","ping_status":"open","sticky":false,"template":"","format":"standard","meta":{"footnotes":""},"categories":[19],"tags":[],"class_list":["post-85869","post","type-post","status-publish","format-standard","has-post-thumbnail","hentry","category-sociedad"],"featured_image_urls":{"full":["https:\/\/radiolarioja.com.ar\/rlr\/wp-content\/uploads\/2026\/02\/Gemini_Generated_Image_xa87rwxa87rwxa87.png",1024,1024,false],"thumbnail":["https:\/\/radiolarioja.com.ar\/rlr\/wp-content\/uploads\/2026\/02\/Gemini_Generated_Image_xa87rwxa87rwxa87-150x150.png",150,150,true],"medium":["https:\/\/radiolarioja.com.ar\/rlr\/wp-content\/uploads\/2026\/02\/Gemini_Generated_Image_xa87rwxa87rwxa87-300x300.png",300,300,true],"medium_large":["https:\/\/radiolarioja.com.ar\/rlr\/wp-content\/uploads\/2026\/02\/Gemini_Generated_Image_xa87rwxa87rwxa87-768x768.png",640,640,true],"large":["https:\/\/radiolarioja.com.ar\/rlr\/wp-content\/uploads\/2026\/02\/Gemini_Generated_Image_xa87rwxa87rwxa87.png",640,640,false],"1536x1536":["https:\/\/radiolarioja.com.ar\/rlr\/wp-content\/uploads\/2026\/02\/Gemini_Generated_Image_xa87rwxa87rwxa87.png",1024,1024,false],"2048x2048":["https:\/\/radiolarioja.com.ar\/rlr\/wp-content\/uploads\/2026\/02\/Gemini_Generated_Image_xa87rwxa87rwxa87.png",1024,1024,false],"morenews-large":["https:\/\/radiolarioja.com.ar\/rlr\/wp-content\/uploads\/2026\/02\/Gemini_Generated_Image_xa87rwxa87rwxa87-825x575.png",825,575,true],"morenews-medium":["https:\/\/radiolarioja.com.ar\/rlr\/wp-content\/uploads\/2026\/02\/Gemini_Generated_Image_xa87rwxa87rwxa87-590x410.png",590,410,true]},"author_info":{"info":["RadioLaRioja"]},"category_info":"<a href=\"https:\/\/radiolarioja.com.ar\/rlr\/category\/sociedad\/\" rel=\"category tag\">Sociedad<\/a>","tag_info":"Sociedad","comment_count":"0","_links":{"self":[{"href":"https:\/\/radiolarioja.com.ar\/rlr\/wp-json\/wp\/v2\/posts\/85869","targetHints":{"allow":["GET"]}}],"collection":[{"href":"https:\/\/radiolarioja.com.ar\/rlr\/wp-json\/wp\/v2\/posts"}],"about":[{"href":"https:\/\/radiolarioja.com.ar\/rlr\/wp-json\/wp\/v2\/types\/post"}],"author":[{"embeddable":true,"href":"https:\/\/radiolarioja.com.ar\/rlr\/wp-json\/wp\/v2\/users\/2"}],"replies":[{"embeddable":true,"href":"https:\/\/radiolarioja.com.ar\/rlr\/wp-json\/wp\/v2\/comments?post=85869"}],"version-history":[{"count":2,"href":"https:\/\/radiolarioja.com.ar\/rlr\/wp-json\/wp\/v2\/posts\/85869\/revisions"}],"predecessor-version":[{"id":85886,"href":"https:\/\/radiolarioja.com.ar\/rlr\/wp-json\/wp\/v2\/posts\/85869\/revisions\/85886"}],"wp:featuredmedia":[{"embeddable":true,"href":"https:\/\/radiolarioja.com.ar\/rlr\/wp-json\/wp\/v2\/media\/85870"}],"wp:attachment":[{"href":"https:\/\/radiolarioja.com.ar\/rlr\/wp-json\/wp\/v2\/media?parent=85869"}],"wp:term":[{"taxonomy":"category","embeddable":true,"href":"https:\/\/radiolarioja.com.ar\/rlr\/wp-json\/wp\/v2\/categories?post=85869"},{"taxonomy":"post_tag","embeddable":true,"href":"https:\/\/radiolarioja.com.ar\/rlr\/wp-json\/wp\/v2\/tags?post=85869"}],"curies":[{"name":"wp","href":"https:\/\/api.w.org\/{rel}","templated":true}]}}