{"id":85866,"date":"2026-02-03T14:58:35","date_gmt":"2026-02-03T17:58:35","guid":{"rendered":"https:\/\/radiolarioja.com.ar\/rlr\/?p=85866"},"modified":"2026-02-03T14:58:36","modified_gmt":"2026-02-03T17:58:36","slug":"chepes-detuvieron-a-un-hombre-por-provocar-disturbios-y-portar-un-arma-blanca","status":"publish","type":"post","link":"https:\/\/radiolarioja.com.ar\/rlr\/chepes-detuvieron-a-un-hombre-por-provocar-disturbios-y-portar-un-arma-blanca\/","title":{"rendered":"Chepes: detuvieron a un hombre por provocar disturbios y portar un arma blanca"},"content":{"rendered":"\n<p>Un hombre fue detenido durante la madrugada en la ciudad de Chepes luego de protagonizar disturbios en la v\u00eda p\u00fablica y ser sorprendido portando un arma blanca, informaron fuentes policiales.<\/p>\n\n\n\n<p>El procedimiento se llev\u00f3 a cabo cuando personal policial intervino ante un desorden ocasionado por un individuo que se encontraba en aparente estado de ebriedad. Al realizarle un control preventivo, los efectivos constataron que el sujeto llevaba un cuchillo entre sus prendas.<\/p>\n\n\n\n<p>Ante esta situaci\u00f3n, el hombre fue trasladado a la dependencia policial correspondiente, donde qued\u00f3 a disposici\u00f3n de la autoridad judicial interviniente. Seg\u00fan el parte oficial, no se registraron personas lesionadas durante el hecho.<\/p>\n\n\n\n<p><\/p>\n","protected":false},"excerpt":{"rendered":"<p>Un hombre fue detenido durante la madrugada en la ciudad de Chepes luego de protagonizar disturbios en la<\/p>\n","protected":false},"author":2,"featured_media":85867,"comment_status":"open","ping_status":"open","sticky":false,"template":"","format":"standard","meta":{"footnotes":""},"categories":[17],"tags":[],"class_list":["post-85866","post","type-post","status-publish","format-standard","has-post-thumbnail","hentry","category-justicia"],"featured_image_urls":{"full":["https:\/\/radiolarioja.com.ar\/rlr\/wp-content\/uploads\/2026\/02\/FireShot-Capture-1508-2-Facebook-www.facebook.com_.png",525,345,false],"thumbnail":["https:\/\/radiolarioja.com.ar\/rlr\/wp-content\/uploads\/2026\/02\/FireShot-Capture-1508-2-Facebook-www.facebook.com_-150x150.png",150,150,true],"medium":["https:\/\/radiolarioja.com.ar\/rlr\/wp-content\/uploads\/2026\/02\/FireShot-Capture-1508-2-Facebook-www.facebook.com_-300x197.png",300,197,true],"medium_large":["https:\/\/radiolarioja.com.ar\/rlr\/wp-content\/uploads\/2026\/02\/FireShot-Capture-1508-2-Facebook-www.facebook.com_.png",525,345,false],"large":["https:\/\/radiolarioja.com.ar\/rlr\/wp-content\/uploads\/2026\/02\/FireShot-Capture-1508-2-Facebook-www.facebook.com_.png",525,345,false],"1536x1536":["https:\/\/radiolarioja.com.ar\/rlr\/wp-content\/uploads\/2026\/02\/FireShot-Capture-1508-2-Facebook-www.facebook.com_.png",525,345,false],"2048x2048":["https:\/\/radiolarioja.com.ar\/rlr\/wp-content\/uploads\/2026\/02\/FireShot-Capture-1508-2-Facebook-www.facebook.com_.png",525,345,false],"morenews-large":["https:\/\/radiolarioja.com.ar\/rlr\/wp-content\/uploads\/2026\/02\/FireShot-Capture-1508-2-Facebook-www.facebook.com_.png",525,345,false],"morenews-medium":["https:\/\/radiolarioja.com.ar\/rlr\/wp-content\/uploads\/2026\/02\/FireShot-Capture-1508-2-Facebook-www.facebook.com_.png",525,345,false]},"author_info":{"info":["RadioLaRioja"]},"category_info":"<a href=\"https:\/\/radiolarioja.com.ar\/rlr\/category\/justicia\/\" rel=\"category tag\">Justicia<\/a>","tag_info":"Justicia","comment_count":"0","_links":{"self":[{"href":"https:\/\/radiolarioja.com.ar\/rlr\/wp-json\/wp\/v2\/posts\/85866","targetHints":{"allow":["GET"]}}],"collection":[{"href":"https:\/\/radiolarioja.com.ar\/rlr\/wp-json\/wp\/v2\/posts"}],"about":[{"href":"https:\/\/radiolarioja.com.ar\/rlr\/wp-json\/wp\/v2\/types\/post"}],"author":[{"embeddable":true,"href":"https:\/\/radiolarioja.com.ar\/rlr\/wp-json\/wp\/v2\/users\/2"}],"replies":[{"embeddable":true,"href":"https:\/\/radiolarioja.com.ar\/rlr\/wp-json\/wp\/v2\/comments?post=85866"}],"version-history":[{"count":1,"href":"https:\/\/radiolarioja.com.ar\/rlr\/wp-json\/wp\/v2\/posts\/85866\/revisions"}],"predecessor-version":[{"id":85868,"href":"https:\/\/radiolarioja.com.ar\/rlr\/wp-json\/wp\/v2\/posts\/85866\/revisions\/85868"}],"wp:featuredmedia":[{"embeddable":true,"href":"https:\/\/radiolarioja.com.ar\/rlr\/wp-json\/wp\/v2\/media\/85867"}],"wp:attachment":[{"href":"https:\/\/radiolarioja.com.ar\/rlr\/wp-json\/wp\/v2\/media?parent=85866"}],"wp:term":[{"taxonomy":"category","embeddable":true,"href":"https:\/\/radiolarioja.com.ar\/rlr\/wp-json\/wp\/v2\/categories?post=85866"},{"taxonomy":"post_tag","embeddable":true,"href":"https:\/\/radiolarioja.com.ar\/rlr\/wp-json\/wp\/v2\/tags?post=85866"}],"curies":[{"name":"wp","href":"https:\/\/api.w.org\/{rel}","templated":true}]}}