{"id":85859,"date":"2026-02-03T14:43:18","date_gmt":"2026-02-03T17:43:18","guid":{"rendered":"https:\/\/radiolarioja.com.ar\/rlr\/?p=85859"},"modified":"2026-02-03T14:43:19","modified_gmt":"2026-02-03T17:43:19","slug":"el-numero-de-trabajadores-en-ministerios-y-empresas-estatales-se-redujo-drasticamente-los-efectos-de-la-politica-de-recorte","status":"publish","type":"post","link":"https:\/\/radiolarioja.com.ar\/rlr\/el-numero-de-trabajadores-en-ministerios-y-empresas-estatales-se-redujo-drasticamente-los-efectos-de-la-politica-de-recorte\/","title":{"rendered":"El n\u00famero de trabajadores en ministerios y empresas estatales se redujo dr\u00e1sticamente. Los efectos de la pol\u00edtica de recorte"},"content":{"rendered":"\n<p>Antes de asumir la presidencia y cuando todav\u00eda no era candidato, Javier Milei ya hablaba de reducir el Estado y eliminar ministerios y oficinas que -de acuerdo con sus propias palabras- no serv\u00edan para nada y produc\u00edan gastos innecesarios.<br>Una vez sentado en el sill\u00f3n de Rivadavia, el recorte del gasto p\u00fablico se convirti\u00f3 en una pol\u00edtica de estado y, en ese sentido, el Instituto Nacional de Estad\u00edsticas y Censos (Indec) public\u00f3 un informe donde detall\u00f3 que \u00e1reas sufrieron recortes para llega al objetivo del super\u00e1vit con la aplicaci\u00f3n de la famosa \u00abmotosierra\u00bb.<br>Los n\u00fameros que difundi\u00f3 el Indec<br>En noviembre, el organismo que comand\u00f3 hasta el d\u00eda de hoy Marco Lavagna dio a conocer un informe al que denomin\u00f3 \u201cDotaci\u00f3n del Personal\u00bb, en el que pudo determinar que hasta antes de la asunci\u00f3n de Milei (es decir en noviembre de 2023), el pa\u00eds ten\u00eda unos 338.392 empleados estatales activos, mientras que, en diciembre de 2025, ese n\u00famero se redujo a 280.120. Esto quiere decir que unas 58.272 personas dejaron de cumplir tareas para el Estado.<br>Sin embargo, el recorte m\u00e1s grande lo hizo en la administraci\u00f3n central, donde fueron cesanteadas 36.992 personas. En noviembre de 2023 contaba con 227.928 empleados p\u00fablicos trabajando directamente para el Gobierno. Actualmente hay 190.936 trabajadores.<br>Las empresas estatales tambi\u00e9n sufrieron recortes, donde se contabilizaron 21.280 personas menos en el mismo per\u00edodo. Mientras a finales de 2023 hab\u00eda 110.464 trabajadores, en diciembre del a\u00f1o pasado s\u00f3lo quedaban 89.184.<br>A pesar de que el informe toma en cuenta el per\u00edodo comprendido entre noviembre de 2023 y diciembre de 2025, entre el \u00faltimo mes de 2024 y 2025 la planta de empleados p\u00fablicos pas\u00f3 de 301.862 a 280.120 personas, lo que se traduce en una baja de 21.742 puestos de trabajo en doce meses.<br>En el mismo per\u00edodo, la cantidad de empleados estatales pas\u00f3 de 196.481 en diciembre de 2024 a 190.936 en diciembre de 2025, lo que implica una disminuci\u00f3n 5.545 personas y una ca\u00edda interanual del 7,1%, seg\u00fan consigna el portal Infobae.<\/p>\n\n\n\n<p><\/p>\n","protected":false},"excerpt":{"rendered":"<p>Antes de asumir la presidencia y cuando todav\u00eda no era candidato, Javier Milei ya hablaba de reducir el<\/p>\n","protected":false},"author":2,"featured_media":85860,"comment_status":"open","ping_status":"open","sticky":false,"template":"","format":"standard","meta":{"footnotes":""},"categories":[15,19],"tags":[],"class_list":["post-85859","post","type-post","status-publish","format-standard","has-post-thumbnail","hentry","category-nacional","category-sociedad"],"featured_image_urls":{"full":["https:\/\/radiolarioja.com.ar\/rlr\/wp-content\/uploads\/2026\/02\/images-14.jpg",275,183,false],"thumbnail":["https:\/\/radiolarioja.com.ar\/rlr\/wp-content\/uploads\/2026\/02\/images-14-150x150.jpg",150,150,true],"medium":["https:\/\/radiolarioja.com.ar\/rlr\/wp-content\/uploads\/2026\/02\/images-14.jpg",275,183,false],"medium_large":["https:\/\/radiolarioja.com.ar\/rlr\/wp-content\/uploads\/2026\/02\/images-14.jpg",275,183,false],"large":["https:\/\/radiolarioja.com.ar\/rlr\/wp-content\/uploads\/2026\/02\/images-14.jpg",275,183,false],"1536x1536":["https:\/\/radiolarioja.com.ar\/rlr\/wp-content\/uploads\/2026\/02\/images-14.jpg",275,183,false],"2048x2048":["https:\/\/radiolarioja.com.ar\/rlr\/wp-content\/uploads\/2026\/02\/images-14.jpg",275,183,false],"morenews-large":["https:\/\/radiolarioja.com.ar\/rlr\/wp-content\/uploads\/2026\/02\/images-14.jpg",275,183,false],"morenews-medium":["https:\/\/radiolarioja.com.ar\/rlr\/wp-content\/uploads\/2026\/02\/images-14.jpg",275,183,false]},"author_info":{"info":["RadioLaRioja"]},"category_info":"<a href=\"https:\/\/radiolarioja.com.ar\/rlr\/category\/nacional\/\" rel=\"category tag\">Nacional<\/a> <a href=\"https:\/\/radiolarioja.com.ar\/rlr\/category\/sociedad\/\" rel=\"category tag\">Sociedad<\/a>","tag_info":"Sociedad","comment_count":"0","_links":{"self":[{"href":"https:\/\/radiolarioja.com.ar\/rlr\/wp-json\/wp\/v2\/posts\/85859","targetHints":{"allow":["GET"]}}],"collection":[{"href":"https:\/\/radiolarioja.com.ar\/rlr\/wp-json\/wp\/v2\/posts"}],"about":[{"href":"https:\/\/radiolarioja.com.ar\/rlr\/wp-json\/wp\/v2\/types\/post"}],"author":[{"embeddable":true,"href":"https:\/\/radiolarioja.com.ar\/rlr\/wp-json\/wp\/v2\/users\/2"}],"replies":[{"embeddable":true,"href":"https:\/\/radiolarioja.com.ar\/rlr\/wp-json\/wp\/v2\/comments?post=85859"}],"version-history":[{"count":1,"href":"https:\/\/radiolarioja.com.ar\/rlr\/wp-json\/wp\/v2\/posts\/85859\/revisions"}],"predecessor-version":[{"id":85861,"href":"https:\/\/radiolarioja.com.ar\/rlr\/wp-json\/wp\/v2\/posts\/85859\/revisions\/85861"}],"wp:featuredmedia":[{"embeddable":true,"href":"https:\/\/radiolarioja.com.ar\/rlr\/wp-json\/wp\/v2\/media\/85860"}],"wp:attachment":[{"href":"https:\/\/radiolarioja.com.ar\/rlr\/wp-json\/wp\/v2\/media?parent=85859"}],"wp:term":[{"taxonomy":"category","embeddable":true,"href":"https:\/\/radiolarioja.com.ar\/rlr\/wp-json\/wp\/v2\/categories?post=85859"},{"taxonomy":"post_tag","embeddable":true,"href":"https:\/\/radiolarioja.com.ar\/rlr\/wp-json\/wp\/v2\/tags?post=85859"}],"curies":[{"name":"wp","href":"https:\/\/api.w.org\/{rel}","templated":true}]}}