{"id":85856,"date":"2026-02-03T14:41:31","date_gmt":"2026-02-03T17:41:31","guid":{"rendered":"https:\/\/radiolarioja.com.ar\/rlr\/?p=85856"},"modified":"2026-02-03T14:41:33","modified_gmt":"2026-02-03T17:41:33","slug":"carrefour-cerro-en-salta-para-apostar-a-los-formatos-express-son-locales-mas-pequenos-con-menor-estructura-y-menos-personal","status":"publish","type":"post","link":"https:\/\/radiolarioja.com.ar\/rlr\/carrefour-cerro-en-salta-para-apostar-a-los-formatos-express-son-locales-mas-pequenos-con-menor-estructura-y-menos-personal\/","title":{"rendered":"Carrefour cerr\u00f3 en Salta para apostar a los formatos Express: \u00abSon locales m\u00e1s peque\u00f1os con menor estructura y menos personal\u00bb"},"content":{"rendered":"\n<p><strong>El cierre de una sucursal de Carrefour en Salta tom\u00f3 por sorpresa tanto a los trabajadores como al sindicato de Comercio. As\u00ed lo afirm\u00f3 por Aries, \u00c1ngel Ortiz, secretario gremial del sector, quien remarc\u00f3 que la decisi\u00f3n de la empresa fue \u201crepentina\u201d y sin el proceso de anticipaci\u00f3n habitual en este tipo de situaciones<\/strong>.<\/p>\n\n\n\n<p>\u201cGeneralmente este tipo de cierres se produce con alguna anticipaci\u00f3n, no solo para los trabajadores sino tambi\u00e9n por cuestiones log\u00edsticas. En este caso fue bastante repentino\u201d, sostuvo Ortiz, al referirse a la forma en que se comunic\u00f3 la medida.<\/p>\n\n\n\n<p>Seg\u00fan explic\u00f3 el dirigente sindical, a mediados de diciembre la empresa hab\u00eda deslizado la posibilidad de no renovar el contrato de alquiler del local, pero esa versi\u00f3n no se confirm\u00f3 en ese momento. Sin embargo, quince d\u00edas despu\u00e9s, ya en los primeros d\u00edas de enero, la firma se comunic\u00f3 directamente con los empleados para informarles que la sucursal cerrar\u00eda definitivamente el 31 de enero.<\/p>\n\n\n\n<p>Ortiz indic\u00f3 que el gremio mantuvo conversaciones tanto con la empresa como con los empleados afectados y confirm\u00f3 que la mayor\u00eda ser\u00e1 reubicada. \u201cVan a ser reubicados 17 trabajadores en otras sucursales que tiene la cadena\u201d, explic\u00f3. En total, eran 18 empleados, de los cuales dos acordaron con la empresa la extinci\u00f3n de su v\u00ednculo laboral.<\/p>\n\n\n\n<p>El secretario gremial contextualiz\u00f3 el cierre dentro de un proceso m\u00e1s amplio de transformaci\u00f3n del sector supermercadista. Seg\u00fan detall\u00f3, Carrefour viene dejando atr\u00e1s las grandes superficies para apostar a los formatos Express, locales m\u00e1s peque\u00f1os con menor estructura y menos personal.<\/p>\n\n\n\n<p>\u201cEs una transformaci\u00f3n que ya se ve en Buenos Aires, Rosario, C\u00f3rdoba y ahora tambi\u00e9n en Salta. Se dejan las grandes superficies y se pasa a peque\u00f1os supermercados o almacenes bajo la modalidad Express\u201d, explic\u00f3.<\/p>\n\n\n\n<p>En ese sentido, mencion\u00f3 el crecimiento de los centros comerciales a cielo abierto en la ciudad y en zonas como San Lorenzo, en contraste con la escasez de shoppings cerrados. \u201cEn Salta pr\u00e1cticamente queda uno solo, el resto son abiertos\u201d, indic\u00f3.<\/p>\n\n\n\n<p>Ortiz tambi\u00e9n advirti\u00f3 que este nuevo esquema implica una reducci\u00f3n significativa de puestos laborales. Seg\u00fan explic\u00f3, la empresa eval\u00faa abrir hasta tres minimercados en la zona de San Lorenzo Chico, con un plantel que no superar\u00eda los seis o siete trabajadores por local.<\/p>\n\n\n\n<p>\u201cEsto demuestra que la atenci\u00f3n que antes se brindaba en grandes unidades de negocio ahora se cumple con menor cantidad de trabajadores. Es un cambio profundo en el modelo de comercio, impulsado tambi\u00e9n por los altos costos de alquiler y la necesidad de achicar gastos\u201d, concluy\u00f3.<\/p>\n","protected":false},"excerpt":{"rendered":"<p>El cierre de una sucursal de Carrefour en Salta tom\u00f3 por sorpresa tanto a los trabajadores como al<\/p>\n","protected":false},"author":2,"featured_media":85857,"comment_status":"open","ping_status":"open","sticky":false,"template":"","format":"standard","meta":{"footnotes":""},"categories":[15],"tags":[],"class_list":["post-85856","post","type-post","status-publish","format-standard","has-post-thumbnail","hentry","category-nacional"],"featured_image_urls":{"full":["https:\/\/radiolarioja.com.ar\/rlr\/wp-content\/uploads\/2026\/02\/00000000000000165.jpg",1024,600,false],"thumbnail":["https:\/\/radiolarioja.com.ar\/rlr\/wp-content\/uploads\/2026\/02\/00000000000000165-150x150.jpg",150,150,true],"medium":["https:\/\/radiolarioja.com.ar\/rlr\/wp-content\/uploads\/2026\/02\/00000000000000165-300x176.jpg",300,176,true],"medium_large":["https:\/\/radiolarioja.com.ar\/rlr\/wp-content\/uploads\/2026\/02\/00000000000000165-768x450.jpg",640,375,true],"large":["https:\/\/radiolarioja.com.ar\/rlr\/wp-content\/uploads\/2026\/02\/00000000000000165.jpg",640,375,false],"1536x1536":["https:\/\/radiolarioja.com.ar\/rlr\/wp-content\/uploads\/2026\/02\/00000000000000165.jpg",1024,600,false],"2048x2048":["https:\/\/radiolarioja.com.ar\/rlr\/wp-content\/uploads\/2026\/02\/00000000000000165.jpg",1024,600,false],"morenews-large":["https:\/\/radiolarioja.com.ar\/rlr\/wp-content\/uploads\/2026\/02\/00000000000000165-825x575.jpg",825,575,true],"morenews-medium":["https:\/\/radiolarioja.com.ar\/rlr\/wp-content\/uploads\/2026\/02\/00000000000000165-590x410.jpg",590,410,true]},"author_info":{"info":["RadioLaRioja"]},"category_info":"<a href=\"https:\/\/radiolarioja.com.ar\/rlr\/category\/nacional\/\" rel=\"category tag\">Nacional<\/a>","tag_info":"Nacional","comment_count":"0","_links":{"self":[{"href":"https:\/\/radiolarioja.com.ar\/rlr\/wp-json\/wp\/v2\/posts\/85856","targetHints":{"allow":["GET"]}}],"collection":[{"href":"https:\/\/radiolarioja.com.ar\/rlr\/wp-json\/wp\/v2\/posts"}],"about":[{"href":"https:\/\/radiolarioja.com.ar\/rlr\/wp-json\/wp\/v2\/types\/post"}],"author":[{"embeddable":true,"href":"https:\/\/radiolarioja.com.ar\/rlr\/wp-json\/wp\/v2\/users\/2"}],"replies":[{"embeddable":true,"href":"https:\/\/radiolarioja.com.ar\/rlr\/wp-json\/wp\/v2\/comments?post=85856"}],"version-history":[{"count":1,"href":"https:\/\/radiolarioja.com.ar\/rlr\/wp-json\/wp\/v2\/posts\/85856\/revisions"}],"predecessor-version":[{"id":85858,"href":"https:\/\/radiolarioja.com.ar\/rlr\/wp-json\/wp\/v2\/posts\/85856\/revisions\/85858"}],"wp:featuredmedia":[{"embeddable":true,"href":"https:\/\/radiolarioja.com.ar\/rlr\/wp-json\/wp\/v2\/media\/85857"}],"wp:attachment":[{"href":"https:\/\/radiolarioja.com.ar\/rlr\/wp-json\/wp\/v2\/media?parent=85856"}],"wp:term":[{"taxonomy":"category","embeddable":true,"href":"https:\/\/radiolarioja.com.ar\/rlr\/wp-json\/wp\/v2\/categories?post=85856"},{"taxonomy":"post_tag","embeddable":true,"href":"https:\/\/radiolarioja.com.ar\/rlr\/wp-json\/wp\/v2\/tags?post=85856"}],"curies":[{"name":"wp","href":"https:\/\/api.w.org\/{rel}","templated":true}]}}