{"id":85852,"date":"2026-02-03T14:39:21","date_gmt":"2026-02-03T17:39:21","guid":{"rendered":"https:\/\/radiolarioja.com.ar\/rlr\/?p=85852"},"modified":"2026-02-03T14:39:21","modified_gmt":"2026-02-03T17:39:21","slug":"asaltan-a-un-conductor-de-uber-en-la-zona-sur-de-la-ciudad","status":"publish","type":"post","link":"https:\/\/radiolarioja.com.ar\/rlr\/asaltan-a-un-conductor-de-uber-en-la-zona-sur-de-la-ciudad\/","title":{"rendered":"Asaltan a un conductor de Uber en la zona sur de la ciudad"},"content":{"rendered":"\n<p>Un conductor de Uber de 21 a\u00f1os fue v\u00edctima de un robo durante la madrugada de este martes en la zona sur de la ciudad, luego de finalizar un viaje solicitado a trav\u00e9s de la aplicaci\u00f3n.<\/p>\n\n\n\n<p>Seg\u00fan informaron fuentes policiales, el hecho ocurri\u00f3 cuando el joven descendi\u00f3 a una pasajera en una intersecci\u00f3n del sector sur y, al intentar retirarse del lugar, fue interceptado por dos motocicletas, en las que se desplazaban dos individuos. Los agresores se colocaron a la par del veh\u00edculo y, mediante amenazas verbales, le exigieron que entregara sus pertenencias al grito de \u201cdame todo\u201d.<\/p>\n\n\n\n<p>Ante la intimidaci\u00f3n, el conductor entreg\u00f3 una ri\u00f1onera que conten\u00eda un tel\u00e9fono celular, auriculares inal\u00e1mbricos, una billetera con documentaci\u00f3n personal, tarjetas y dinero en efectivo. Tras concretar el asalto, los autores se dieron a la fuga por calles aleda\u00f1as.<\/p>\n\n\n\n<p>El episodio fue denunciado en la dependencia policial correspondiente y, de acuerdo al parte oficial, no se registraron personas lesionadas. La investigaci\u00f3n qued\u00f3 a cargo de las autoridades para dar con los responsables del hecho.<\/p>\n\n\n\n<p><\/p>\n","protected":false},"excerpt":{"rendered":"<p>Un conductor de Uber de 21 a\u00f1os fue v\u00edctima de un robo durante la madrugada de este martes<\/p>\n","protected":false},"author":2,"featured_media":85854,"comment_status":"open","ping_status":"open","sticky":false,"template":"","format":"standard","meta":{"footnotes":""},"categories":[17],"tags":[],"class_list":["post-85852","post","type-post","status-publish","format-standard","has-post-thumbnail","hentry","category-justicia"],"featured_image_urls":{"full":["https:\/\/radiolarioja.com.ar\/rlr\/wp-content\/uploads\/2026\/02\/Gemini_Generated_Image_ub4pbmub4pbmub4p-1.png",1024,1024,false],"thumbnail":["https:\/\/radiolarioja.com.ar\/rlr\/wp-content\/uploads\/2026\/02\/Gemini_Generated_Image_ub4pbmub4pbmub4p-1-150x150.png",150,150,true],"medium":["https:\/\/radiolarioja.com.ar\/rlr\/wp-content\/uploads\/2026\/02\/Gemini_Generated_Image_ub4pbmub4pbmub4p-1-300x300.png",300,300,true],"medium_large":["https:\/\/radiolarioja.com.ar\/rlr\/wp-content\/uploads\/2026\/02\/Gemini_Generated_Image_ub4pbmub4pbmub4p-1-768x768.png",640,640,true],"large":["https:\/\/radiolarioja.com.ar\/rlr\/wp-content\/uploads\/2026\/02\/Gemini_Generated_Image_ub4pbmub4pbmub4p-1.png",640,640,false],"1536x1536":["https:\/\/radiolarioja.com.ar\/rlr\/wp-content\/uploads\/2026\/02\/Gemini_Generated_Image_ub4pbmub4pbmub4p-1.png",1024,1024,false],"2048x2048":["https:\/\/radiolarioja.com.ar\/rlr\/wp-content\/uploads\/2026\/02\/Gemini_Generated_Image_ub4pbmub4pbmub4p-1.png",1024,1024,false],"morenews-large":["https:\/\/radiolarioja.com.ar\/rlr\/wp-content\/uploads\/2026\/02\/Gemini_Generated_Image_ub4pbmub4pbmub4p-1-825x575.png",825,575,true],"morenews-medium":["https:\/\/radiolarioja.com.ar\/rlr\/wp-content\/uploads\/2026\/02\/Gemini_Generated_Image_ub4pbmub4pbmub4p-1-590x410.png",590,410,true]},"author_info":{"info":["RadioLaRioja"]},"category_info":"<a href=\"https:\/\/radiolarioja.com.ar\/rlr\/category\/justicia\/\" rel=\"category tag\">Justicia<\/a>","tag_info":"Justicia","comment_count":"0","_links":{"self":[{"href":"https:\/\/radiolarioja.com.ar\/rlr\/wp-json\/wp\/v2\/posts\/85852","targetHints":{"allow":["GET"]}}],"collection":[{"href":"https:\/\/radiolarioja.com.ar\/rlr\/wp-json\/wp\/v2\/posts"}],"about":[{"href":"https:\/\/radiolarioja.com.ar\/rlr\/wp-json\/wp\/v2\/types\/post"}],"author":[{"embeddable":true,"href":"https:\/\/radiolarioja.com.ar\/rlr\/wp-json\/wp\/v2\/users\/2"}],"replies":[{"embeddable":true,"href":"https:\/\/radiolarioja.com.ar\/rlr\/wp-json\/wp\/v2\/comments?post=85852"}],"version-history":[{"count":1,"href":"https:\/\/radiolarioja.com.ar\/rlr\/wp-json\/wp\/v2\/posts\/85852\/revisions"}],"predecessor-version":[{"id":85855,"href":"https:\/\/radiolarioja.com.ar\/rlr\/wp-json\/wp\/v2\/posts\/85852\/revisions\/85855"}],"wp:featuredmedia":[{"embeddable":true,"href":"https:\/\/radiolarioja.com.ar\/rlr\/wp-json\/wp\/v2\/media\/85854"}],"wp:attachment":[{"href":"https:\/\/radiolarioja.com.ar\/rlr\/wp-json\/wp\/v2\/media?parent=85852"}],"wp:term":[{"taxonomy":"category","embeddable":true,"href":"https:\/\/radiolarioja.com.ar\/rlr\/wp-json\/wp\/v2\/categories?post=85852"},{"taxonomy":"post_tag","embeddable":true,"href":"https:\/\/radiolarioja.com.ar\/rlr\/wp-json\/wp\/v2\/tags?post=85852"}],"curies":[{"name":"wp","href":"https:\/\/api.w.org\/{rel}","templated":true}]}}