{"id":85848,"date":"2026-02-03T14:25:46","date_gmt":"2026-02-03T17:25:46","guid":{"rendered":"https:\/\/radiolarioja.com.ar\/rlr\/?p=85848"},"modified":"2026-02-03T14:25:47","modified_gmt":"2026-02-03T17:25:47","slug":"sabias-como-se-alimento-el-ejercito-de-los-andes","status":"publish","type":"post","link":"https:\/\/radiolarioja.com.ar\/rlr\/sabias-como-se-alimento-el-ejercito-de-los-andes\/","title":{"rendered":"SAB\u00cdAS C\u00d3MO SE ALIMENT\u00d3 EL EJERCITO DE LOS ANDES?"},"content":{"rendered":"\n<p><strong>COMO SE ALIMENT\u00d3 EL EJERCITO DE LOS ANDES.<br><\/strong>por Matias Longoni \/ Pablo Camogli<br>Al parecer, cada soldado llev\u00f3 encima 3,5 kilos de charquican que deb\u00eda distribuir en raciones diarias durante 8 d\u00edas.<br>El historiador Pablo Camogli aborda espec\u00edficamente el problema de la log\u00edstica del cruce. Para la alimentaci\u00f3n de los hombres, dice, \u201cel ej\u00e9rcito transport\u00f3 3.500 arrobas de charqui (40.250 kilos)\u201d, carne que, al estar deshidratada, se conserva y pesa mucho menos. \u00c9l estima que se debieron requerir 143 mulas para ese transporte, restando lo que cada hombre llevaba en su mochila.<br>El ej\u00e9rcito de San Mart\u00edn tambi\u00e9n habr\u00eda llevado 600 vacas para disponer de carne fresca, a raz\u00f3n de una vaca cada cien hombres.<br>Agrega que la raci\u00f3n diaria inclu\u00eda 400 gramos de galleta por persona, durante 15 d\u00edas: 300 mulas m\u00e1s.<br>San Mart\u00edn hab\u00eda mandado acopiar las cebollas de todo Mendoza a fin de diciembre de 1816, pues serv\u00eda \u201ccomo medio de combatir la puna\u201d, o apunamiento.<br>Como no dispon\u00eda de cantimploras, hab\u00eda ordenado, en noviembre de 1816, que \u201ctodas las carnicer\u00edas de la ciudad y suburbios lleven, a la Maestranza, todas las astas de las reses que matan\u201d, para construir chifles (especie de cantimploras) para transportar el agua.<br>El ej\u00e9rcito tambi\u00e9n llev\u00f3 aguardiente y vino, presumiblemente en toneles. En condiciones tan precarias en un medio tan hostil, con horas sin sombra, vientos fort\u00edsimos y una variaci\u00f3n t\u00e9rmica enorme que por la noche es varios grados bajos cero, poco alimento, malestares y v\u00e9rtigo, accidentes y bajas, y todo para ir a un combate dif\u00edcil de prever, es probable que el vino fuera una ayuda indispensable. El aguardiente permitir\u00eda paliar el fr\u00edo y quiz\u00e1 tambi\u00e9n soportar mejor las heridas.<br>Para abrigar mejor a los soldados, San Mart\u00edn hab\u00eda mandado tambi\u00e9n buscar todos los restos de lana de Cuyo, para que metieran entre la ropa y acrecentaran el aislamiento t\u00e9rmico.<br>Tambi\u00e9n los animales precisaban alimento, en esa traves\u00eda por lugares donde definitivamente no hay pasturas. Seg\u00fan Camogli, solo en el paso de Los Patos, por donde habr\u00edan ido cerca de 7.000 mulas, \u201cse requirieron 341.250 kilos para alimentarlas durante todo el recorrido\u201d, a raz\u00f3n de 48,75 kilos de forraje para cada una durante la traves\u00eda. As\u00ed, habr\u00edan sido necesarias 2.650 mulas para ese acarreo.<br>San Mart\u00edn tambi\u00e9n hab\u00eda mandado a levantar 4.000 o 5.000 pieles de cordero para la montura de las mulas. Es que el aparejo pampeano, relleno y cubierto con paja, en situaci\u00f3n de hambre hac\u00eda correr el riesgo de que la mula se lo comiera, por lo que se recurri\u00f3 al chileno, que \u201crecubr\u00eda con cueros de carnero la albarda, la enjalma y toda la estructura que se cargaba sobre las mulas\u201d, dice Camogli.<br>San Mart\u00edn hab\u00eda mandado fabricar 1.200 bolsas de lona, para que cada soldado llevara granos \u201cpara dar dos o tres piensos a sus caballos, ya sea en alguna marcha forzada o en alg\u00fan otro servicio de los que continuamente son destinados\u201d.<br>Imagen: Alphonse Durand. El paso de los Andes, 1817. \u00d3leo sobre tela, 154 x 230 cm.<br>Colecci\u00f3n particular, Buenos Aires<\/p>\n\n\n\n<figure class=\"wp-block-image size-large\"><a href=\"https:\/\/radiolarioja.com.ar\/rlr\/wp-content\/uploads\/2026\/02\/622143587_4160734374165908_5740145479797013115_n-1.jpg\"><img fetchpriority=\"high\" decoding=\"async\" width=\"1024\" height=\"679\" src=\"https:\/\/radiolarioja.com.ar\/rlr\/wp-content\/uploads\/2026\/02\/622143587_4160734374165908_5740145479797013115_n-1-1024x679.jpg\" alt=\"\" class=\"wp-image-85850\" srcset=\"https:\/\/radiolarioja.com.ar\/rlr\/wp-content\/uploads\/2026\/02\/622143587_4160734374165908_5740145479797013115_n-1-1024x679.jpg 1024w, https:\/\/radiolarioja.com.ar\/rlr\/wp-content\/uploads\/2026\/02\/622143587_4160734374165908_5740145479797013115_n-1-300x199.jpg 300w, https:\/\/radiolarioja.com.ar\/rlr\/wp-content\/uploads\/2026\/02\/622143587_4160734374165908_5740145479797013115_n-1-768x509.jpg 768w, https:\/\/radiolarioja.com.ar\/rlr\/wp-content\/uploads\/2026\/02\/622143587_4160734374165908_5740145479797013115_n-1.jpg 1080w\" sizes=\"(max-width: 1024px) 100vw, 1024px\" \/><\/a><\/figure>\n","protected":false},"excerpt":{"rendered":"<p>COMO SE ALIMENT\u00d3 EL EJERCITO DE LOS ANDES.por Matias Longoni \/ Pablo CamogliAl parecer, cada soldado llev\u00f3 encima<\/p>\n","protected":false},"author":2,"featured_media":85849,"comment_status":"open","ping_status":"open","sticky":false,"template":"","format":"standard","meta":{"footnotes":""},"categories":[19],"tags":[],"class_list":["post-85848","post","type-post","status-publish","format-standard","has-post-thumbnail","hentry","category-sociedad"],"featured_image_urls":{"full":["https:\/\/radiolarioja.com.ar\/rlr\/wp-content\/uploads\/2026\/02\/622143587_4160734374165908_5740145479797013115_n.jpg",1080,716,false],"thumbnail":["https:\/\/radiolarioja.com.ar\/rlr\/wp-content\/uploads\/2026\/02\/622143587_4160734374165908_5740145479797013115_n-150x150.jpg",150,150,true],"medium":["https:\/\/radiolarioja.com.ar\/rlr\/wp-content\/uploads\/2026\/02\/622143587_4160734374165908_5740145479797013115_n-300x199.jpg",300,199,true],"medium_large":["https:\/\/radiolarioja.com.ar\/rlr\/wp-content\/uploads\/2026\/02\/622143587_4160734374165908_5740145479797013115_n-768x509.jpg",640,424,true],"large":["https:\/\/radiolarioja.com.ar\/rlr\/wp-content\/uploads\/2026\/02\/622143587_4160734374165908_5740145479797013115_n-1024x679.jpg",640,424,true],"1536x1536":["https:\/\/radiolarioja.com.ar\/rlr\/wp-content\/uploads\/2026\/02\/622143587_4160734374165908_5740145479797013115_n.jpg",1080,716,false],"2048x2048":["https:\/\/radiolarioja.com.ar\/rlr\/wp-content\/uploads\/2026\/02\/622143587_4160734374165908_5740145479797013115_n.jpg",1080,716,false],"morenews-large":["https:\/\/radiolarioja.com.ar\/rlr\/wp-content\/uploads\/2026\/02\/622143587_4160734374165908_5740145479797013115_n-825x575.jpg",825,575,true],"morenews-medium":["https:\/\/radiolarioja.com.ar\/rlr\/wp-content\/uploads\/2026\/02\/622143587_4160734374165908_5740145479797013115_n-590x410.jpg",590,410,true]},"author_info":{"info":["RadioLaRioja"]},"category_info":"<a href=\"https:\/\/radiolarioja.com.ar\/rlr\/category\/sociedad\/\" rel=\"category tag\">Sociedad<\/a>","tag_info":"Sociedad","comment_count":"0","_links":{"self":[{"href":"https:\/\/radiolarioja.com.ar\/rlr\/wp-json\/wp\/v2\/posts\/85848","targetHints":{"allow":["GET"]}}],"collection":[{"href":"https:\/\/radiolarioja.com.ar\/rlr\/wp-json\/wp\/v2\/posts"}],"about":[{"href":"https:\/\/radiolarioja.com.ar\/rlr\/wp-json\/wp\/v2\/types\/post"}],"author":[{"embeddable":true,"href":"https:\/\/radiolarioja.com.ar\/rlr\/wp-json\/wp\/v2\/users\/2"}],"replies":[{"embeddable":true,"href":"https:\/\/radiolarioja.com.ar\/rlr\/wp-json\/wp\/v2\/comments?post=85848"}],"version-history":[{"count":1,"href":"https:\/\/radiolarioja.com.ar\/rlr\/wp-json\/wp\/v2\/posts\/85848\/revisions"}],"predecessor-version":[{"id":85851,"href":"https:\/\/radiolarioja.com.ar\/rlr\/wp-json\/wp\/v2\/posts\/85848\/revisions\/85851"}],"wp:featuredmedia":[{"embeddable":true,"href":"https:\/\/radiolarioja.com.ar\/rlr\/wp-json\/wp\/v2\/media\/85849"}],"wp:attachment":[{"href":"https:\/\/radiolarioja.com.ar\/rlr\/wp-json\/wp\/v2\/media?parent=85848"}],"wp:term":[{"taxonomy":"category","embeddable":true,"href":"https:\/\/radiolarioja.com.ar\/rlr\/wp-json\/wp\/v2\/categories?post=85848"},{"taxonomy":"post_tag","embeddable":true,"href":"https:\/\/radiolarioja.com.ar\/rlr\/wp-json\/wp\/v2\/tags?post=85848"}],"curies":[{"name":"wp","href":"https:\/\/api.w.org\/{rel}","templated":true}]}}