{"id":85840,"date":"2026-02-03T14:21:11","date_gmt":"2026-02-03T17:21:11","guid":{"rendered":"https:\/\/radiolarioja.com.ar\/rlr\/?p=85840"},"modified":"2026-02-03T14:22:04","modified_gmt":"2026-02-03T17:22:04","slug":"radio-nacional-am-870-renueva-su-programacion-con-bajas-regresos-y-nuevas-voces-como-la-de-adrian-korol","status":"publish","type":"post","link":"https:\/\/radiolarioja.com.ar\/rlr\/radio-nacional-am-870-renueva-su-programacion-con-bajas-regresos-y-nuevas-voces-como-la-de-adrian-korol\/","title":{"rendered":"Radio Nacional AM 870 renueva su programaci\u00f3n con bajas, regresos y nuevas voces como la de Adri\u00e1n Korol"},"content":{"rendered":"\n<p>Radio Nacional AM 870 anunci\u00f3 los cambios en su grilla de programaci\u00f3n para 2026, tras el final de varios contratos a fines del a\u00f1o pasado, y apuesta por una mezcla de voces hist\u00f3ricas y nuevas propuestas que se ir\u00e1n incorporando a lo largo de los pr\u00f3ximos d\u00edas.<\/p>\n\n\n\n<p>Entre las novedades m\u00e1s destacadas figura la incorporaci\u00f3n de Adri\u00e1n Korol, quien se suma a la emisora con su ciclo Korol en el aire, que se emitir\u00e1 de lunes a viernes de 10 a 13, luego de la apertura de la jornada informativa con Primer Round, conducido por Nicol\u00e1s Yacoy de 7 a 10.<\/p>\n\n\n\n<figure class=\"wp-block-image size-full\"><a href=\"https:\/\/radiolarioja.com.ar\/rlr\/wp-content\/uploads\/2026\/02\/adrian-ACIBQEZV5RCWLFGJ76XGK3IYJY.avif\"><img fetchpriority=\"high\" decoding=\"async\" width=\"880\" height=\"586\" src=\"https:\/\/radiolarioja.com.ar\/rlr\/wp-content\/uploads\/2026\/02\/adrian-ACIBQEZV5RCWLFGJ76XGK3IYJY.avif\" alt=\"\" class=\"wp-image-85843\"\/><\/a><\/figure>\n\n\n\n<p>Por la tarde, la programaci\u00f3n quedar\u00e1 en manos de Nora Briozzo, quien conducir\u00e1 100% Nora de 15 a 17, espacio que en 2025 se emiti\u00f3 solamente los domingos por la ma\u00f1ana.<\/p>\n\n\n\n<p>Adem\u00e1s, se confirm\u00f3 la llegada de Hern\u00e1n Mundo, acreditado en Casa Rosada y referente del servicio informativo de la radio oficial, quien estar\u00e1 al aire de 17 a 19 y conducir\u00e1 tambi\u00e9n un ciclo dominical por la ma\u00f1ana.<\/p>\n\n\n\n<p>A pesar de los movimientos en la grilla, la emisora mantendr\u00e1 varios de sus programas cl\u00e1sicos. Entre ellos se encuentran los Panorama Nacional de Noticias a las 6, 12.45 y 19 horas, y Pasi\u00f3n Nacional, la tira deportiva que ocupar\u00e1 la franja de 13.15 a 15 y de 20 a 21. Por la noche, la emisora recuperar\u00e1 el formato de ficci\u00f3n con Lo mejor de los Radio Teatros a las 23.<\/p>\n\n\n\n<p>Los cambios se producen luego de la salida de figuras relevantes como Hugo Macchiavelli, Diego Ramos y Adri\u00e1n Noriega, cuyos contratos finalizaron a fines de 2025, y reflejan un movimiento importante en la emisora oficial, que busca consolidar su identidad auditiva con un mix de profesionales consagrados y nuevas voces.<\/p>\n\n\n\n<figure class=\"wp-block-gallery has-nested-images columns-default is-cropped wp-block-gallery-1 is-layout-flex wp-block-gallery-is-layout-flex\">\n<figure class=\"wp-block-image size-large\"><a href=\"https:\/\/radiolarioja.com.ar\/rlr\/wp-content\/uploads\/2026\/02\/ivanna-conto-que-se-sintio-devastada-cuando-L7MYWZ5OOBE5NIZRBCFJH3QAGM.avif\"><img decoding=\"async\" width=\"780\" height=\"585\" data-id=\"85845\" src=\"https:\/\/radiolarioja.com.ar\/rlr\/wp-content\/uploads\/2026\/02\/ivanna-conto-que-se-sintio-devastada-cuando-L7MYWZ5OOBE5NIZRBCFJH3QAGM.avif\" alt=\"\" class=\"wp-image-85845\"\/><\/a><\/figure>\n\n\n\n<figure class=\"wp-block-image size-large\"><a href=\"https:\/\/radiolarioja.com.ar\/rlr\/wp-content\/uploads\/2026\/02\/atilio-costa-IVPKXOBDB5DP5ETZWFR7RJ3KHM.avif\"><img decoding=\"async\" width=\"780\" height=\"780\" data-id=\"85846\" src=\"https:\/\/radiolarioja.com.ar\/rlr\/wp-content\/uploads\/2026\/02\/atilio-costa-IVPKXOBDB5DP5ETZWFR7RJ3KHM.avif\" alt=\"\" class=\"wp-image-85846\"\/><\/a><\/figure>\n<\/figure>\n","protected":false},"excerpt":{"rendered":"<p>Radio Nacional AM 870 anunci\u00f3 los cambios en su grilla de programaci\u00f3n para 2026, tras el final de<\/p>\n","protected":false},"author":2,"featured_media":85841,"comment_status":"open","ping_status":"open","sticky":false,"template":"","format":"standard","meta":{"footnotes":""},"categories":[15],"tags":[],"class_list":["post-85840","post","type-post","status-publish","format-standard","has-post-thumbnail","hentry","category-nacional"],"featured_image_urls":{"full":["https:\/\/radiolarioja.com.ar\/rlr\/wp-content\/uploads\/2026\/02\/ZNMQPQZuINeA-radio-nacional-fachada-2-1024x639.jpg.webp",1024,639,false],"thumbnail":["https:\/\/radiolarioja.com.ar\/rlr\/wp-content\/uploads\/2026\/02\/ZNMQPQZuINeA-radio-nacional-fachada-2-1024x639.jpg-150x150.webp",150,150,true],"medium":["https:\/\/radiolarioja.com.ar\/rlr\/wp-content\/uploads\/2026\/02\/ZNMQPQZuINeA-radio-nacional-fachada-2-1024x639.jpg-300x187.webp",300,187,true],"medium_large":["https:\/\/radiolarioja.com.ar\/rlr\/wp-content\/uploads\/2026\/02\/ZNMQPQZuINeA-radio-nacional-fachada-2-1024x639.jpg-768x479.webp",640,399,true],"large":["https:\/\/radiolarioja.com.ar\/rlr\/wp-content\/uploads\/2026\/02\/ZNMQPQZuINeA-radio-nacional-fachada-2-1024x639.jpg.webp",640,399,false],"1536x1536":["https:\/\/radiolarioja.com.ar\/rlr\/wp-content\/uploads\/2026\/02\/ZNMQPQZuINeA-radio-nacional-fachada-2-1024x639.jpg.webp",1024,639,false],"2048x2048":["https:\/\/radiolarioja.com.ar\/rlr\/wp-content\/uploads\/2026\/02\/ZNMQPQZuINeA-radio-nacional-fachada-2-1024x639.jpg.webp",1024,639,false],"morenews-large":["https:\/\/radiolarioja.com.ar\/rlr\/wp-content\/uploads\/2026\/02\/ZNMQPQZuINeA-radio-nacional-fachada-2-1024x639.jpg-825x575.webp",825,575,true],"morenews-medium":["https:\/\/radiolarioja.com.ar\/rlr\/wp-content\/uploads\/2026\/02\/ZNMQPQZuINeA-radio-nacional-fachada-2-1024x639.jpg-590x410.webp",590,410,true]},"author_info":{"info":["RadioLaRioja"]},"category_info":"<a href=\"https:\/\/radiolarioja.com.ar\/rlr\/category\/nacional\/\" rel=\"category tag\">Nacional<\/a>","tag_info":"Nacional","comment_count":"0","_links":{"self":[{"href":"https:\/\/radiolarioja.com.ar\/rlr\/wp-json\/wp\/v2\/posts\/85840","targetHints":{"allow":["GET"]}}],"collection":[{"href":"https:\/\/radiolarioja.com.ar\/rlr\/wp-json\/wp\/v2\/posts"}],"about":[{"href":"https:\/\/radiolarioja.com.ar\/rlr\/wp-json\/wp\/v2\/types\/post"}],"author":[{"embeddable":true,"href":"https:\/\/radiolarioja.com.ar\/rlr\/wp-json\/wp\/v2\/users\/2"}],"replies":[{"embeddable":true,"href":"https:\/\/radiolarioja.com.ar\/rlr\/wp-json\/wp\/v2\/comments?post=85840"}],"version-history":[{"count":2,"href":"https:\/\/radiolarioja.com.ar\/rlr\/wp-json\/wp\/v2\/posts\/85840\/revisions"}],"predecessor-version":[{"id":85847,"href":"https:\/\/radiolarioja.com.ar\/rlr\/wp-json\/wp\/v2\/posts\/85840\/revisions\/85847"}],"wp:featuredmedia":[{"embeddable":true,"href":"https:\/\/radiolarioja.com.ar\/rlr\/wp-json\/wp\/v2\/media\/85841"}],"wp:attachment":[{"href":"https:\/\/radiolarioja.com.ar\/rlr\/wp-json\/wp\/v2\/media?parent=85840"}],"wp:term":[{"taxonomy":"category","embeddable":true,"href":"https:\/\/radiolarioja.com.ar\/rlr\/wp-json\/wp\/v2\/categories?post=85840"},{"taxonomy":"post_tag","embeddable":true,"href":"https:\/\/radiolarioja.com.ar\/rlr\/wp-json\/wp\/v2\/tags?post=85840"}],"curies":[{"name":"wp","href":"https:\/\/api.w.org\/{rel}","templated":true}]}}