{"id":84782,"date":"2026-01-16T00:40:30","date_gmt":"2026-01-16T03:40:30","guid":{"rendered":"https:\/\/radiolarioja.com.ar\/rlr\/?p=84782"},"modified":"2026-01-16T00:40:31","modified_gmt":"2026-01-16T03:40:31","slug":"arbol-de-gran-porte-cae-sobre-domicilios-y-afecta-servicios-en-la-rioja","status":"publish","type":"post","link":"https:\/\/radiolarioja.com.ar\/rlr\/arbol-de-gran-porte-cae-sobre-domicilios-y-afecta-servicios-en-la-rioja\/","title":{"rendered":"\u00c1rbol de Gran Porte Cae sobre Domicilios y Afecta Servicios en La Rioja"},"content":{"rendered":"\n<p>Un incidente inesperado tuvo lugar en la intersecci\u00f3n de avenida San Francisco y calle Cepeda, donde un \u00e1rbol de gran porte cay\u00f3 sobre dos domicilios, causando la interrupci\u00f3n de servicios el\u00e9ctricos y de telecomunicaciones al afectar cables en la zona.<\/p>\n\n\n\n<p>Equipos de Bomberos Voluntarios Ciudad de La Rioja, junto a unidades de Protecci\u00f3n Ciudadana, Defensa Civil y personal de EDELAR, se encuentran trabajando en el sitio para realizar tareas preventivas, con el objetivo de descartar riesgos y asegurar la integridad de los residentes de las viviendas afectadas.<\/p>\n\n\n\n<p>Las autoridades han recomendado a la poblaci\u00f3n evitar circular por la zona hasta que se completen las labores y se restablezcan las condiciones de seguridad. Hasta el momento, no se han reportado heridos. Los servicios de emergencia est\u00e1n enfocados en restablecer el suministro de energ\u00eda y asegurar la seguridad en el \u00e1rea afectada.<\/p>\n\n\n\n<figure class=\"wp-block-embed is-type-video is-provider-youtube wp-block-embed-youtube wp-embed-aspect-9-16 wp-has-aspect-ratio\"><div class=\"wp-block-embed__wrapper\">\n<iframe title=\"**\u00c1rbol de Gran Porte Cae sobre Domicilios y Afecta Servicios en La Rioja*\" width=\"540\" height=\"960\" src=\"https:\/\/www.youtube.com\/embed\/XcN8idx8djs?feature=oembed\" frameborder=\"0\" allow=\"accelerometer; autoplay; clipboard-write; encrypted-media; gyroscope; picture-in-picture; web-share\" referrerpolicy=\"strict-origin-when-cross-origin\" allowfullscreen><\/iframe>\n<\/div><\/figure>\n\n\n\n<figure class=\"wp-block-image size-full\"><a href=\"https:\/\/radiolarioja.com.ar\/rlr\/wp-content\/uploads\/2026\/01\/1003226374.jpg\"><img fetchpriority=\"high\" decoding=\"async\" width=\"876\" height=\"782\" src=\"https:\/\/radiolarioja.com.ar\/rlr\/wp-content\/uploads\/2026\/01\/1003226374.jpg\" alt=\"\" class=\"wp-image-84784\" srcset=\"https:\/\/radiolarioja.com.ar\/rlr\/wp-content\/uploads\/2026\/01\/1003226374.jpg 876w, https:\/\/radiolarioja.com.ar\/rlr\/wp-content\/uploads\/2026\/01\/1003226374-300x268.jpg 300w, https:\/\/radiolarioja.com.ar\/rlr\/wp-content\/uploads\/2026\/01\/1003226374-768x686.jpg 768w\" sizes=\"(max-width: 876px) 100vw, 876px\" \/><\/a><\/figure>\n","protected":false},"excerpt":{"rendered":"<p>Un incidente inesperado tuvo lugar en la intersecci\u00f3n de avenida San Francisco y calle Cepeda, donde un \u00e1rbol<\/p>\n","protected":false},"author":2,"featured_media":84784,"comment_status":"open","ping_status":"open","sticky":false,"template":"","format":"standard","meta":{"footnotes":""},"categories":[12],"tags":[],"class_list":["post-84782","post","type-post","status-publish","format-standard","has-post-thumbnail","hentry","category-local"],"featured_image_urls":{"full":["https:\/\/radiolarioja.com.ar\/rlr\/wp-content\/uploads\/2026\/01\/1003226374.jpg",876,782,false],"thumbnail":["https:\/\/radiolarioja.com.ar\/rlr\/wp-content\/uploads\/2026\/01\/1003226374-150x150.jpg",150,150,true],"medium":["https:\/\/radiolarioja.com.ar\/rlr\/wp-content\/uploads\/2026\/01\/1003226374-300x268.jpg",300,268,true],"medium_large":["https:\/\/radiolarioja.com.ar\/rlr\/wp-content\/uploads\/2026\/01\/1003226374-768x686.jpg",640,572,true],"large":["https:\/\/radiolarioja.com.ar\/rlr\/wp-content\/uploads\/2026\/01\/1003226374.jpg",640,571,false],"1536x1536":["https:\/\/radiolarioja.com.ar\/rlr\/wp-content\/uploads\/2026\/01\/1003226374.jpg",876,782,false],"2048x2048":["https:\/\/radiolarioja.com.ar\/rlr\/wp-content\/uploads\/2026\/01\/1003226374.jpg",876,782,false],"morenews-large":["https:\/\/radiolarioja.com.ar\/rlr\/wp-content\/uploads\/2026\/01\/1003226374-825x575.jpg",825,575,true],"morenews-medium":["https:\/\/radiolarioja.com.ar\/rlr\/wp-content\/uploads\/2026\/01\/1003226374-590x410.jpg",590,410,true]},"author_info":{"info":["RadioLaRioja"]},"category_info":"<a href=\"https:\/\/radiolarioja.com.ar\/rlr\/category\/local\/\" rel=\"category tag\">Local<\/a>","tag_info":"Local","comment_count":"0","_links":{"self":[{"href":"https:\/\/radiolarioja.com.ar\/rlr\/wp-json\/wp\/v2\/posts\/84782","targetHints":{"allow":["GET"]}}],"collection":[{"href":"https:\/\/radiolarioja.com.ar\/rlr\/wp-json\/wp\/v2\/posts"}],"about":[{"href":"https:\/\/radiolarioja.com.ar\/rlr\/wp-json\/wp\/v2\/types\/post"}],"author":[{"embeddable":true,"href":"https:\/\/radiolarioja.com.ar\/rlr\/wp-json\/wp\/v2\/users\/2"}],"replies":[{"embeddable":true,"href":"https:\/\/radiolarioja.com.ar\/rlr\/wp-json\/wp\/v2\/comments?post=84782"}],"version-history":[{"count":1,"href":"https:\/\/radiolarioja.com.ar\/rlr\/wp-json\/wp\/v2\/posts\/84782\/revisions"}],"predecessor-version":[{"id":84785,"href":"https:\/\/radiolarioja.com.ar\/rlr\/wp-json\/wp\/v2\/posts\/84782\/revisions\/84785"}],"wp:featuredmedia":[{"embeddable":true,"href":"https:\/\/radiolarioja.com.ar\/rlr\/wp-json\/wp\/v2\/media\/84784"}],"wp:attachment":[{"href":"https:\/\/radiolarioja.com.ar\/rlr\/wp-json\/wp\/v2\/media?parent=84782"}],"wp:term":[{"taxonomy":"category","embeddable":true,"href":"https:\/\/radiolarioja.com.ar\/rlr\/wp-json\/wp\/v2\/categories?post=84782"},{"taxonomy":"post_tag","embeddable":true,"href":"https:\/\/radiolarioja.com.ar\/rlr\/wp-json\/wp\/v2\/tags?post=84782"}],"curies":[{"name":"wp","href":"https:\/\/api.w.org\/{rel}","templated":true}]}}