{"id":84762,"date":"2026-01-15T20:20:45","date_gmt":"2026-01-15T23:20:45","guid":{"rendered":"https:\/\/radiolarioja.com.ar\/rlr\/?p=84762"},"modified":"2026-01-15T20:20:46","modified_gmt":"2026-01-15T23:20:46","slug":"el-presidente-javier-milei-podria-visitar-la-provincia-de-la-rioja-en-febrero","status":"publish","type":"post","link":"https:\/\/radiolarioja.com.ar\/rlr\/el-presidente-javier-milei-podria-visitar-la-provincia-de-la-rioja-en-febrero\/","title":{"rendered":"El Presidente Javier Milei podr\u00eda visitar la provincia de La Rioja en febrero"},"content":{"rendered":"\n<p>Casa Rosada est\u00e1 organizando una recorrida por el interior del pa\u00eds que implica visitas del jefe de Estado a dos provincias al mes. Arranca el viernes en C\u00f3rdoba. En esa agenda presidencial, La Rioja podr\u00eda estar prevista para febrero junto a Jujuy.<\/p>\n\n\n\n<p>El presidente Javier Milei comenzar\u00e1 una gira por el interior del pa\u00eds con la mirada puesta en las elecciones presidenciales de 2027. Con la intenci\u00f3n de fortalecer el sello de La Libertad Avanza en las provincias, el mandatario iniciar\u00e1 su recorrida esta semana en y luego continuar\u00e1 por la provincia de Buenos Aires.<\/p>\n\n\n\n<p>De este modo, el dirigente libertario pondr\u00e1 en marcha un plan que&nbsp;<strong>prev\u00e9 visitar al menos dos provincias por mes<\/strong>&nbsp;y La Rioja en principio figura podr\u00eda estar incluida para febrero pero no hay confirmaci\u00f3n oficial.<\/p>\n\n\n\n<p>Con esa premisa, en La Libertad Avanza apuestan a multiplicar su presencia en el interior del pa\u00eds e incluso eval\u00faan replicar las reuniones de equipo en distintas provincias.<\/p>\n\n\n\n<p>En concreto, el pr\u00f3ximo viernes 16 de enero, Milei inaugurar\u00e1 su agenda del a\u00f1o en la ciudad de<strong>&nbsp;Jes\u00fas Mar\u00eda<\/strong>, en el norte de C\u00f3rdoba, donde participar\u00e1 del&nbsp;<strong>tradicional festival de folclore<\/strong>.<\/p>\n\n\n\n<p>Hacia finales de mes, el jefe de Estado participar\u00e1 del<strong>&nbsp;Foro Econ\u00f3mico de Davos<\/strong>&nbsp;y luego prev\u00e9 visitar&nbsp;<strong>Mar del Plata<\/strong>. All\u00ed est\u00e1 previsto que el libertario encabece una recorrida por la zona c\u00e9ntrica de la ciudad, escoltado por&nbsp;<strong>Karina Milei<\/strong>.<\/p>\n\n\n\n<p>Desde una mirada pol\u00edtica, no resulta casual que los primeros destinos de la gira sean C\u00f3rdoba y la provincia de Buenos Aires. En ambos distritos, los gobernadores&nbsp;<strong>Mart\u00edn Llaryora<\/strong>&nbsp;y&nbsp;<strong>Axel Kicillof<\/strong>&nbsp;han mantenido una relaci\u00f3n compleja con la Casa Rosada, especialmente el mandatario bonaerense ha sido entre los m\u00e1s cr\u00edticos de la gesti\u00f3n nacional.<\/p>\n\n\n\n<p>Por este motivo, en las filas libertarias ya se mueven con vistas a las elecciones de 2027, tanto a nivel presidencial como provincial.<\/p>\n\n\n\n<p>Si bien la hoja de ruta se encuentra en plena elaboraci\u00f3n, los pr\u00f3ximos viajes del presidente continuar\u00edan en&nbsp;<strong>febrero,<\/strong>&nbsp;cuando visite&nbsp;<strong>La Rioja<\/strong>, donde su referente es el presidente de la C\u00e1mara de Diputados,&nbsp;<strong>Mart\u00edn Menem<\/strong>. Luego, la gira seguir\u00eda por&nbsp;<strong>Jujuy<\/strong>&nbsp;o Santiago del Estero.<\/p>\n\n\n\n<figure class=\"wp-block-image size-large\"><a href=\"https:\/\/radiolarioja.com.ar\/rlr\/wp-content\/uploads\/2026\/01\/ChatGPT-Image-15-ene-2026-20_19_51.png\"><img fetchpriority=\"high\" decoding=\"async\" width=\"1024\" height=\"683\" src=\"https:\/\/radiolarioja.com.ar\/rlr\/wp-content\/uploads\/2026\/01\/ChatGPT-Image-15-ene-2026-20_19_51-1024x683.png\" alt=\"\" class=\"wp-image-84763\" srcset=\"https:\/\/radiolarioja.com.ar\/rlr\/wp-content\/uploads\/2026\/01\/ChatGPT-Image-15-ene-2026-20_19_51-1024x683.png 1024w, https:\/\/radiolarioja.com.ar\/rlr\/wp-content\/uploads\/2026\/01\/ChatGPT-Image-15-ene-2026-20_19_51-300x200.png 300w, https:\/\/radiolarioja.com.ar\/rlr\/wp-content\/uploads\/2026\/01\/ChatGPT-Image-15-ene-2026-20_19_51-768x512.png 768w, https:\/\/radiolarioja.com.ar\/rlr\/wp-content\/uploads\/2026\/01\/ChatGPT-Image-15-ene-2026-20_19_51.png 1536w\" sizes=\"(max-width: 1024px) 100vw, 1024px\" \/><\/a><\/figure>\n","protected":false},"excerpt":{"rendered":"<p>Casa Rosada est\u00e1 organizando una recorrida por el interior del pa\u00eds que implica visitas del jefe de Estado<\/p>\n","protected":false},"author":2,"featured_media":84763,"comment_status":"open","ping_status":"open","sticky":false,"template":"","format":"standard","meta":{"footnotes":""},"categories":[12],"tags":[],"class_list":["post-84762","post","type-post","status-publish","format-standard","has-post-thumbnail","hentry","category-local"],"featured_image_urls":{"full":["https:\/\/radiolarioja.com.ar\/rlr\/wp-content\/uploads\/2026\/01\/ChatGPT-Image-15-ene-2026-20_19_51.png",1536,1024,false],"thumbnail":["https:\/\/radiolarioja.com.ar\/rlr\/wp-content\/uploads\/2026\/01\/ChatGPT-Image-15-ene-2026-20_19_51-150x150.png",150,150,true],"medium":["https:\/\/radiolarioja.com.ar\/rlr\/wp-content\/uploads\/2026\/01\/ChatGPT-Image-15-ene-2026-20_19_51-300x200.png",300,200,true],"medium_large":["https:\/\/radiolarioja.com.ar\/rlr\/wp-content\/uploads\/2026\/01\/ChatGPT-Image-15-ene-2026-20_19_51-768x512.png",640,427,true],"large":["https:\/\/radiolarioja.com.ar\/rlr\/wp-content\/uploads\/2026\/01\/ChatGPT-Image-15-ene-2026-20_19_51-1024x683.png",640,427,true],"1536x1536":["https:\/\/radiolarioja.com.ar\/rlr\/wp-content\/uploads\/2026\/01\/ChatGPT-Image-15-ene-2026-20_19_51.png",1536,1024,false],"2048x2048":["https:\/\/radiolarioja.com.ar\/rlr\/wp-content\/uploads\/2026\/01\/ChatGPT-Image-15-ene-2026-20_19_51.png",1536,1024,false],"morenews-large":["https:\/\/radiolarioja.com.ar\/rlr\/wp-content\/uploads\/2026\/01\/ChatGPT-Image-15-ene-2026-20_19_51-825x575.png",825,575,true],"morenews-medium":["https:\/\/radiolarioja.com.ar\/rlr\/wp-content\/uploads\/2026\/01\/ChatGPT-Image-15-ene-2026-20_19_51-590x410.png",590,410,true]},"author_info":{"info":["RadioLaRioja"]},"category_info":"<a href=\"https:\/\/radiolarioja.com.ar\/rlr\/category\/local\/\" rel=\"category tag\">Local<\/a>","tag_info":"Local","comment_count":"0","_links":{"self":[{"href":"https:\/\/radiolarioja.com.ar\/rlr\/wp-json\/wp\/v2\/posts\/84762","targetHints":{"allow":["GET"]}}],"collection":[{"href":"https:\/\/radiolarioja.com.ar\/rlr\/wp-json\/wp\/v2\/posts"}],"about":[{"href":"https:\/\/radiolarioja.com.ar\/rlr\/wp-json\/wp\/v2\/types\/post"}],"author":[{"embeddable":true,"href":"https:\/\/radiolarioja.com.ar\/rlr\/wp-json\/wp\/v2\/users\/2"}],"replies":[{"embeddable":true,"href":"https:\/\/radiolarioja.com.ar\/rlr\/wp-json\/wp\/v2\/comments?post=84762"}],"version-history":[{"count":1,"href":"https:\/\/radiolarioja.com.ar\/rlr\/wp-json\/wp\/v2\/posts\/84762\/revisions"}],"predecessor-version":[{"id":84764,"href":"https:\/\/radiolarioja.com.ar\/rlr\/wp-json\/wp\/v2\/posts\/84762\/revisions\/84764"}],"wp:featuredmedia":[{"embeddable":true,"href":"https:\/\/radiolarioja.com.ar\/rlr\/wp-json\/wp\/v2\/media\/84763"}],"wp:attachment":[{"href":"https:\/\/radiolarioja.com.ar\/rlr\/wp-json\/wp\/v2\/media?parent=84762"}],"wp:term":[{"taxonomy":"category","embeddable":true,"href":"https:\/\/radiolarioja.com.ar\/rlr\/wp-json\/wp\/v2\/categories?post=84762"},{"taxonomy":"post_tag","embeddable":true,"href":"https:\/\/radiolarioja.com.ar\/rlr\/wp-json\/wp\/v2\/tags?post=84762"}],"curies":[{"name":"wp","href":"https:\/\/api.w.org\/{rel}","templated":true}]}}