{"id":84758,"date":"2026-01-15T19:18:57","date_gmt":"2026-01-15T22:18:57","guid":{"rendered":"https:\/\/radiolarioja.com.ar\/rlr\/?p=84758"},"modified":"2026-01-15T19:18:57","modified_gmt":"2026-01-15T22:18:57","slug":"apagon-en-la-ciudad-de-buenos-aires-un-corte-de-luz-afecta-varios-barrios","status":"publish","type":"post","link":"https:\/\/radiolarioja.com.ar\/rlr\/apagon-en-la-ciudad-de-buenos-aires-un-corte-de-luz-afecta-varios-barrios\/","title":{"rendered":"Apag\u00f3n en la Ciudad de Buenos Aires: un corte de luz afecta varios barrios"},"content":{"rendered":"\n<p>En medio de otra jornada de calor sofocante<\/p>\n\n\n\n<p><strong>Apag\u00f3n en la Ciudad de Buenos Aires: un corte de luz afecta varios barrios<\/strong><\/p>\n\n\n\n<p>Se estima que alrededor de 1 mill\u00f3n de usuarios se quedaron sin suministro en el pico m\u00e1ximo del corte. Tambi\u00e9n se vieron afectados subtes y trenes.<\/p>\n\n\n\n<p>En el marco de otra\u00a0jornada de calor sofocante,\u00a0<strong>a cientos de miles de usuarios del \u00c1rea Metropolitana de Buenos Aires (Amba) se les cort\u00f3 la luz<\/strong>. El apag\u00f3n afect\u00f3 zonas del centro y norte de la Ciudad de Buenos Aires y del Conurbano. Seg\u00fan la Secretar\u00eda de Energ\u00eda,\u00a0<strong>el corte de luz afect\u00f3 a m\u00e1s de 1 mill\u00f3n de usuarios.<\/strong><\/p>\n\n\n\n<p>Puntualmente, en un primer momento, el apag\u00f3n afect\u00f3 a m\u00e1s de 200.000 domicilios que corresponden a la concesi\u00f3n de Edesur y<strong>&nbsp;m\u00e1s de 800.000 de la zona adjudicada a Edenor<\/strong>.<\/p>\n\n\n\n<p>Seg\u00fan la p\u00e1gina oficial del Ente Nacional Regulador de la Electricidad (Enre)&#8211;que\u00a0<strong>estuvo ca\u00edda por m\u00e1s de una hora<\/strong>&#8211;, minutos antes de las cinco de la tarde, 175.000 usuarios de Edenor permanec\u00edan sin luz, mientras que en la zona de Edenor el n\u00famero era del 35.000.<\/p>\n\n\n\n<p>Pasadas las 17 hs, la Secretar\u00eda de Energ\u00eda inform\u00f3 que ya se hab\u00eda reestablecido el suministro con total normalidad. Sin embargo, usuarios todav\u00eda reportaban cortes.<\/p>\n\n\n\n<h2 class=\"wp-block-heading\">C\u00f3mo fue el apag\u00f3n que afect\u00f3 el Amba<\/h2>\n\n\n\n<p>Pocos minutos antes de las 15, las redes sociales se empezaron a colmar de mensajes de usuarios protestando por el corte de suministro el\u00e9ctrico y por las&nbsp;<strong>altas tarifas que deben abonar por un servicio ineficiente.<\/strong><\/p>\n\n\n\n<p>De acuerdo al reporte de residentes del AMBA, el corte afect\u00f3 a los barrios porte\u00f1os de<strong>&nbsp;Palermo, Belgrano, Recoleta, Colegiales, Villa Devoto, Villa Pueyrred\u00f3n, Chacarita, Caballito, Saavedra, Villa Ortuzar, Villa Urquiza,<\/strong>&nbsp;entre otros.<\/p>\n\n\n\n<p>Tambi\u00e9n alcanz\u00f3 a las localidades bonaerenses de&nbsp;<strong>Vicente L\u00f3pez, Munro, Florida, Mart\u00ednez, San Mart\u00edn, Tigre, Haedo, Ciudadela, Caseros, Ramos Mej\u00eda y Santos Lugares.<\/strong><\/p>\n\n\n\n<p>En algunas zonas, el corte provoc\u00f3 caos de tr\u00e1nsito por la falta de funcionamiento de los sem\u00e1foros.<\/p>\n\n\n\n<p>La<strong>\u00a0L\u00ednea D de subte<\/strong>, en tanto, se vio interrumpida, mientras que en la l\u00ednea del\u00a0<strong>tren Mitre<\/strong>\u00a0no estaban funcionando los ramales Mitre y Su\u00e1rez, ni el Tren de la Costa, y la l\u00ednea del\u00a0<strong>tren San Mart\u00edn<\/strong>\u00a0se encontraba con demoras en su funcionamiento.<\/p>\n\n\n\n<p>En medio del caos, las p\u00e1ginas web del Ente Nacional Regulador de la Electricidad (ENRE) y de la Compa\u00f1\u00eda Administradora del Mercado Mayorista El\u00e9ctrico S.A (Cammesa) permanecieron ca\u00eddas por m\u00e1s de una hora.<\/p>\n\n\n\n<h2 class=\"wp-block-heading\">\u00bfPor qu\u00e9 se cort\u00f3 la luz en el Amba?<\/h2>\n\n\n\n<p>La empresa Edenor, responsable del suministro el\u00e9ctrico en el corredor norte y oeste, emiti\u00f3 un comunicado oficial para informar los motivos del apag\u00f3n. Seg\u00fan la compa\u00f1\u00eda, el corte se debi\u00f3 a \u201c<strong>una falla en la Subestaci\u00f3n Mor\u00f3n, en el nivel de 220 kV<\/strong>, que tuvo impacto inicial sobre alrededor de 800.000 clientes\u00bb.<\/p>\n\n\n\n<p>Esta contingencia \u201ccomprometi\u00f3 cerca de un tercio de la demanda total de Edenor\u201d. De todas maneras, resaltaron que \u201cinmediatamente luego de detectada la falla<strong>&nbsp;se activaron los protocolos operativos de reposici\u00f3n del suministro<\/strong>\u201d.<\/p>\n\n\n\n<p>Seg\u00fan report\u00f3 Edenor, dentro de la primera hora \u201cm\u00e1s del 90 % de los usuarios inicialmente alcanzados ya se encontraban con el servicio restablecido\u201d.<\/p>\n\n\n\n<h2 class=\"wp-block-heading\">\u201cLo \u00fanico que les importa es recaudar\u201d<\/h2>\n\n\n\n<p>En el m\u00f3vil de Radio 750 algunos de los<strong>&nbsp;usuarios afectados expresaron su malestar por el apag\u00f3n.<\/strong><\/p>\n\n\n\n<p>\u201cEn San Mart\u00edn estuvimos una hora sin luz y hace unos minutos volvi\u00f3, pero te mata porque tenemos actividades, y adem\u00e1s con este calor&#8230;\u201d, cont\u00f3 Nicol\u00e1s, en el aire de la radio. \u201c<strong>Encima de que aumentan un mont\u00f3n los servicios, te cortan<\/strong>\u201d, lament\u00f3.<\/p>\n\n\n\n<p>Otros testimonios cuestionaron adem\u00e1s lo<strong>s aumentos y la quita de subsidios<\/strong>&nbsp;que las empresas el\u00e9ctricas realizaron en los \u00faltimos a\u00f1os.<\/p>\n\n\n\n<p>\u201cLas empresas millonarias, tanto las que brindan el servicio de gas como de luz, no invierten.&nbsp;<strong>Lo \u00fanico que les importa es recaudar y recaudar&nbsp;<\/strong>y si no pagas te cortan la luz y te sacan el medidor. Es un abuso total\u201d, expres\u00f3 por su parte Juan Carlos Ver\u00f3n, un taxista de La Plata.<\/p>\n\n\n\n<figure class=\"wp-block-image size-full\"><a href=\"https:\/\/radiolarioja.com.ar\/rlr\/wp-content\/uploads\/2026\/01\/unnamed-13.jpg\"><img fetchpriority=\"high\" decoding=\"async\" width=\"955\" height=\"641\" src=\"https:\/\/radiolarioja.com.ar\/rlr\/wp-content\/uploads\/2026\/01\/unnamed-13.jpg\" alt=\"\" class=\"wp-image-84759\" srcset=\"https:\/\/radiolarioja.com.ar\/rlr\/wp-content\/uploads\/2026\/01\/unnamed-13.jpg 955w, https:\/\/radiolarioja.com.ar\/rlr\/wp-content\/uploads\/2026\/01\/unnamed-13-300x201.jpg 300w, https:\/\/radiolarioja.com.ar\/rlr\/wp-content\/uploads\/2026\/01\/unnamed-13-768x515.jpg 768w\" sizes=\"(max-width: 955px) 100vw, 955px\" \/><\/a><\/figure>\n","protected":false},"excerpt":{"rendered":"<p>En medio de otra jornada de calor sofocante Apag\u00f3n en la Ciudad de Buenos Aires: un corte de<\/p>\n","protected":false},"author":2,"featured_media":84759,"comment_status":"open","ping_status":"open","sticky":false,"template":"","format":"standard","meta":{"footnotes":""},"categories":[15],"tags":[],"class_list":["post-84758","post","type-post","status-publish","format-standard","has-post-thumbnail","hentry","category-nacional"],"featured_image_urls":{"full":["https:\/\/radiolarioja.com.ar\/rlr\/wp-content\/uploads\/2026\/01\/unnamed-13.jpg",955,641,false],"thumbnail":["https:\/\/radiolarioja.com.ar\/rlr\/wp-content\/uploads\/2026\/01\/unnamed-13-150x150.jpg",150,150,true],"medium":["https:\/\/radiolarioja.com.ar\/rlr\/wp-content\/uploads\/2026\/01\/unnamed-13-300x201.jpg",300,201,true],"medium_large":["https:\/\/radiolarioja.com.ar\/rlr\/wp-content\/uploads\/2026\/01\/unnamed-13-768x515.jpg",640,429,true],"large":["https:\/\/radiolarioja.com.ar\/rlr\/wp-content\/uploads\/2026\/01\/unnamed-13.jpg",640,430,false],"1536x1536":["https:\/\/radiolarioja.com.ar\/rlr\/wp-content\/uploads\/2026\/01\/unnamed-13.jpg",955,641,false],"2048x2048":["https:\/\/radiolarioja.com.ar\/rlr\/wp-content\/uploads\/2026\/01\/unnamed-13.jpg",955,641,false],"morenews-large":["https:\/\/radiolarioja.com.ar\/rlr\/wp-content\/uploads\/2026\/01\/unnamed-13-825x575.jpg",825,575,true],"morenews-medium":["https:\/\/radiolarioja.com.ar\/rlr\/wp-content\/uploads\/2026\/01\/unnamed-13-590x410.jpg",590,410,true]},"author_info":{"info":["RadioLaRioja"]},"category_info":"<a href=\"https:\/\/radiolarioja.com.ar\/rlr\/category\/nacional\/\" rel=\"category tag\">Nacional<\/a>","tag_info":"Nacional","comment_count":"0","_links":{"self":[{"href":"https:\/\/radiolarioja.com.ar\/rlr\/wp-json\/wp\/v2\/posts\/84758","targetHints":{"allow":["GET"]}}],"collection":[{"href":"https:\/\/radiolarioja.com.ar\/rlr\/wp-json\/wp\/v2\/posts"}],"about":[{"href":"https:\/\/radiolarioja.com.ar\/rlr\/wp-json\/wp\/v2\/types\/post"}],"author":[{"embeddable":true,"href":"https:\/\/radiolarioja.com.ar\/rlr\/wp-json\/wp\/v2\/users\/2"}],"replies":[{"embeddable":true,"href":"https:\/\/radiolarioja.com.ar\/rlr\/wp-json\/wp\/v2\/comments?post=84758"}],"version-history":[{"count":1,"href":"https:\/\/radiolarioja.com.ar\/rlr\/wp-json\/wp\/v2\/posts\/84758\/revisions"}],"predecessor-version":[{"id":84760,"href":"https:\/\/radiolarioja.com.ar\/rlr\/wp-json\/wp\/v2\/posts\/84758\/revisions\/84760"}],"wp:featuredmedia":[{"embeddable":true,"href":"https:\/\/radiolarioja.com.ar\/rlr\/wp-json\/wp\/v2\/media\/84759"}],"wp:attachment":[{"href":"https:\/\/radiolarioja.com.ar\/rlr\/wp-json\/wp\/v2\/media?parent=84758"}],"wp:term":[{"taxonomy":"category","embeddable":true,"href":"https:\/\/radiolarioja.com.ar\/rlr\/wp-json\/wp\/v2\/categories?post=84758"},{"taxonomy":"post_tag","embeddable":true,"href":"https:\/\/radiolarioja.com.ar\/rlr\/wp-json\/wp\/v2\/tags?post=84758"}],"curies":[{"name":"wp","href":"https:\/\/api.w.org\/{rel}","templated":true}]}}