{"id":84749,"date":"2026-01-15T19:08:24","date_gmt":"2026-01-15T22:08:24","guid":{"rendered":"https:\/\/radiolarioja.com.ar\/rlr\/?p=84749"},"modified":"2026-01-15T19:08:30","modified_gmt":"2026-01-15T22:08:30","slug":"continua-este-viernes-el-pago-de-la-quincenita","status":"publish","type":"post","link":"https:\/\/radiolarioja.com.ar\/rlr\/continua-este-viernes-el-pago-de-la-quincenita\/","title":{"rendered":"Continua este viernes el pago de la Quincenita"},"content":{"rendered":"\n<p class=\"has-vivid-red-color has-text-color has-link-color wp-elements-a18eda9736b1bd1293c0ccf046cd4b75\">Los agentes de la Administraci\u00f3n P\u00fablica percibir\u00e1n el pago de la quincena de enero. Toda la informaci\u00f3n en esta nota.<\/p>\n\n\n\n<p>El Ministerio de Hacienda y Finanzas P\u00fablicas inform\u00f3 el cronograma de pago correspondiente a la quincenita de enero, que se har\u00e1 efectivo este viernes 16.<\/p>\n\n\n\n<p>Los haberes estar\u00e1n disponibles a trav\u00e9s del Banco Rioja para los agentes de los siguientes organismos.<\/p>\n\n\n\n<p><a href=\"https:\/\/www.rapicuotas.com.ar\/\" target=\"_blank\" rel=\"noreferrer noopener\"><\/a><\/p>\n\n\n\n<ul class=\"wp-block-list\">\n<li>Tribunal de Cuentas<\/li>\n\n\n\n<li>Secretar\u00eda General de la Gobernaci\u00f3n<\/li>\n\n\n\n<li>Jefatura de Gabinete<\/li>\n\n\n\n<li>Ente \u00danico de Control de Privatizaciones (EUCOP)<\/li>\n\n\n\n<li>Administraci\u00f3n Provincial de Radio y Televisi\u00f3n Riojana<\/li>\n\n\n\n<li>Secretar\u00eda de Econom\u00eda Social y Popular<\/li>\n\n\n\n<li>Ministerio de Desarrollo, Igualdad e Integraci\u00f3n Social<\/li>\n\n\n\n<li>Secretar\u00eda de Justicia<\/li>\n\n\n\n<li>Ministerio de Hacienda y Finanzas P\u00fablicas<\/li>\n\n\n\n<li>Secretar\u00eda de Miner\u00eda<\/li>\n\n\n\n<li>Secretar\u00eda de Tierras y H\u00e1bitat Social<\/li>\n\n\n\n<li>Ministerio de Trabajo, Empleo, Industria y Miner\u00eda<\/li>\n\n\n\n<li>Administraci\u00f3n Provincial de Vivienda y Urbanismo<\/li>\n\n\n\n<li>Dos Regiones.<\/li>\n<\/ul>\n\n\n\n<figure class=\"wp-block-image size-full\"><a href=\"https:\/\/radiolarioja.com.ar\/rlr\/wp-content\/uploads\/2026\/01\/l_1754058777.webp\"><img fetchpriority=\"high\" decoding=\"async\" width=\"900\" height=\"600\" src=\"https:\/\/radiolarioja.com.ar\/rlr\/wp-content\/uploads\/2026\/01\/l_1754058777.webp\" alt=\"\" class=\"wp-image-84750\" srcset=\"https:\/\/radiolarioja.com.ar\/rlr\/wp-content\/uploads\/2026\/01\/l_1754058777.webp 900w, https:\/\/radiolarioja.com.ar\/rlr\/wp-content\/uploads\/2026\/01\/l_1754058777-300x200.webp 300w, https:\/\/radiolarioja.com.ar\/rlr\/wp-content\/uploads\/2026\/01\/l_1754058777-768x512.webp 768w\" sizes=\"(max-width: 900px) 100vw, 900px\" \/><\/a><\/figure>\n","protected":false},"excerpt":{"rendered":"<p>Los agentes de la Administraci\u00f3n P\u00fablica percibir\u00e1n el pago de la quincena de enero. Toda la informaci\u00f3n en<\/p>\n","protected":false},"author":2,"featured_media":84750,"comment_status":"open","ping_status":"open","sticky":false,"template":"","format":"standard","meta":{"footnotes":""},"categories":[12],"tags":[],"class_list":["post-84749","post","type-post","status-publish","format-standard","has-post-thumbnail","hentry","category-local"],"featured_image_urls":{"full":["https:\/\/radiolarioja.com.ar\/rlr\/wp-content\/uploads\/2026\/01\/l_1754058777.webp",900,600,false],"thumbnail":["https:\/\/radiolarioja.com.ar\/rlr\/wp-content\/uploads\/2026\/01\/l_1754058777-150x150.webp",150,150,true],"medium":["https:\/\/radiolarioja.com.ar\/rlr\/wp-content\/uploads\/2026\/01\/l_1754058777-300x200.webp",300,200,true],"medium_large":["https:\/\/radiolarioja.com.ar\/rlr\/wp-content\/uploads\/2026\/01\/l_1754058777-768x512.webp",640,427,true],"large":["https:\/\/radiolarioja.com.ar\/rlr\/wp-content\/uploads\/2026\/01\/l_1754058777.webp",640,427,false],"1536x1536":["https:\/\/radiolarioja.com.ar\/rlr\/wp-content\/uploads\/2026\/01\/l_1754058777.webp",900,600,false],"2048x2048":["https:\/\/radiolarioja.com.ar\/rlr\/wp-content\/uploads\/2026\/01\/l_1754058777.webp",900,600,false],"morenews-large":["https:\/\/radiolarioja.com.ar\/rlr\/wp-content\/uploads\/2026\/01\/l_1754058777-825x575.webp",825,575,true],"morenews-medium":["https:\/\/radiolarioja.com.ar\/rlr\/wp-content\/uploads\/2026\/01\/l_1754058777-590x410.webp",590,410,true]},"author_info":{"info":["RadioLaRioja"]},"category_info":"<a href=\"https:\/\/radiolarioja.com.ar\/rlr\/category\/local\/\" rel=\"category tag\">Local<\/a>","tag_info":"Local","comment_count":"0","_links":{"self":[{"href":"https:\/\/radiolarioja.com.ar\/rlr\/wp-json\/wp\/v2\/posts\/84749","targetHints":{"allow":["GET"]}}],"collection":[{"href":"https:\/\/radiolarioja.com.ar\/rlr\/wp-json\/wp\/v2\/posts"}],"about":[{"href":"https:\/\/radiolarioja.com.ar\/rlr\/wp-json\/wp\/v2\/types\/post"}],"author":[{"embeddable":true,"href":"https:\/\/radiolarioja.com.ar\/rlr\/wp-json\/wp\/v2\/users\/2"}],"replies":[{"embeddable":true,"href":"https:\/\/radiolarioja.com.ar\/rlr\/wp-json\/wp\/v2\/comments?post=84749"}],"version-history":[{"count":1,"href":"https:\/\/radiolarioja.com.ar\/rlr\/wp-json\/wp\/v2\/posts\/84749\/revisions"}],"predecessor-version":[{"id":84751,"href":"https:\/\/radiolarioja.com.ar\/rlr\/wp-json\/wp\/v2\/posts\/84749\/revisions\/84751"}],"wp:featuredmedia":[{"embeddable":true,"href":"https:\/\/radiolarioja.com.ar\/rlr\/wp-json\/wp\/v2\/media\/84750"}],"wp:attachment":[{"href":"https:\/\/radiolarioja.com.ar\/rlr\/wp-json\/wp\/v2\/media?parent=84749"}],"wp:term":[{"taxonomy":"category","embeddable":true,"href":"https:\/\/radiolarioja.com.ar\/rlr\/wp-json\/wp\/v2\/categories?post=84749"},{"taxonomy":"post_tag","embeddable":true,"href":"https:\/\/radiolarioja.com.ar\/rlr\/wp-json\/wp\/v2\/tags?post=84749"}],"curies":[{"name":"wp","href":"https:\/\/api.w.org\/{rel}","templated":true}]}}