{"id":84746,"date":"2026-01-15T19:06:41","date_gmt":"2026-01-15T22:06:41","guid":{"rendered":"https:\/\/radiolarioja.com.ar\/rlr\/?p=84746"},"modified":"2026-01-15T19:06:42","modified_gmt":"2026-01-15T22:06:42","slug":"hay-alerta-amarilla-por-tormentas-para-la-rioja","status":"publish","type":"post","link":"https:\/\/radiolarioja.com.ar\/rlr\/hay-alerta-amarilla-por-tormentas-para-la-rioja\/","title":{"rendered":"Hay alerta amarilla por tormentas para La Rioja"},"content":{"rendered":"\n<p>Conoc\u00e9 las advertencias emitidas por el Servicio Meteorol\u00f3gico Nacional para las pr\u00f3ximas horas.<\/p>\n\n\n\n<p>Alerta amarilla por tormentas en La Rioja desde el 15 de enero a las 15:00hs hasta el 16 de enero a las 08:59hs. Se prev\u00e9n lluvias y tormentas de variada intensidad, algunas localmente fuertes, acompa\u00f1adas de granizo, actividad el\u00e9ctrica intensa, y r\u00e1fagas que pueden alcanzar los 70 km\/h.<\/p>\n\n\n\n<p>Se estima que la precipitaci\u00f3n acumulada oscile entre 20 y 50 mm, con posibilidades de superar estos valores en forma puntual. En las zonas m\u00e1s altas de la cordillera, las precipitaciones podr\u00edan presentarse mayormente como granizo y\/o nieve.<\/p>\n\n\n\n<p>Este aviso es crucial para la poblaci\u00f3n, ya que las condiciones clim\u00e1ticas pueden generar situaciones de riesgo. Se recomienda a los habitantes de la provincia estar atentos a las actualizaciones del Servicio Meteorol\u00f3gico Nacional y tomar precauciones ante posibles inundaciones o da\u00f1os por el viento y el granizo.<\/p>\n\n\n\n<figure class=\"wp-block-image size-full\"><a href=\"https:\/\/radiolarioja.com.ar\/rlr\/wp-content\/uploads\/2026\/01\/l_1768462777.webp\"><img fetchpriority=\"high\" decoding=\"async\" width=\"900\" height=\"600\" src=\"https:\/\/radiolarioja.com.ar\/rlr\/wp-content\/uploads\/2026\/01\/l_1768462777.webp\" alt=\"\" class=\"wp-image-84747\" srcset=\"https:\/\/radiolarioja.com.ar\/rlr\/wp-content\/uploads\/2026\/01\/l_1768462777.webp 900w, https:\/\/radiolarioja.com.ar\/rlr\/wp-content\/uploads\/2026\/01\/l_1768462777-300x200.webp 300w, https:\/\/radiolarioja.com.ar\/rlr\/wp-content\/uploads\/2026\/01\/l_1768462777-768x512.webp 768w\" sizes=\"(max-width: 900px) 100vw, 900px\" \/><\/a><\/figure>\n","protected":false},"excerpt":{"rendered":"<p>Conoc\u00e9 las advertencias emitidas por el Servicio Meteorol\u00f3gico Nacional para las pr\u00f3ximas horas. Alerta amarilla por tormentas en<\/p>\n","protected":false},"author":2,"featured_media":84747,"comment_status":"open","ping_status":"open","sticky":false,"template":"","format":"standard","meta":{"footnotes":""},"categories":[12],"tags":[],"class_list":["post-84746","post","type-post","status-publish","format-standard","has-post-thumbnail","hentry","category-local"],"featured_image_urls":{"full":["https:\/\/radiolarioja.com.ar\/rlr\/wp-content\/uploads\/2026\/01\/l_1768462777.webp",900,600,false],"thumbnail":["https:\/\/radiolarioja.com.ar\/rlr\/wp-content\/uploads\/2026\/01\/l_1768462777-150x150.webp",150,150,true],"medium":["https:\/\/radiolarioja.com.ar\/rlr\/wp-content\/uploads\/2026\/01\/l_1768462777-300x200.webp",300,200,true],"medium_large":["https:\/\/radiolarioja.com.ar\/rlr\/wp-content\/uploads\/2026\/01\/l_1768462777-768x512.webp",640,427,true],"large":["https:\/\/radiolarioja.com.ar\/rlr\/wp-content\/uploads\/2026\/01\/l_1768462777.webp",640,427,false],"1536x1536":["https:\/\/radiolarioja.com.ar\/rlr\/wp-content\/uploads\/2026\/01\/l_1768462777.webp",900,600,false],"2048x2048":["https:\/\/radiolarioja.com.ar\/rlr\/wp-content\/uploads\/2026\/01\/l_1768462777.webp",900,600,false],"morenews-large":["https:\/\/radiolarioja.com.ar\/rlr\/wp-content\/uploads\/2026\/01\/l_1768462777-825x575.webp",825,575,true],"morenews-medium":["https:\/\/radiolarioja.com.ar\/rlr\/wp-content\/uploads\/2026\/01\/l_1768462777-590x410.webp",590,410,true]},"author_info":{"info":["RadioLaRioja"]},"category_info":"<a href=\"https:\/\/radiolarioja.com.ar\/rlr\/category\/local\/\" rel=\"category tag\">Local<\/a>","tag_info":"Local","comment_count":"0","_links":{"self":[{"href":"https:\/\/radiolarioja.com.ar\/rlr\/wp-json\/wp\/v2\/posts\/84746","targetHints":{"allow":["GET"]}}],"collection":[{"href":"https:\/\/radiolarioja.com.ar\/rlr\/wp-json\/wp\/v2\/posts"}],"about":[{"href":"https:\/\/radiolarioja.com.ar\/rlr\/wp-json\/wp\/v2\/types\/post"}],"author":[{"embeddable":true,"href":"https:\/\/radiolarioja.com.ar\/rlr\/wp-json\/wp\/v2\/users\/2"}],"replies":[{"embeddable":true,"href":"https:\/\/radiolarioja.com.ar\/rlr\/wp-json\/wp\/v2\/comments?post=84746"}],"version-history":[{"count":1,"href":"https:\/\/radiolarioja.com.ar\/rlr\/wp-json\/wp\/v2\/posts\/84746\/revisions"}],"predecessor-version":[{"id":84748,"href":"https:\/\/radiolarioja.com.ar\/rlr\/wp-json\/wp\/v2\/posts\/84746\/revisions\/84748"}],"wp:featuredmedia":[{"embeddable":true,"href":"https:\/\/radiolarioja.com.ar\/rlr\/wp-json\/wp\/v2\/media\/84747"}],"wp:attachment":[{"href":"https:\/\/radiolarioja.com.ar\/rlr\/wp-json\/wp\/v2\/media?parent=84746"}],"wp:term":[{"taxonomy":"category","embeddable":true,"href":"https:\/\/radiolarioja.com.ar\/rlr\/wp-json\/wp\/v2\/categories?post=84746"},{"taxonomy":"post_tag","embeddable":true,"href":"https:\/\/radiolarioja.com.ar\/rlr\/wp-json\/wp\/v2\/tags?post=84746"}],"curies":[{"name":"wp","href":"https:\/\/api.w.org\/{rel}","templated":true}]}}