{"id":84735,"date":"2026-01-15T13:42:34","date_gmt":"2026-01-15T16:42:34","guid":{"rendered":"https:\/\/radiolarioja.com.ar\/rlr\/?p=84735"},"modified":"2026-01-15T20:33:15","modified_gmt":"2026-01-15T23:33:15","slug":"el-espejismo-de-las-cifras-entre-la-euforia-oficial-y-la-fragilidad-del-bolsillo","status":"publish","type":"post","link":"https:\/\/radiolarioja.com.ar\/rlr\/el-espejismo-de-las-cifras-entre-la-euforia-oficial-y-la-fragilidad-del-bolsillo\/","title":{"rendered":"El espejismo de las cifras: Entre la euforia oficial y la fragilidad del bolsillo"},"content":{"rendered":"\n<figure class=\"wp-block-embed is-type-video is-provider-youtube wp-block-embed-youtube wp-embed-aspect-16-9 wp-has-aspect-ratio\"><div class=\"wp-block-embed__wrapper\">\n<iframe title=\"MEDIOS PROVINCIA - BIEN DE VERANO 2026\" width=\"640\" height=\"360\" src=\"https:\/\/www.youtube.com\/embed\/P7SS6J-CcNY?feature=oembed\" frameborder=\"0\" allow=\"accelerometer; autoplay; clipboard-write; encrypted-media; gyroscope; picture-in-picture; web-share\" referrerpolicy=\"strict-origin-when-cross-origin\" allowfullscreen><\/iframe>\n<\/div><\/figure>\n\n\n\n<p>La difusi\u00f3n del \u00edndice de inflaci\u00f3n de diciembre, que se situ\u00f3 en un <strong>2,8%<\/strong>, ha disparado una ola de triunfalismo en los despachos oficiales. Con un acumulado anual del <strong>31,5%<\/strong> para el 2025 \u2014la cifra m\u00e1s baja en ocho a\u00f1os\u2014, el Gobierno no ha dudado en elevar al ministro Luis Caputo a la categor\u00eda de \u00abpr\u00f3cer\u00bb de la estabilidad. Sin embargo, cuando se descorre el velo de la macroeconom\u00eda, la realidad que emerge es sensiblemente m\u00e1s \u00e1rida y preocupante para el ciudadano de a pie.<\/p>\n\n\n\n<p>Es innegable que el punto de partida fue catastr\u00f3fico: recibir una econom\u00eda con un <strong>211% de inflaci\u00f3n<\/strong> heredada de la gesti\u00f3n de Alberto Fern\u00e1ndez obligaba a un tratamiento de shock. Pero la celebraci\u00f3n actual omite un dato t\u00e9cnico alarmante: la inflaci\u00f3n ha dejado de bajar. Desde mayo pasado, cuando el \u00edndice toc\u00f3 un piso del 1,5%, el costo de vida ha iniciado una escalada mensual ininterrumpida hasta llegar al 2,8% actual. Mientras el mundo observa inflaciones anuales inferiores al 3%, Argentina consume ese margen en apenas treinta d\u00edas, manteni\u00e9ndose como el <strong>sexto pa\u00eds con mayor inflaci\u00f3n del planeta<\/strong>.<\/p>\n\n\n\n<figure class=\"wp-block-table\"><table class=\"has-fixed-layout\"><thead><tr><td><strong>Mes<\/strong><\/td><td><strong>Inflaci\u00f3n (%)<\/strong><\/td><td><strong>Tendencia Visual<\/strong><\/td><\/tr><\/thead><tbody><tr><td><strong>Mayo<\/strong><\/td><td>1.5%<\/td><td>\u2588\u258c<\/td><\/tr><tr><td><strong>Junio<\/strong><\/td><td>1.6%<\/td><td>\u2588\u258c<\/td><\/tr><tr><td><strong>Julio<\/strong><\/td><td>1.9%<\/td><td>\u2588\u2588<\/td><\/tr><tr><td><strong>Agosto<\/strong><\/td><td>1.9%<\/td><td>\u2588\u2588<\/td><\/tr><tr><td><strong>Sept<\/strong><\/td><td>2.1%<\/td><td>\u2588\u2588\u258f<\/td><\/tr><tr><td><strong>Oct<\/strong><\/td><td>2.3%<\/td><td>\u2588\u2588\u258e<\/td><\/tr><tr><td><strong>Nov<\/strong><\/td><td>2.5%<\/td><td>\u2588\u2588\u258c<\/td><\/tr><tr><td><strong>Dic<\/strong><\/td><td>2.8%<\/td><td>\u2588\u2588\u258a (Pico del semestre)<\/td><\/tr><\/tbody><\/table><\/figure>\n\n\n\n<p>Esta \u00abestabilidad\u00bb se est\u00e1 pagando con una moneda extremadamente cara: la desindustrializaci\u00f3n y la precarizaci\u00f3n laboral. El caso de la industria textil es el term\u00f3metro m\u00e1s preciso de este enfriamiento. Con plantas operando apenas al <strong>40% de su capacidad instalada<\/strong>, el sector se desangra. La noticia de la paralizaci\u00f3n de la planta de <strong>TN Pl\u00e1tex<\/strong> en Tucum\u00e1n, sumada a las suspensiones de trabajadores en su planta de <strong>La Rioja<\/strong>, no es un hecho aislado. Es el resultado de una apertura de importaciones combinada con un d\u00f3lar que empieza a percibirse atrasado, transformando a productores locales en simples importadores.<\/p>\n\n\n\n<p>En los \u00faltimos dos a\u00f1os, el sistema ha expulsado a <strong>270.000 trabajadores<\/strong> del sector privado registrado, el empleo que ofrece mejores salarios y estabilidad. Esa masa laboral no desaparece, sino que se refugia en el monotributo o la informalidad, degradando la calidad de vida de miles de familias. Hoy, una familia tipo necesita <strong>$1.300.000<\/strong> para no ser pobre, una cifra que parece una utop\u00eda para quienes transitan la precariedad laboral.<\/p>\n\n\n\n<p>El super\u00e1vit fiscal, la gran bandera de la gesti\u00f3n de Javier Milei, tiene tambi\u00e9n sus \u00abh\u00e9roes silenciosos\u00bb o, mejor dicho, sus v\u00edctimas sacrificadas. La <strong>motosierra<\/strong> ha encontrado en los jubilados su fuente de financiamiento m\u00e1s constante. Mediante un mecanismo de \u00ablicuaci\u00f3n\u00bb silenciosa, el Gobierno mantiene congelado el bono de $70.000 desde hace meses. Al ajustar el haber pero no el bono, los jubilados de la m\u00ednima perdieron un <strong>5% de poder adquisitivo<\/strong> solo en el \u00faltimo a\u00f1o, a pesar de la baja de la inflaci\u00f3n. Es una matem\u00e1tica cruel: mientras el Gobierno festeja el equilibrio de las cuentas, el 70% de nuestros adultos mayores ve c\u00f3mo su ingreso se achica mes a mes frente a servicios p\u00fablicos que subieron muy por encima del promedio general.<\/p>\n\n\n\n<figure class=\"wp-block-table\"><table class=\"has-fixed-layout\"><thead><tr><td><strong>Variable<\/strong><\/td><td><strong>Porcentaje<\/strong><\/td><td><strong>Diferencia<\/strong><\/td><\/tr><\/thead><tbody><tr><td><strong>Inflaci\u00f3n 2025<\/strong><\/td><td><strong>31.5%<\/strong><\/td><td>\u2588\u2588\u2588\u2588\u2588\u2588\u2588\u2588\u2588\u2588\u2588\u2588\u2588\u2588\u2588\u2588 (Costo de Vida)<\/td><\/tr><tr><td><strong>Aumento Haber M\u00edn.<\/strong><\/td><td><strong>24.7%<\/strong><\/td><td>\u2588\u2588\u2588\u2588\u2588\u2588\u2588\u2588\u2588\u2588\u2588\u2588\u258c (Ingresos)<\/td><\/tr><tr><td><strong>Resultado<\/strong><\/td><td><strong>-6.8 pts<\/strong><\/td><td><em>P\u00e9rdida real de poder de compra<\/em><\/td><\/tr><\/tbody><\/table><\/figure>\n\n\n\n<p>El desaf\u00edo para el 2026 que inicia es romper la mirada unidimensional de la econom\u00eda. Los n\u00fameros \u00abcerrados\u00bb del Excel no pueden seguir d\u00e1ndole la espalda a una industria nacional que cae (un 7% abajo respecto a hace ocho a\u00f1os) ni a una clase pasiva que financia el ajuste. La estabilidad de precios es una condici\u00f3n necesaria, pero si el costo de alcanzarla es el desierto industrial y la pobreza de quienes aportaron toda su vida, el \u00e9xito ser\u00e1, en el mejor de los casos, incompleto y, en el peor, socialmente insostenible.<\/p>\n\n\n\n<figure class=\"wp-block-image size-large\"><a href=\"https:\/\/radiolarioja.com.ar\/rlr\/wp-content\/uploads\/2026\/01\/Gemini_Generated_Image_2q2emh2q2emh2q2e.png\"><img fetchpriority=\"high\" decoding=\"async\" width=\"1024\" height=\"572\" src=\"https:\/\/radiolarioja.com.ar\/rlr\/wp-content\/uploads\/2026\/01\/Gemini_Generated_Image_2q2emh2q2emh2q2e-1024x572.png\" alt=\"\" class=\"wp-image-84736\" srcset=\"https:\/\/radiolarioja.com.ar\/rlr\/wp-content\/uploads\/2026\/01\/Gemini_Generated_Image_2q2emh2q2emh2q2e-1024x572.png 1024w, https:\/\/radiolarioja.com.ar\/rlr\/wp-content\/uploads\/2026\/01\/Gemini_Generated_Image_2q2emh2q2emh2q2e-300x167.png 300w, https:\/\/radiolarioja.com.ar\/rlr\/wp-content\/uploads\/2026\/01\/Gemini_Generated_Image_2q2emh2q2emh2q2e-768x429.png 768w, https:\/\/radiolarioja.com.ar\/rlr\/wp-content\/uploads\/2026\/01\/Gemini_Generated_Image_2q2emh2q2emh2q2e.png 1376w\" sizes=\"(max-width: 1024px) 100vw, 1024px\" \/><\/a><\/figure>\n\n\n\n<figure class=\"wp-block-image size-large\"><a href=\"https:\/\/radiolarioja.com.ar\/rlr\/wp-content\/uploads\/2026\/01\/grafico_1_inflacion.jpg\"><img decoding=\"async\" width=\"1024\" height=\"731\" src=\"https:\/\/radiolarioja.com.ar\/rlr\/wp-content\/uploads\/2026\/01\/grafico_1_inflacion-1024x731.jpg\" alt=\"\" class=\"wp-image-84737\" srcset=\"https:\/\/radiolarioja.com.ar\/rlr\/wp-content\/uploads\/2026\/01\/grafico_1_inflacion-1024x731.jpg 1024w, https:\/\/radiolarioja.com.ar\/rlr\/wp-content\/uploads\/2026\/01\/grafico_1_inflacion-300x214.jpg 300w, https:\/\/radiolarioja.com.ar\/rlr\/wp-content\/uploads\/2026\/01\/grafico_1_inflacion-768x549.jpg 768w, https:\/\/radiolarioja.com.ar\/rlr\/wp-content\/uploads\/2026\/01\/grafico_1_inflacion-1536x1097.jpg 1536w, https:\/\/radiolarioja.com.ar\/rlr\/wp-content\/uploads\/2026\/01\/grafico_1_inflacion-2048x1463.jpg 2048w\" sizes=\"(max-width: 1024px) 100vw, 1024px\" \/><\/a><\/figure>\n\n\n\n<figure class=\"wp-block-image size-large\"><a href=\"https:\/\/radiolarioja.com.ar\/rlr\/wp-content\/uploads\/2026\/01\/grafico_2_jubilaciones.jpg\"><img decoding=\"async\" width=\"1024\" height=\"731\" src=\"https:\/\/radiolarioja.com.ar\/rlr\/wp-content\/uploads\/2026\/01\/grafico_2_jubilaciones-1024x731.jpg\" alt=\"\" class=\"wp-image-84738\" srcset=\"https:\/\/radiolarioja.com.ar\/rlr\/wp-content\/uploads\/2026\/01\/grafico_2_jubilaciones-1024x731.jpg 1024w, https:\/\/radiolarioja.com.ar\/rlr\/wp-content\/uploads\/2026\/01\/grafico_2_jubilaciones-300x214.jpg 300w, https:\/\/radiolarioja.com.ar\/rlr\/wp-content\/uploads\/2026\/01\/grafico_2_jubilaciones-768x549.jpg 768w, https:\/\/radiolarioja.com.ar\/rlr\/wp-content\/uploads\/2026\/01\/grafico_2_jubilaciones-1536x1097.jpg 1536w, https:\/\/radiolarioja.com.ar\/rlr\/wp-content\/uploads\/2026\/01\/grafico_2_jubilaciones-2048x1463.jpg 2048w\" sizes=\"(max-width: 1024px) 100vw, 1024px\" \/><\/a><\/figure>\n\n\n\n<figure class=\"wp-block-image size-large\"><a href=\"https:\/\/radiolarioja.com.ar\/rlr\/wp-content\/uploads\/2026\/01\/grafico_3_empleo.jpg\"><img loading=\"lazy\" decoding=\"async\" width=\"1024\" height=\"731\" src=\"https:\/\/radiolarioja.com.ar\/rlr\/wp-content\/uploads\/2026\/01\/grafico_3_empleo-1024x731.jpg\" alt=\"\" class=\"wp-image-84739\" srcset=\"https:\/\/radiolarioja.com.ar\/rlr\/wp-content\/uploads\/2026\/01\/grafico_3_empleo-1024x731.jpg 1024w, https:\/\/radiolarioja.com.ar\/rlr\/wp-content\/uploads\/2026\/01\/grafico_3_empleo-300x214.jpg 300w, https:\/\/radiolarioja.com.ar\/rlr\/wp-content\/uploads\/2026\/01\/grafico_3_empleo-768x549.jpg 768w, https:\/\/radiolarioja.com.ar\/rlr\/wp-content\/uploads\/2026\/01\/grafico_3_empleo-1536x1097.jpg 1536w, https:\/\/radiolarioja.com.ar\/rlr\/wp-content\/uploads\/2026\/01\/grafico_3_empleo-2048x1463.jpg 2048w\" sizes=\"(max-width: 1024px) 100vw, 1024px\" \/><\/a><\/figure>\n\n\n\n<figure class=\"wp-block-image size-large\"><a href=\"https:\/\/radiolarioja.com.ar\/rlr\/wp-content\/uploads\/2026\/01\/grafico_4_comparativa.jpg\"><img loading=\"lazy\" decoding=\"async\" width=\"1024\" height=\"731\" src=\"https:\/\/radiolarioja.com.ar\/rlr\/wp-content\/uploads\/2026\/01\/grafico_4_comparativa-1024x731.jpg\" alt=\"\" class=\"wp-image-84740\" srcset=\"https:\/\/radiolarioja.com.ar\/rlr\/wp-content\/uploads\/2026\/01\/grafico_4_comparativa-1024x731.jpg 1024w, https:\/\/radiolarioja.com.ar\/rlr\/wp-content\/uploads\/2026\/01\/grafico_4_comparativa-300x214.jpg 300w, https:\/\/radiolarioja.com.ar\/rlr\/wp-content\/uploads\/2026\/01\/grafico_4_comparativa-768x549.jpg 768w, https:\/\/radiolarioja.com.ar\/rlr\/wp-content\/uploads\/2026\/01\/grafico_4_comparativa-1536x1097.jpg 1536w, https:\/\/radiolarioja.com.ar\/rlr\/wp-content\/uploads\/2026\/01\/grafico_4_comparativa-2048x1463.jpg 2048w\" sizes=\"(max-width: 1024px) 100vw, 1024px\" \/><\/a><\/figure>\n\n\n\n<p><\/p>\n","protected":false},"excerpt":{"rendered":"<p>La difusi\u00f3n del \u00edndice de inflaci\u00f3n de diciembre, que se situ\u00f3 en un 2,8%, ha disparado una ola<\/p>\n","protected":false},"author":2,"featured_media":84736,"comment_status":"open","ping_status":"open","sticky":false,"template":"","format":"standard","meta":{"footnotes":""},"categories":[16],"tags":[],"class_list":["post-84735","post","type-post","status-publish","format-standard","has-post-thumbnail","hentry","category-opinion"],"featured_image_urls":{"full":["https:\/\/radiolarioja.com.ar\/rlr\/wp-content\/uploads\/2026\/01\/Gemini_Generated_Image_2q2emh2q2emh2q2e.png",1376,768,false],"thumbnail":["https:\/\/radiolarioja.com.ar\/rlr\/wp-content\/uploads\/2026\/01\/Gemini_Generated_Image_2q2emh2q2emh2q2e-150x150.png",150,150,true],"medium":["https:\/\/radiolarioja.com.ar\/rlr\/wp-content\/uploads\/2026\/01\/Gemini_Generated_Image_2q2emh2q2emh2q2e-300x167.png",300,167,true],"medium_large":["https:\/\/radiolarioja.com.ar\/rlr\/wp-content\/uploads\/2026\/01\/Gemini_Generated_Image_2q2emh2q2emh2q2e-768x429.png",640,358,true],"large":["https:\/\/radiolarioja.com.ar\/rlr\/wp-content\/uploads\/2026\/01\/Gemini_Generated_Image_2q2emh2q2emh2q2e-1024x572.png",640,358,true],"1536x1536":["https:\/\/radiolarioja.com.ar\/rlr\/wp-content\/uploads\/2026\/01\/Gemini_Generated_Image_2q2emh2q2emh2q2e.png",1376,768,false],"2048x2048":["https:\/\/radiolarioja.com.ar\/rlr\/wp-content\/uploads\/2026\/01\/Gemini_Generated_Image_2q2emh2q2emh2q2e.png",1376,768,false],"morenews-large":["https:\/\/radiolarioja.com.ar\/rlr\/wp-content\/uploads\/2026\/01\/Gemini_Generated_Image_2q2emh2q2emh2q2e-825x575.png",825,575,true],"morenews-medium":["https:\/\/radiolarioja.com.ar\/rlr\/wp-content\/uploads\/2026\/01\/Gemini_Generated_Image_2q2emh2q2emh2q2e-590x410.png",590,410,true]},"author_info":{"info":["RadioLaRioja"]},"category_info":"<a href=\"https:\/\/radiolarioja.com.ar\/rlr\/category\/opinion\/\" rel=\"category tag\">Opini\u00f3n<\/a>","tag_info":"Opini\u00f3n","comment_count":"0","_links":{"self":[{"href":"https:\/\/radiolarioja.com.ar\/rlr\/wp-json\/wp\/v2\/posts\/84735","targetHints":{"allow":["GET"]}}],"collection":[{"href":"https:\/\/radiolarioja.com.ar\/rlr\/wp-json\/wp\/v2\/posts"}],"about":[{"href":"https:\/\/radiolarioja.com.ar\/rlr\/wp-json\/wp\/v2\/types\/post"}],"author":[{"embeddable":true,"href":"https:\/\/radiolarioja.com.ar\/rlr\/wp-json\/wp\/v2\/users\/2"}],"replies":[{"embeddable":true,"href":"https:\/\/radiolarioja.com.ar\/rlr\/wp-json\/wp\/v2\/comments?post=84735"}],"version-history":[{"count":2,"href":"https:\/\/radiolarioja.com.ar\/rlr\/wp-json\/wp\/v2\/posts\/84735\/revisions"}],"predecessor-version":[{"id":84766,"href":"https:\/\/radiolarioja.com.ar\/rlr\/wp-json\/wp\/v2\/posts\/84735\/revisions\/84766"}],"wp:featuredmedia":[{"embeddable":true,"href":"https:\/\/radiolarioja.com.ar\/rlr\/wp-json\/wp\/v2\/media\/84736"}],"wp:attachment":[{"href":"https:\/\/radiolarioja.com.ar\/rlr\/wp-json\/wp\/v2\/media?parent=84735"}],"wp:term":[{"taxonomy":"category","embeddable":true,"href":"https:\/\/radiolarioja.com.ar\/rlr\/wp-json\/wp\/v2\/categories?post=84735"},{"taxonomy":"post_tag","embeddable":true,"href":"https:\/\/radiolarioja.com.ar\/rlr\/wp-json\/wp\/v2\/tags?post=84735"}],"curies":[{"name":"wp","href":"https:\/\/api.w.org\/{rel}","templated":true}]}}