{"id":84721,"date":"2026-01-15T12:19:11","date_gmt":"2026-01-15T15:19:11","guid":{"rendered":"https:\/\/radiolarioja.com.ar\/rlr\/?p=84721"},"modified":"2026-01-15T12:19:12","modified_gmt":"2026-01-15T15:19:12","slug":"todo-listo-para-la-33a-edicion-del-festival-de-la-tradicion-calchaqui-en-cachi","status":"publish","type":"post","link":"https:\/\/radiolarioja.com.ar\/rlr\/todo-listo-para-la-33a-edicion-del-festival-de-la-tradicion-calchaqui-en-cachi\/","title":{"rendered":"TODO LISTO PARA LA 33\u00aa EDICI\u00d3N DEL FESTIVAL DE LA TRADICI\u00d3N CALCHAQU\u00cd EN CACHI"},"content":{"rendered":"\n<p><a><\/a>Del 23 al 25 de enero, Cachi ser\u00e1 sede de una nueva edici\u00f3n del Festival de la Tradici\u00f3n Calchaqu\u00ed, una de las celebraciones culturales m\u00e1s importantes de los Valles Calchaqu\u00edes. El evento tendr\u00e1 su jornada central el s\u00e1bado 24 de enero en el Anfiteatro Municipal, con una destacada grilla de artistas nacionales y regionales.<\/p>\n\n\n\n<p>La 33\u00aa edici\u00f3n del Festival de la Tradici\u00f3n Calchaqu\u00ed ya est\u00e1 en marcha y promete tres jornadas cargadas de m\u00fasica, cultura y tradici\u00f3n. El encuentro se consolida como una expresi\u00f3n viva de la historia, la identidad gaucha y las costumbres ancestrales del Valle Calchaqu\u00ed, poniendo en valor las ra\u00edces culturales de la regi\u00f3n y reafirmando su importancia en el calendario festivo del norte argentino.<\/p>\n\n\n\n<p>Artistas confirmados para el s\u00e1bado 24 de enero<\/p>\n\n\n\n<p>La noche principal del festival se desarrollar\u00e1 el s\u00e1bado 24 de enero, desde las 20 horas, en el Anfiteatro Cultural y Deportivo Municipal de Cachi, y contar\u00e1 con la actuaci\u00f3n estelar de Los Kjarkas, uno de los grupos m\u00e1s emblem\u00e1ticos de la m\u00fasica latinoamericana.<\/p>\n\n\n\n<p>Adem\u00e1s, subir\u00e1n al escenario Joaqu\u00edn Sosa, Campedrinos, Sarita Flores, Guitarreros, junto a numerosos artistas m\u00e1s que representar\u00e1n el folklore, la m\u00fasica popular y las expresiones culturales de la regi\u00f3n.<\/p>\n\n\n\n<p>Tres jornadas de tradici\u00f3n y cultura<\/p>\n\n\n\n<p>La propuesta del Festival de la Tradici\u00f3n Calchaqu\u00ed 2025 se desarrollar\u00e1 a lo largo de tres d\u00edas:<\/p>\n\n\n\n<p>Jueves 23 de enero: desde las 19 horas, se realizar\u00e1 la tradicional Pe\u00f1a del Valle, un espacio de encuentro con m\u00fasica, danza y gastronom\u00eda regional.<\/p>\n\n\n\n<p>S\u00e1bado 24 de enero: jornada central del festival, a partir de las 20 horas, en el Anfiteatro Municipal de Cachi.<\/p>\n\n\n\n<p>Domingo 25 de enero: cierre con un baile popular, abierto a toda la comunidad, como broche final de las celebraciones.<\/p>\n\n\n\n<p>Entradas y d\u00f3nde comprarlas<\/p>\n\n\n\n<p>Las entradas ya se encuentran a la venta y pueden adquirirse de manera online a trav\u00e9s de <a href=\"http:\/\/boleteriadigital.com.ar\/?fbclid=IwZXh0bgNhZW0CMTAAYnJpZBExQXkwS1N4SFN4cDE2NnBkWHNydGMGYXBwX2lkEDIyMjAzOTE3ODgyMDA4OTIAAR4zpdquoB5nnrVNaftzu0mc70B2ZE_azL-KuV9pr6Zl7JtBkFbr71SYXuhz0A_aem_m1km1wo7ocYcWUC-aqbe6g\" rel=\"noreferrer noopener\" target=\"_blank\">boleteriadigital.com.ar<\/a>, facilitando el acceso tanto para vecinos como para turistas que llegar\u00e1n a Cachi desde distintos puntos del pa\u00eds.<\/p>\n\n\n\n<p>Con una combinaci\u00f3n de m\u00fasica, tradici\u00f3n, identidad y participaci\u00f3n comunitaria, el Festival de la Tradici\u00f3n Calchaqu\u00ed vuelve a posicionarse como uno de los eventos culturales m\u00e1s representativos de Salta y del norte argentino.<\/p>\n\n\n\n<figure class=\"wp-block-gallery has-nested-images columns-default is-cropped wp-block-gallery-1 is-layout-flex wp-block-gallery-is-layout-flex\">\n<figure class=\"wp-block-image size-large\"><a href=\"https:\/\/radiolarioja.com.ar\/rlr\/wp-content\/uploads\/2026\/01\/615209692_1236911858535852_2622850469489463214_n.jpg\"><img fetchpriority=\"high\" decoding=\"async\" width=\"819\" height=\"1024\" data-id=\"84726\" src=\"https:\/\/radiolarioja.com.ar\/rlr\/wp-content\/uploads\/2026\/01\/615209692_1236911858535852_2622850469489463214_n-819x1024.jpg\" alt=\"\" class=\"wp-image-84726\" srcset=\"https:\/\/radiolarioja.com.ar\/rlr\/wp-content\/uploads\/2026\/01\/615209692_1236911858535852_2622850469489463214_n-819x1024.jpg 819w, https:\/\/radiolarioja.com.ar\/rlr\/wp-content\/uploads\/2026\/01\/615209692_1236911858535852_2622850469489463214_n-240x300.jpg 240w, https:\/\/radiolarioja.com.ar\/rlr\/wp-content\/uploads\/2026\/01\/615209692_1236911858535852_2622850469489463214_n-768x960.jpg 768w, https:\/\/radiolarioja.com.ar\/rlr\/wp-content\/uploads\/2026\/01\/615209692_1236911858535852_2622850469489463214_n-1229x1536.jpg 1229w, https:\/\/radiolarioja.com.ar\/rlr\/wp-content\/uploads\/2026\/01\/615209692_1236911858535852_2622850469489463214_n-1024x1280.jpg 1024w, https:\/\/radiolarioja.com.ar\/rlr\/wp-content\/uploads\/2026\/01\/615209692_1236911858535852_2622850469489463214_n.jpg 1280w\" sizes=\"(max-width: 819px) 100vw, 819px\" \/><\/a><\/figure>\n\n\n\n<figure class=\"wp-block-image size-large\"><a href=\"https:\/\/radiolarioja.com.ar\/rlr\/wp-content\/uploads\/2026\/01\/615355559_1236911928535845_3899467411864337858_n.jpg\"><img decoding=\"async\" width=\"819\" height=\"1024\" data-id=\"84723\" src=\"https:\/\/radiolarioja.com.ar\/rlr\/wp-content\/uploads\/2026\/01\/615355559_1236911928535845_3899467411864337858_n-819x1024.jpg\" alt=\"\" class=\"wp-image-84723\" srcset=\"https:\/\/radiolarioja.com.ar\/rlr\/wp-content\/uploads\/2026\/01\/615355559_1236911928535845_3899467411864337858_n-819x1024.jpg 819w, https:\/\/radiolarioja.com.ar\/rlr\/wp-content\/uploads\/2026\/01\/615355559_1236911928535845_3899467411864337858_n-240x300.jpg 240w, https:\/\/radiolarioja.com.ar\/rlr\/wp-content\/uploads\/2026\/01\/615355559_1236911928535845_3899467411864337858_n-768x961.jpg 768w, https:\/\/radiolarioja.com.ar\/rlr\/wp-content\/uploads\/2026\/01\/615355559_1236911928535845_3899467411864337858_n-1228x1536.jpg 1228w, https:\/\/radiolarioja.com.ar\/rlr\/wp-content\/uploads\/2026\/01\/615355559_1236911928535845_3899467411864337858_n-1024x1281.jpg 1024w, https:\/\/radiolarioja.com.ar\/rlr\/wp-content\/uploads\/2026\/01\/615355559_1236911928535845_3899467411864337858_n.jpg 1279w\" sizes=\"(max-width: 819px) 100vw, 819px\" \/><\/a><\/figure>\n\n\n\n<figure class=\"wp-block-image size-large\"><a href=\"https:\/\/radiolarioja.com.ar\/rlr\/wp-content\/uploads\/2026\/01\/615163491_1236911855202519_2063334426654318896_n.jpg\"><img decoding=\"async\" width=\"819\" height=\"1024\" data-id=\"84725\" src=\"https:\/\/radiolarioja.com.ar\/rlr\/wp-content\/uploads\/2026\/01\/615163491_1236911855202519_2063334426654318896_n-819x1024.jpg\" alt=\"\" class=\"wp-image-84725\" srcset=\"https:\/\/radiolarioja.com.ar\/rlr\/wp-content\/uploads\/2026\/01\/615163491_1236911855202519_2063334426654318896_n-819x1024.jpg 819w, https:\/\/radiolarioja.com.ar\/rlr\/wp-content\/uploads\/2026\/01\/615163491_1236911855202519_2063334426654318896_n-240x300.jpg 240w, https:\/\/radiolarioja.com.ar\/rlr\/wp-content\/uploads\/2026\/01\/615163491_1236911855202519_2063334426654318896_n-768x961.jpg 768w, https:\/\/radiolarioja.com.ar\/rlr\/wp-content\/uploads\/2026\/01\/615163491_1236911855202519_2063334426654318896_n-1228x1536.jpg 1228w, https:\/\/radiolarioja.com.ar\/rlr\/wp-content\/uploads\/2026\/01\/615163491_1236911855202519_2063334426654318896_n-1024x1281.jpg 1024w, https:\/\/radiolarioja.com.ar\/rlr\/wp-content\/uploads\/2026\/01\/615163491_1236911855202519_2063334426654318896_n.jpg 1279w\" sizes=\"(max-width: 819px) 100vw, 819px\" \/><\/a><\/figure>\n\n\n\n<figure class=\"wp-block-image size-large\"><a href=\"https:\/\/radiolarioja.com.ar\/rlr\/wp-content\/uploads\/2026\/01\/616270052_1236911778535860_7534422982499207176_n.jpg\"><img loading=\"lazy\" decoding=\"async\" width=\"819\" height=\"1024\" data-id=\"84727\" src=\"https:\/\/radiolarioja.com.ar\/rlr\/wp-content\/uploads\/2026\/01\/616270052_1236911778535860_7534422982499207176_n-819x1024.jpg\" alt=\"\" class=\"wp-image-84727\" srcset=\"https:\/\/radiolarioja.com.ar\/rlr\/wp-content\/uploads\/2026\/01\/616270052_1236911778535860_7534422982499207176_n-819x1024.jpg 819w, https:\/\/radiolarioja.com.ar\/rlr\/wp-content\/uploads\/2026\/01\/616270052_1236911778535860_7534422982499207176_n-240x300.jpg 240w, https:\/\/radiolarioja.com.ar\/rlr\/wp-content\/uploads\/2026\/01\/616270052_1236911778535860_7534422982499207176_n-768x961.jpg 768w, https:\/\/radiolarioja.com.ar\/rlr\/wp-content\/uploads\/2026\/01\/616270052_1236911778535860_7534422982499207176_n-1228x1536.jpg 1228w, https:\/\/radiolarioja.com.ar\/rlr\/wp-content\/uploads\/2026\/01\/616270052_1236911778535860_7534422982499207176_n-1024x1281.jpg 1024w, https:\/\/radiolarioja.com.ar\/rlr\/wp-content\/uploads\/2026\/01\/616270052_1236911778535860_7534422982499207176_n.jpg 1279w\" sizes=\"(max-width: 819px) 100vw, 819px\" \/><\/a><\/figure>\n\n\n\n<figure class=\"wp-block-image size-large\"><a href=\"https:\/\/radiolarioja.com.ar\/rlr\/wp-content\/uploads\/2026\/01\/617118836_1236911851869186_8644292380694192655_n.jpg\"><img loading=\"lazy\" decoding=\"async\" width=\"819\" height=\"1024\" data-id=\"84724\" src=\"https:\/\/radiolarioja.com.ar\/rlr\/wp-content\/uploads\/2026\/01\/617118836_1236911851869186_8644292380694192655_n-819x1024.jpg\" alt=\"\" class=\"wp-image-84724\" srcset=\"https:\/\/radiolarioja.com.ar\/rlr\/wp-content\/uploads\/2026\/01\/617118836_1236911851869186_8644292380694192655_n-819x1024.jpg 819w, https:\/\/radiolarioja.com.ar\/rlr\/wp-content\/uploads\/2026\/01\/617118836_1236911851869186_8644292380694192655_n-240x300.jpg 240w, https:\/\/radiolarioja.com.ar\/rlr\/wp-content\/uploads\/2026\/01\/617118836_1236911851869186_8644292380694192655_n-768x961.jpg 768w, https:\/\/radiolarioja.com.ar\/rlr\/wp-content\/uploads\/2026\/01\/617118836_1236911851869186_8644292380694192655_n-1228x1536.jpg 1228w, https:\/\/radiolarioja.com.ar\/rlr\/wp-content\/uploads\/2026\/01\/617118836_1236911851869186_8644292380694192655_n-1024x1281.jpg 1024w, https:\/\/radiolarioja.com.ar\/rlr\/wp-content\/uploads\/2026\/01\/617118836_1236911851869186_8644292380694192655_n.jpg 1279w\" sizes=\"(max-width: 819px) 100vw, 819px\" \/><\/a><\/figure>\n\n\n\n<figure class=\"wp-block-image size-large\"><a href=\"https:\/\/radiolarioja.com.ar\/rlr\/wp-content\/uploads\/2026\/01\/615163494_1236911775202527_733322913682880952_n.jpg\"><img loading=\"lazy\" decoding=\"async\" width=\"819\" height=\"1024\" data-id=\"84722\" src=\"https:\/\/radiolarioja.com.ar\/rlr\/wp-content\/uploads\/2026\/01\/615163494_1236911775202527_733322913682880952_n-819x1024.jpg\" alt=\"\" class=\"wp-image-84722\" srcset=\"https:\/\/radiolarioja.com.ar\/rlr\/wp-content\/uploads\/2026\/01\/615163494_1236911775202527_733322913682880952_n-819x1024.jpg 819w, https:\/\/radiolarioja.com.ar\/rlr\/wp-content\/uploads\/2026\/01\/615163494_1236911775202527_733322913682880952_n-240x300.jpg 240w, https:\/\/radiolarioja.com.ar\/rlr\/wp-content\/uploads\/2026\/01\/615163494_1236911775202527_733322913682880952_n-768x961.jpg 768w, https:\/\/radiolarioja.com.ar\/rlr\/wp-content\/uploads\/2026\/01\/615163494_1236911775202527_733322913682880952_n-1228x1536.jpg 1228w, https:\/\/radiolarioja.com.ar\/rlr\/wp-content\/uploads\/2026\/01\/615163494_1236911775202527_733322913682880952_n-1024x1281.jpg 1024w, https:\/\/radiolarioja.com.ar\/rlr\/wp-content\/uploads\/2026\/01\/615163494_1236911775202527_733322913682880952_n.jpg 1279w\" sizes=\"(max-width: 819px) 100vw, 819px\" \/><\/a><\/figure>\n\n\n\n<figure class=\"wp-block-image size-large\"><a href=\"https:\/\/radiolarioja.com.ar\/rlr\/wp-content\/uploads\/2026\/01\/615336724_1236911771869194_5430002552588039514_n.jpg\"><img loading=\"lazy\" decoding=\"async\" width=\"819\" height=\"1024\" data-id=\"84728\" src=\"https:\/\/radiolarioja.com.ar\/rlr\/wp-content\/uploads\/2026\/01\/615336724_1236911771869194_5430002552588039514_n-819x1024.jpg\" alt=\"\" class=\"wp-image-84728\" srcset=\"https:\/\/radiolarioja.com.ar\/rlr\/wp-content\/uploads\/2026\/01\/615336724_1236911771869194_5430002552588039514_n-819x1024.jpg 819w, https:\/\/radiolarioja.com.ar\/rlr\/wp-content\/uploads\/2026\/01\/615336724_1236911771869194_5430002552588039514_n-240x300.jpg 240w, https:\/\/radiolarioja.com.ar\/rlr\/wp-content\/uploads\/2026\/01\/615336724_1236911771869194_5430002552588039514_n-768x961.jpg 768w, https:\/\/radiolarioja.com.ar\/rlr\/wp-content\/uploads\/2026\/01\/615336724_1236911771869194_5430002552588039514_n-1228x1536.jpg 1228w, https:\/\/radiolarioja.com.ar\/rlr\/wp-content\/uploads\/2026\/01\/615336724_1236911771869194_5430002552588039514_n-1024x1281.jpg 1024w, https:\/\/radiolarioja.com.ar\/rlr\/wp-content\/uploads\/2026\/01\/615336724_1236911771869194_5430002552588039514_n.jpg 1279w\" sizes=\"(max-width: 819px) 100vw, 819px\" \/><\/a><\/figure>\n<\/figure>\n","protected":false},"excerpt":{"rendered":"<p>Del 23 al 25 de enero, Cachi ser\u00e1 sede de una nueva edici\u00f3n del Festival de la Tradici\u00f3n<\/p>\n","protected":false},"author":2,"featured_media":84726,"comment_status":"open","ping_status":"open","sticky":false,"template":"","format":"standard","meta":{"footnotes":""},"categories":[15,19],"tags":[],"class_list":["post-84721","post","type-post","status-publish","format-standard","has-post-thumbnail","hentry","category-nacional","category-sociedad"],"featured_image_urls":{"full":["https:\/\/radiolarioja.com.ar\/rlr\/wp-content\/uploads\/2026\/01\/615209692_1236911858535852_2622850469489463214_n.jpg",1280,1600,false],"thumbnail":["https:\/\/radiolarioja.com.ar\/rlr\/wp-content\/uploads\/2026\/01\/615209692_1236911858535852_2622850469489463214_n-150x150.jpg",150,150,true],"medium":["https:\/\/radiolarioja.com.ar\/rlr\/wp-content\/uploads\/2026\/01\/615209692_1236911858535852_2622850469489463214_n-240x300.jpg",240,300,true],"medium_large":["https:\/\/radiolarioja.com.ar\/rlr\/wp-content\/uploads\/2026\/01\/615209692_1236911858535852_2622850469489463214_n-768x960.jpg",640,800,true],"large":["https:\/\/radiolarioja.com.ar\/rlr\/wp-content\/uploads\/2026\/01\/615209692_1236911858535852_2622850469489463214_n-819x1024.jpg",640,800,true],"1536x1536":["https:\/\/radiolarioja.com.ar\/rlr\/wp-content\/uploads\/2026\/01\/615209692_1236911858535852_2622850469489463214_n-1229x1536.jpg",1229,1536,true],"2048x2048":["https:\/\/radiolarioja.com.ar\/rlr\/wp-content\/uploads\/2026\/01\/615209692_1236911858535852_2622850469489463214_n.jpg",1280,1600,false],"morenews-large":["https:\/\/radiolarioja.com.ar\/rlr\/wp-content\/uploads\/2026\/01\/615209692_1236911858535852_2622850469489463214_n-825x575.jpg",825,575,true],"morenews-medium":["https:\/\/radiolarioja.com.ar\/rlr\/wp-content\/uploads\/2026\/01\/615209692_1236911858535852_2622850469489463214_n-590x410.jpg",590,410,true]},"author_info":{"info":["RadioLaRioja"]},"category_info":"<a href=\"https:\/\/radiolarioja.com.ar\/rlr\/category\/nacional\/\" rel=\"category tag\">Nacional<\/a> <a href=\"https:\/\/radiolarioja.com.ar\/rlr\/category\/sociedad\/\" rel=\"category tag\">Sociedad<\/a>","tag_info":"Sociedad","comment_count":"0","_links":{"self":[{"href":"https:\/\/radiolarioja.com.ar\/rlr\/wp-json\/wp\/v2\/posts\/84721","targetHints":{"allow":["GET"]}}],"collection":[{"href":"https:\/\/radiolarioja.com.ar\/rlr\/wp-json\/wp\/v2\/posts"}],"about":[{"href":"https:\/\/radiolarioja.com.ar\/rlr\/wp-json\/wp\/v2\/types\/post"}],"author":[{"embeddable":true,"href":"https:\/\/radiolarioja.com.ar\/rlr\/wp-json\/wp\/v2\/users\/2"}],"replies":[{"embeddable":true,"href":"https:\/\/radiolarioja.com.ar\/rlr\/wp-json\/wp\/v2\/comments?post=84721"}],"version-history":[{"count":1,"href":"https:\/\/radiolarioja.com.ar\/rlr\/wp-json\/wp\/v2\/posts\/84721\/revisions"}],"predecessor-version":[{"id":84729,"href":"https:\/\/radiolarioja.com.ar\/rlr\/wp-json\/wp\/v2\/posts\/84721\/revisions\/84729"}],"wp:featuredmedia":[{"embeddable":true,"href":"https:\/\/radiolarioja.com.ar\/rlr\/wp-json\/wp\/v2\/media\/84726"}],"wp:attachment":[{"href":"https:\/\/radiolarioja.com.ar\/rlr\/wp-json\/wp\/v2\/media?parent=84721"}],"wp:term":[{"taxonomy":"category","embeddable":true,"href":"https:\/\/radiolarioja.com.ar\/rlr\/wp-json\/wp\/v2\/categories?post=84721"},{"taxonomy":"post_tag","embeddable":true,"href":"https:\/\/radiolarioja.com.ar\/rlr\/wp-json\/wp\/v2\/tags?post=84721"}],"curies":[{"name":"wp","href":"https:\/\/api.w.org\/{rel}","templated":true}]}}