{"id":84711,"date":"2026-01-15T12:14:01","date_gmt":"2026-01-15T15:14:01","guid":{"rendered":"https:\/\/radiolarioja.com.ar\/rlr\/?p=84711"},"modified":"2026-01-15T12:14:02","modified_gmt":"2026-01-15T15:14:02","slug":"francia-suecia-gran-bretana-noruega-y-alemania-confirmaron-el-envio-de-tropas-a-groenlandia-por-pedido-de-dinamarca","status":"publish","type":"post","link":"https:\/\/radiolarioja.com.ar\/rlr\/francia-suecia-gran-bretana-noruega-y-alemania-confirmaron-el-envio-de-tropas-a-groenlandia-por-pedido-de-dinamarca\/","title":{"rendered":"Francia, Suecia, Gran Breta\u00f1a, Noruega y Alemania confirmaron el env\u00edo de tropas a Groenlandia por pedido de Dinamarca"},"content":{"rendered":"\n<p>La medida busca fortalecer la presencia de la OTAN y la cooperaci\u00f3n entre aliados europeos<\/p>\n\n\n\n<figure class=\"wp-block-image size-full\"><a href=\"https:\/\/radiolarioja.com.ar\/rlr\/wp-content\/uploads\/2026\/01\/SFBN4GVKERDS3EL6AXYOCWJZFU.avif\"><img fetchpriority=\"high\" decoding=\"async\" width=\"992\" height=\"661\" src=\"https:\/\/radiolarioja.com.ar\/rlr\/wp-content\/uploads\/2026\/01\/SFBN4GVKERDS3EL6AXYOCWJZFU.avif\" alt=\"\" class=\"wp-image-84712\"\/><\/a><\/figure>\n\n\n\n<p>En una jornada definida por la intensa actividad diplom\u00e1tica y militar en el \u00c1rtico, Suecia, Gran Breta\u00f1a, Noruega, Francia y Alemania confirmaron el env\u00edo de destacamentos militares a Groenlandia tras la solicitud de Dinamarca para reforzar la seguridad en la zona.<\/p>\n\n\n\n<p>La decisi\u00f3n surge en medio de tensiones geopol\u00edticas crecientes, relacionadas con las intenciones de Estados Unidos de ampliar su influencia en el territorio aut\u00f3nomo dan\u00e9s.<\/p>\n\n\n\n<p>El primer ministro sueco, Ulf Kristersson, anunci\u00f3 la llegada de tropas suecas a Groenlandia este mi\u00e9rcoles. El despliegue se enmarca en el ejercicio militar dan\u00e9s Operaci\u00f3n Resistencia \u00c1rtica, que cuenta con la participaci\u00f3n de varios pa\u00edses aliados.<\/p>\n\n\n\n<p>Kristersson explic\u00f3 que los uniformados suecos colaborar\u00e1n con otros contingentes internacionales para coordinar futuras acciones dentro del operativo solicitado por Dinamarca.<\/p>\n\n\n\n<p>En simult\u00e1neo, el ministro de Defensa brit\u00e1nico, John Healey, confirm\u00f3 la incorporaci\u00f3n de un militar brit\u00e1nico a un grupo de reconocimiento que participar\u00e1 en el mismo ejercicio.<\/p>\n\n\n\n<figure class=\"wp-block-image size-full\"><a href=\"https:\/\/radiolarioja.com.ar\/rlr\/wp-content\/uploads\/2026\/01\/OQYHHNJQ7JCEZM3HJHMYYSNDNI-1.avif\"><img decoding=\"async\" width=\"992\" height=\"661\" src=\"https:\/\/radiolarioja.com.ar\/rlr\/wp-content\/uploads\/2026\/01\/OQYHHNJQ7JCEZM3HJHMYYSNDNI-1.avif\" alt=\"\" class=\"wp-image-84713\"\/><\/a><\/figure>\n\n\n\n<p>Durante una conferencia de prensa en Estocolmo, afirm\u00f3 que la integraci\u00f3n brit\u00e1nica responde al inter\u00e9s compartido con la administraci\u00f3n de Donald Trump en fortalecer la seguridad y disuadir posibles acciones de Rusia o China en el \u00c1rtico.<\/p>\n\n\n\n<figure class=\"wp-block-image size-full\"><a href=\"https:\/\/radiolarioja.com.ar\/rlr\/wp-content\/uploads\/2026\/01\/232AYRFZ2BA2TIV55NXSOEUJFM.avif\"><img decoding=\"async\" width=\"992\" height=\"693\" src=\"https:\/\/radiolarioja.com.ar\/rlr\/wp-content\/uploads\/2026\/01\/232AYRFZ2BA2TIV55NXSOEUJFM.avif\" alt=\"\" class=\"wp-image-84714\"\/><\/a><\/figure>\n\n\n\n<p>Por su parte, el ministro de Defensa noruego, Tore Sandvik, inform\u00f3 al diario local VG que su pa\u00eds tambi\u00e9n ha enviado personal militar con el objetivo de fortalecer la seguridad en el \u00c1rtico y fomentar la cooperaci\u00f3n entre aliados.<\/p>\n\n\n\n<figure class=\"wp-block-image size-full\"><a href=\"https:\/\/radiolarioja.com.ar\/rlr\/wp-content\/uploads\/2026\/01\/RXS2YDIHVZRXBVM6YI3ER2UUAM.avif\"><img loading=\"lazy\" decoding=\"async\" width=\"992\" height=\"663\" src=\"https:\/\/radiolarioja.com.ar\/rlr\/wp-content\/uploads\/2026\/01\/RXS2YDIHVZRXBVM6YI3ER2UUAM.avif\" alt=\"\" class=\"wp-image-84715\"\/><\/a><\/figure>\n\n\n\n<p>El Ministerio de Defensa de Alemania comunic\u00f3 que la Bundeswehr despleg\u00f3 un equipo de reconocimiento de trece efectivos en la capital groenlandesa, Nuuk.<\/p>\n\n\n\n<p>El grupo alem\u00e1n, activo entre jueves y s\u00e1bado, evaluar\u00e1 las condiciones para futuras contribuciones militares en apoyo a Dinamarca. El comunicado oficial alem\u00e1n precisa que el despliegue permitir\u00e1 analizar posibles aportes en vigilancia mar\u00edtima y otras capacidades, desarroll\u00e1ndose junto a representantes de otros pa\u00edses aliados.<\/p>\n\n\n\n<p>Por otro lado, Francia tambi\u00e9n participa en el operativo, con la confirmaci\u00f3n del env\u00edo de un peque\u00f1o contingente militar.<\/p>\n\n\n\n<p>Sin embargo, fuentes militares consultadas por el diario franc\u00e9s Le Monde no especificaron la cantidad de efectivos ni los objetivos exactos de la misi\u00f3n. Francia se incorpora as\u00ed al grupo de pa\u00edses europeos presentes en el \u00c1rtico bajo el paraguas de la OTAN.<\/p>\n\n\n\n<figure class=\"wp-block-image size-full\"><a href=\"https:\/\/radiolarioja.com.ar\/rlr\/wp-content\/uploads\/2026\/01\/2W3S5HDYPZEGXFXYGL36EC7YRM.avif\"><img loading=\"lazy\" decoding=\"async\" width=\"992\" height=\"662\" src=\"https:\/\/radiolarioja.com.ar\/rlr\/wp-content\/uploads\/2026\/01\/2W3S5HDYPZEGXFXYGL36EC7YRM.avif\" alt=\"\" class=\"wp-image-84716\"\/><\/a><\/figure>\n\n\n\n<p>La intensificaci\u00f3n de la presencia militar aliada en Groenlandia se da en un contexto de tensi\u00f3n entre Dinamarca y Estados Unidos. El gobierno dan\u00e9s, en una declaraci\u00f3n conjunta con el Ministerio de Exteriores de Groenlandia, ampli\u00f3 su despliegue en la isla como respuesta a las disputas por las aspiraciones estadounidenses de anexar el territorio.<\/p>\n\n\n\n<p>Las autoridades danesas informaron que, desde esta semana, la presencia militar en Groenlandia incluir\u00e1 aeronaves, buques y soldados, tanto daneses como de aliados de la OTAN.<\/p>\n\n\n\n<p>La ministra de Exteriores de Groenlandia, Vivian Motzfeld, asegur\u00f3 que el refuerzo de la defensa de la isla es una prioridad fundamental y afirm\u00f3 que existe una coordinaci\u00f3n constante con Copenhague para impulsar nuevas iniciativas y fortalecer la cooperaci\u00f3n multilateral.<\/p>\n\n\n\n<figure class=\"wp-block-image size-full\"><a href=\"https:\/\/radiolarioja.com.ar\/rlr\/wp-content\/uploads\/2026\/01\/CGYBTLSASNCDDL4L4Z4Z6YCEIA.avif\"><img loading=\"lazy\" decoding=\"async\" width=\"992\" height=\"661\" src=\"https:\/\/radiolarioja.com.ar\/rlr\/wp-content\/uploads\/2026\/01\/CGYBTLSASNCDDL4L4Z4Z6YCEIA.avif\" alt=\"\" class=\"wp-image-84717\"\/><\/a><\/figure>\n\n\n\n<p>Motzfeld especific\u00f3 que la poblaci\u00f3n groenlandesa ser\u00e1 informada de forma continua sobre las actividades militares a trav\u00e9s de las plataformas oficiales del Mando \u00c1rtico Conjunto.<\/p>\n\n\n\n<p>Por su parte, el titular de Defensa dan\u00e9s, Troels Lund Poulsen, subray\u00f3 la importancia estrat\u00e9gica del \u00c1rtico para su pa\u00eds y sus socios.<\/p>\n\n\n\n<figure class=\"wp-block-image size-full\"><a href=\"https:\/\/radiolarioja.com.ar\/rlr\/wp-content\/uploads\/2026\/01\/ERJQXZUOX5GS5JFY2AAHNSHU3Q-1.avif\"><img loading=\"lazy\" decoding=\"async\" width=\"992\" height=\"661\" src=\"https:\/\/radiolarioja.com.ar\/rlr\/wp-content\/uploads\/2026\/01\/ERJQXZUOX5GS5JFY2AAHNSHU3Q-1.avif\" alt=\"\" class=\"wp-image-84718\"\/><\/a><\/figure>\n\n\n\n<p>Adem\u00e1s, record\u00f3 que los esfuerzos de fortalecimiento militar comenzaron en 2025 y que la nueva etapa de cooperaci\u00f3n con aliados europeos, incluida la exploraci\u00f3n de nuevas modalidades de presencia y ejercicios, se incrementar\u00e1 a lo largo de las pr\u00f3ximas semanas.<\/p>\n\n\n\n<p>Este despliegue internacional coincide con la visita de una delegaci\u00f3n danesa a la Casa Blanca, donde representantes de Dinamarca y Groenlandia se reunieron con el vicepresidente estadounidense JD Vance y el secretario de Estado Marco Rubio para abordar directamente las intenciones de Washington respecto a la soberan\u00eda sobre Groenlandia.<\/p>\n\n\n\n<p>Bajo ese contexto, el ministro de Exteriores dan\u00e9s, Lars Lokke Rasmussen, afirm\u00f3 antes del encuentro que el objetivo era debatir \u201ccara a cara\u201d las pretensiones estadounidenses de controlar el territorio \u00e1rtico.<\/p>\n\n\n\n<figure class=\"wp-block-image size-full\"><a href=\"https:\/\/radiolarioja.com.ar\/rlr\/wp-content\/uploads\/2026\/01\/KGLQRP62MNGW3MIJSBVIY3DJUU.avif\"><img loading=\"lazy\" decoding=\"async\" width=\"992\" height=\"670\" src=\"https:\/\/radiolarioja.com.ar\/rlr\/wp-content\/uploads\/2026\/01\/KGLQRP62MNGW3MIJSBVIY3DJUU.avif\" alt=\"\" class=\"wp-image-84719\"\/><\/a><figcaption class=\"wp-element-caption\">Lars Lokke Rasmussen se\u00f1al\u00f3 que el objetivo de la visita a Washington fue debatir la soberan\u00eda de Groenlandia (Reuters)<\/figcaption><\/figure>\n\n\n\n<p>Fuente: Europa Press, France Press<\/p>\n\n\n\n<p><\/p>\n","protected":false},"excerpt":{"rendered":"<p>La medida busca fortalecer la presencia de la OTAN y la cooperaci\u00f3n entre aliados europeos En una jornada<\/p>\n","protected":false},"author":2,"featured_media":84712,"comment_status":"open","ping_status":"open","sticky":false,"template":"","format":"standard","meta":{"footnotes":""},"categories":[11],"tags":[],"class_list":["post-84711","post","type-post","status-publish","format-standard","has-post-thumbnail","hentry","category-internacional"],"featured_image_urls":{"full":["https:\/\/radiolarioja.com.ar\/rlr\/wp-content\/uploads\/2026\/01\/SFBN4GVKERDS3EL6AXYOCWJZFU.avif",992,661,false],"thumbnail":["https:\/\/radiolarioja.com.ar\/rlr\/wp-content\/uploads\/2026\/01\/SFBN4GVKERDS3EL6AXYOCWJZFU.avif",150,100,false],"medium":["https:\/\/radiolarioja.com.ar\/rlr\/wp-content\/uploads\/2026\/01\/SFBN4GVKERDS3EL6AXYOCWJZFU.avif",300,200,false],"medium_large":["https:\/\/radiolarioja.com.ar\/rlr\/wp-content\/uploads\/2026\/01\/SFBN4GVKERDS3EL6AXYOCWJZFU.avif",640,426,false],"large":["https:\/\/radiolarioja.com.ar\/rlr\/wp-content\/uploads\/2026\/01\/SFBN4GVKERDS3EL6AXYOCWJZFU.avif",640,426,false],"1536x1536":["https:\/\/radiolarioja.com.ar\/rlr\/wp-content\/uploads\/2026\/01\/SFBN4GVKERDS3EL6AXYOCWJZFU.avif",992,661,false],"2048x2048":["https:\/\/radiolarioja.com.ar\/rlr\/wp-content\/uploads\/2026\/01\/SFBN4GVKERDS3EL6AXYOCWJZFU.avif",992,661,false],"morenews-large":["https:\/\/radiolarioja.com.ar\/rlr\/wp-content\/uploads\/2026\/01\/SFBN4GVKERDS3EL6AXYOCWJZFU.avif",825,550,false],"morenews-medium":["https:\/\/radiolarioja.com.ar\/rlr\/wp-content\/uploads\/2026\/01\/SFBN4GVKERDS3EL6AXYOCWJZFU.avif",590,393,false]},"author_info":{"info":["RadioLaRioja"]},"category_info":"<a href=\"https:\/\/radiolarioja.com.ar\/rlr\/category\/internacional\/\" rel=\"category tag\">Internacional<\/a>","tag_info":"Internacional","comment_count":"0","_links":{"self":[{"href":"https:\/\/radiolarioja.com.ar\/rlr\/wp-json\/wp\/v2\/posts\/84711","targetHints":{"allow":["GET"]}}],"collection":[{"href":"https:\/\/radiolarioja.com.ar\/rlr\/wp-json\/wp\/v2\/posts"}],"about":[{"href":"https:\/\/radiolarioja.com.ar\/rlr\/wp-json\/wp\/v2\/types\/post"}],"author":[{"embeddable":true,"href":"https:\/\/radiolarioja.com.ar\/rlr\/wp-json\/wp\/v2\/users\/2"}],"replies":[{"embeddable":true,"href":"https:\/\/radiolarioja.com.ar\/rlr\/wp-json\/wp\/v2\/comments?post=84711"}],"version-history":[{"count":1,"href":"https:\/\/radiolarioja.com.ar\/rlr\/wp-json\/wp\/v2\/posts\/84711\/revisions"}],"predecessor-version":[{"id":84720,"href":"https:\/\/radiolarioja.com.ar\/rlr\/wp-json\/wp\/v2\/posts\/84711\/revisions\/84720"}],"wp:featuredmedia":[{"embeddable":true,"href":"https:\/\/radiolarioja.com.ar\/rlr\/wp-json\/wp\/v2\/media\/84712"}],"wp:attachment":[{"href":"https:\/\/radiolarioja.com.ar\/rlr\/wp-json\/wp\/v2\/media?parent=84711"}],"wp:term":[{"taxonomy":"category","embeddable":true,"href":"https:\/\/radiolarioja.com.ar\/rlr\/wp-json\/wp\/v2\/categories?post=84711"},{"taxonomy":"post_tag","embeddable":true,"href":"https:\/\/radiolarioja.com.ar\/rlr\/wp-json\/wp\/v2\/tags?post=84711"}],"curies":[{"name":"wp","href":"https:\/\/api.w.org\/{rel}","templated":true}]}}