{"id":84708,"date":"2026-01-15T12:03:18","date_gmt":"2026-01-15T15:03:18","guid":{"rendered":"https:\/\/radiolarioja.com.ar\/rlr\/?p=84708"},"modified":"2026-01-15T12:03:19","modified_gmt":"2026-01-15T15:03:19","slug":"el-polideportivo-tama-sera-sede-del-festival-de-la-tradicion-de-los-llanos-riojanos","status":"publish","type":"post","link":"https:\/\/radiolarioja.com.ar\/rlr\/el-polideportivo-tama-sera-sede-del-festival-de-la-tradicion-de-los-llanos-riojanos\/","title":{"rendered":"El Polideportivo Tama ser\u00e1 sede del Festival de la Tradici\u00f3n de los Llanos Riojanos"},"content":{"rendered":"\n<p>El pr\u00f3ximo s\u00e1bado 7 de febrero, el Polideportivo Tama ser\u00e1 escenario de la 32\u00b0 edici\u00f3n del Festival de la Tradici\u00f3n de los Llanos Riojanos, uno de los eventos culturales m\u00e1s representativos de la regi\u00f3n, que reunir\u00e1 a destacados artistas locales y provinciales.<\/p>\n\n\n\n<p>La grilla art\u00edstica estar\u00e1 encabezada por Jorge Rojas y el grupo Tapari, quienes compartir\u00e1n escenario con Changuito Yute\u00f1o, Los Legales, La Banda de Potencia y La Clave, adem\u00e1s de la participaci\u00f3n de artistas de la delegaci\u00f3n departamental.<\/p>\n\n\n\n<p>El festival propone una noche a puro folclore, m\u00fasica y tradici\u00f3n, con el objetivo de revalorizar la identidad cultural de los llanos riojanos y fortalecer el encuentro entre familias y visitantes.<\/p>\n\n\n\n<p>La organizaci\u00f3n del evento cuenta con el acompa\u00f1amiento de la Municipalidad del Departamento \u00c1ngel Vicente Pe\u00f1aloza, con el respaldo del intendente Ricardo Romero, reafirmando el compromiso institucional con la promoci\u00f3n de la cultura y las expresiones tradicionales de la provincia.<\/p>\n\n\n\n<figure class=\"wp-block-image size-large\"><a href=\"https:\/\/radiolarioja.com.ar\/rlr\/wp-content\/uploads\/2026\/01\/615870580_1462237705902604_5418603071107236636_n.jpg\"><img fetchpriority=\"high\" decoding=\"async\" width=\"1024\" height=\"502\" src=\"https:\/\/radiolarioja.com.ar\/rlr\/wp-content\/uploads\/2026\/01\/615870580_1462237705902604_5418603071107236636_n-1024x502.jpg\" alt=\"\" class=\"wp-image-84709\" srcset=\"https:\/\/radiolarioja.com.ar\/rlr\/wp-content\/uploads\/2026\/01\/615870580_1462237705902604_5418603071107236636_n-1024x502.jpg 1024w, https:\/\/radiolarioja.com.ar\/rlr\/wp-content\/uploads\/2026\/01\/615870580_1462237705902604_5418603071107236636_n-300x147.jpg 300w, https:\/\/radiolarioja.com.ar\/rlr\/wp-content\/uploads\/2026\/01\/615870580_1462237705902604_5418603071107236636_n-768x376.jpg 768w, https:\/\/radiolarioja.com.ar\/rlr\/wp-content\/uploads\/2026\/01\/615870580_1462237705902604_5418603071107236636_n.jpg 1080w\" sizes=\"(max-width: 1024px) 100vw, 1024px\" \/><\/a><\/figure>\n","protected":false},"excerpt":{"rendered":"<p>El pr\u00f3ximo s\u00e1bado 7 de febrero, el Polideportivo Tama ser\u00e1 escenario de la 32\u00b0 edici\u00f3n del Festival de<\/p>\n","protected":false},"author":2,"featured_media":84709,"comment_status":"open","ping_status":"open","sticky":false,"template":"","format":"standard","meta":{"footnotes":""},"categories":[12,19],"tags":[],"class_list":["post-84708","post","type-post","status-publish","format-standard","has-post-thumbnail","hentry","category-local","category-sociedad"],"featured_image_urls":{"full":["https:\/\/radiolarioja.com.ar\/rlr\/wp-content\/uploads\/2026\/01\/615870580_1462237705902604_5418603071107236636_n.jpg",1080,529,false],"thumbnail":["https:\/\/radiolarioja.com.ar\/rlr\/wp-content\/uploads\/2026\/01\/615870580_1462237705902604_5418603071107236636_n-150x150.jpg",150,150,true],"medium":["https:\/\/radiolarioja.com.ar\/rlr\/wp-content\/uploads\/2026\/01\/615870580_1462237705902604_5418603071107236636_n-300x147.jpg",300,147,true],"medium_large":["https:\/\/radiolarioja.com.ar\/rlr\/wp-content\/uploads\/2026\/01\/615870580_1462237705902604_5418603071107236636_n-768x376.jpg",640,313,true],"large":["https:\/\/radiolarioja.com.ar\/rlr\/wp-content\/uploads\/2026\/01\/615870580_1462237705902604_5418603071107236636_n-1024x502.jpg",640,314,true],"1536x1536":["https:\/\/radiolarioja.com.ar\/rlr\/wp-content\/uploads\/2026\/01\/615870580_1462237705902604_5418603071107236636_n.jpg",1080,529,false],"2048x2048":["https:\/\/radiolarioja.com.ar\/rlr\/wp-content\/uploads\/2026\/01\/615870580_1462237705902604_5418603071107236636_n.jpg",1080,529,false],"morenews-large":["https:\/\/radiolarioja.com.ar\/rlr\/wp-content\/uploads\/2026\/01\/615870580_1462237705902604_5418603071107236636_n-825x529.jpg",825,529,true],"morenews-medium":["https:\/\/radiolarioja.com.ar\/rlr\/wp-content\/uploads\/2026\/01\/615870580_1462237705902604_5418603071107236636_n-590x410.jpg",590,410,true]},"author_info":{"info":["RadioLaRioja"]},"category_info":"<a href=\"https:\/\/radiolarioja.com.ar\/rlr\/category\/local\/\" rel=\"category tag\">Local<\/a> <a href=\"https:\/\/radiolarioja.com.ar\/rlr\/category\/sociedad\/\" rel=\"category tag\">Sociedad<\/a>","tag_info":"Sociedad","comment_count":"0","_links":{"self":[{"href":"https:\/\/radiolarioja.com.ar\/rlr\/wp-json\/wp\/v2\/posts\/84708","targetHints":{"allow":["GET"]}}],"collection":[{"href":"https:\/\/radiolarioja.com.ar\/rlr\/wp-json\/wp\/v2\/posts"}],"about":[{"href":"https:\/\/radiolarioja.com.ar\/rlr\/wp-json\/wp\/v2\/types\/post"}],"author":[{"embeddable":true,"href":"https:\/\/radiolarioja.com.ar\/rlr\/wp-json\/wp\/v2\/users\/2"}],"replies":[{"embeddable":true,"href":"https:\/\/radiolarioja.com.ar\/rlr\/wp-json\/wp\/v2\/comments?post=84708"}],"version-history":[{"count":1,"href":"https:\/\/radiolarioja.com.ar\/rlr\/wp-json\/wp\/v2\/posts\/84708\/revisions"}],"predecessor-version":[{"id":84710,"href":"https:\/\/radiolarioja.com.ar\/rlr\/wp-json\/wp\/v2\/posts\/84708\/revisions\/84710"}],"wp:featuredmedia":[{"embeddable":true,"href":"https:\/\/radiolarioja.com.ar\/rlr\/wp-json\/wp\/v2\/media\/84709"}],"wp:attachment":[{"href":"https:\/\/radiolarioja.com.ar\/rlr\/wp-json\/wp\/v2\/media?parent=84708"}],"wp:term":[{"taxonomy":"category","embeddable":true,"href":"https:\/\/radiolarioja.com.ar\/rlr\/wp-json\/wp\/v2\/categories?post=84708"},{"taxonomy":"post_tag","embeddable":true,"href":"https:\/\/radiolarioja.com.ar\/rlr\/wp-json\/wp\/v2\/tags?post=84708"}],"curies":[{"name":"wp","href":"https:\/\/api.w.org\/{rel}","templated":true}]}}