{"id":84705,"date":"2026-01-15T11:57:47","date_gmt":"2026-01-15T14:57:47","guid":{"rendered":"https:\/\/radiolarioja.com.ar\/rlr\/?p=84705"},"modified":"2026-01-15T11:57:47","modified_gmt":"2026-01-15T14:57:47","slug":"un-motociclista-resulto-gravemente-herido-tras-un-accidente-en-avenida-san-nicolas-de-bari","status":"publish","type":"post","link":"https:\/\/radiolarioja.com.ar\/rlr\/un-motociclista-resulto-gravemente-herido-tras-un-accidente-en-avenida-san-nicolas-de-bari\/","title":{"rendered":"Un motociclista result\u00f3 gravemente herido tras un accidente en avenida San Nicol\u00e1s de Bari"},"content":{"rendered":"\n<p>Un grave siniestro vial se registr\u00f3 en la tarde del mi\u00e9rcoles 14 de enero, cuando un motociclista de 32 a\u00f1os perdi\u00f3 el control de su rodado y sufri\u00f3 una fractura en la pierna izquierda, por lo que debi\u00f3 ser trasladado de urgencia al hospital local.<\/p>\n\n\n\n<p>El accidente ocurri\u00f3 alrededor de las 17:40 horas en avenida San Nicol\u00e1s de Bari Este. De acuerdo con el informe del Departamento de Accidentes Viales, el hombre circulaba de oeste a este a bordo de una motocicleta Yamaha Crypton 110 cc cuando, por causas que a\u00fan se investigan, cay\u00f3 pesadamente sobre la calzada de tierra.<\/p>\n\n\n\n<p>En el lugar intervino personal de emergencias m\u00e9dicas, quienes diagnosticaron una fractura en el platillo tibial de la pierna izquierda y dispusieron el traslado inmediato del herido al nosocomio local para una mejor atenci\u00f3n.<\/p>\n\n\n\n<p>Durante el procedimiento tambi\u00e9n se levant\u00f3 de la escena un casco protector de color negro, que habr\u00eda sido utilizado por el conductor al momento del siniestro. Las circunstancias del accidente contin\u00faan siendo materia de investigaci\u00f3n.<\/p>\n\n\n\n<figure class=\"wp-block-image size-full is-resized\"><a href=\"https:\/\/radiolarioja.com.ar\/rlr\/wp-content\/uploads\/2026\/01\/FireShot-Capture-1481-1-Facebook-www.facebook.com_.png\"><img fetchpriority=\"high\" decoding=\"async\" width=\"500\" height=\"291\" src=\"https:\/\/radiolarioja.com.ar\/rlr\/wp-content\/uploads\/2026\/01\/FireShot-Capture-1481-1-Facebook-www.facebook.com_.png\" alt=\"\" class=\"wp-image-84706\" style=\"width:731px;height:auto\" srcset=\"https:\/\/radiolarioja.com.ar\/rlr\/wp-content\/uploads\/2026\/01\/FireShot-Capture-1481-1-Facebook-www.facebook.com_.png 500w, https:\/\/radiolarioja.com.ar\/rlr\/wp-content\/uploads\/2026\/01\/FireShot-Capture-1481-1-Facebook-www.facebook.com_-300x175.png 300w\" sizes=\"(max-width: 500px) 100vw, 500px\" \/><\/a><\/figure>\n","protected":false},"excerpt":{"rendered":"<p>Un grave siniestro vial se registr\u00f3 en la tarde del mi\u00e9rcoles 14 de enero, cuando un motociclista de<\/p>\n","protected":false},"author":2,"featured_media":84706,"comment_status":"open","ping_status":"open","sticky":false,"template":"","format":"standard","meta":{"footnotes":""},"categories":[17],"tags":[],"class_list":["post-84705","post","type-post","status-publish","format-standard","has-post-thumbnail","hentry","category-justicia"],"featured_image_urls":{"full":["https:\/\/radiolarioja.com.ar\/rlr\/wp-content\/uploads\/2026\/01\/FireShot-Capture-1481-1-Facebook-www.facebook.com_.png",500,291,false],"thumbnail":["https:\/\/radiolarioja.com.ar\/rlr\/wp-content\/uploads\/2026\/01\/FireShot-Capture-1481-1-Facebook-www.facebook.com_-150x150.png",150,150,true],"medium":["https:\/\/radiolarioja.com.ar\/rlr\/wp-content\/uploads\/2026\/01\/FireShot-Capture-1481-1-Facebook-www.facebook.com_-300x175.png",300,175,true],"medium_large":["https:\/\/radiolarioja.com.ar\/rlr\/wp-content\/uploads\/2026\/01\/FireShot-Capture-1481-1-Facebook-www.facebook.com_.png",500,291,false],"large":["https:\/\/radiolarioja.com.ar\/rlr\/wp-content\/uploads\/2026\/01\/FireShot-Capture-1481-1-Facebook-www.facebook.com_.png",500,291,false],"1536x1536":["https:\/\/radiolarioja.com.ar\/rlr\/wp-content\/uploads\/2026\/01\/FireShot-Capture-1481-1-Facebook-www.facebook.com_.png",500,291,false],"2048x2048":["https:\/\/radiolarioja.com.ar\/rlr\/wp-content\/uploads\/2026\/01\/FireShot-Capture-1481-1-Facebook-www.facebook.com_.png",500,291,false],"morenews-large":["https:\/\/radiolarioja.com.ar\/rlr\/wp-content\/uploads\/2026\/01\/FireShot-Capture-1481-1-Facebook-www.facebook.com_.png",500,291,false],"morenews-medium":["https:\/\/radiolarioja.com.ar\/rlr\/wp-content\/uploads\/2026\/01\/FireShot-Capture-1481-1-Facebook-www.facebook.com_.png",500,291,false]},"author_info":{"info":["RadioLaRioja"]},"category_info":"<a href=\"https:\/\/radiolarioja.com.ar\/rlr\/category\/justicia\/\" rel=\"category tag\">Justicia<\/a>","tag_info":"Justicia","comment_count":"0","_links":{"self":[{"href":"https:\/\/radiolarioja.com.ar\/rlr\/wp-json\/wp\/v2\/posts\/84705","targetHints":{"allow":["GET"]}}],"collection":[{"href":"https:\/\/radiolarioja.com.ar\/rlr\/wp-json\/wp\/v2\/posts"}],"about":[{"href":"https:\/\/radiolarioja.com.ar\/rlr\/wp-json\/wp\/v2\/types\/post"}],"author":[{"embeddable":true,"href":"https:\/\/radiolarioja.com.ar\/rlr\/wp-json\/wp\/v2\/users\/2"}],"replies":[{"embeddable":true,"href":"https:\/\/radiolarioja.com.ar\/rlr\/wp-json\/wp\/v2\/comments?post=84705"}],"version-history":[{"count":1,"href":"https:\/\/radiolarioja.com.ar\/rlr\/wp-json\/wp\/v2\/posts\/84705\/revisions"}],"predecessor-version":[{"id":84707,"href":"https:\/\/radiolarioja.com.ar\/rlr\/wp-json\/wp\/v2\/posts\/84705\/revisions\/84707"}],"wp:featuredmedia":[{"embeddable":true,"href":"https:\/\/radiolarioja.com.ar\/rlr\/wp-json\/wp\/v2\/media\/84706"}],"wp:attachment":[{"href":"https:\/\/radiolarioja.com.ar\/rlr\/wp-json\/wp\/v2\/media?parent=84705"}],"wp:term":[{"taxonomy":"category","embeddable":true,"href":"https:\/\/radiolarioja.com.ar\/rlr\/wp-json\/wp\/v2\/categories?post=84705"},{"taxonomy":"post_tag","embeddable":true,"href":"https:\/\/radiolarioja.com.ar\/rlr\/wp-json\/wp\/v2\/tags?post=84705"}],"curies":[{"name":"wp","href":"https:\/\/api.w.org\/{rel}","templated":true}]}}