{"id":84702,"date":"2026-01-15T11:53:23","date_gmt":"2026-01-15T14:53:23","guid":{"rendered":"https:\/\/radiolarioja.com.ar\/rlr\/?p=84702"},"modified":"2026-01-15T11:53:24","modified_gmt":"2026-01-15T14:53:24","slug":"santa-barbara-se-prepara-para-el-17-festival-de-las-artesanas-teleras","status":"publish","type":"post","link":"https:\/\/radiolarioja.com.ar\/rlr\/santa-barbara-se-prepara-para-el-17-festival-de-las-artesanas-teleras\/","title":{"rendered":"Santa B\u00e1rbara se prepara para el 17\u00b0 Festival de las Artesanas Teleras"},"content":{"rendered":"\n<p>La localidad de Santa B\u00e1rbara, en el departamento Chamical, ser\u00e1 escenario de una nueva edici\u00f3n del tradicional Festival de las Artesanas Teleras, que celebrar\u00e1 su 17\u00b0 edici\u00f3n el pr\u00f3ximo 16 de enero, a partir de las 22:30 horas.<\/p>\n\n\n\n<p>El evento contar\u00e1 con una destacada grilla art\u00edstica, encabezada por Cristhian Valle y el reconocido grupo Los Legales. Adem\u00e1s, subir\u00e1n al escenario La Clave, D\u00fao Cuevas Barrera y Daniel Abdala, entre otros artistas que aportar\u00e1n m\u00fasica y folclore a una noche pensada para toda la familia.<\/p>\n\n\n\n<p>El festival pone en valor el trabajo de las artesanas teleras, una de las expresiones culturales m\u00e1s representativas de la regi\u00f3n, combinando tradici\u00f3n, identidad y espect\u00e1culo. La propuesta se consolida a\u00f1o tras a\u00f1o como un espacio de encuentro para la comunidad local y visitantes de distintos puntos de la provincia.<\/p>\n\n\n\n<p>La organizaci\u00f3n cuenta con el acompa\u00f1amiento del Gobierno de La Rioja, el \u00e1rea de Culturas, la Secretar\u00eda de Culturas, y autoridades provinciales y departamentales, reafirmando el compromiso con la promoci\u00f3n de la cultura y las tradiciones riojanas.<\/p>\n\n\n\n<figure class=\"wp-block-image size-full\"><a href=\"https:\/\/radiolarioja.com.ar\/rlr\/wp-content\/uploads\/2026\/01\/616590850_1561060335491693_73446927423273417_n.jpg\"><img fetchpriority=\"high\" decoding=\"async\" width=\"509\" height=\"720\" src=\"https:\/\/radiolarioja.com.ar\/rlr\/wp-content\/uploads\/2026\/01\/616590850_1561060335491693_73446927423273417_n.jpg\" alt=\"\" class=\"wp-image-84703\" srcset=\"https:\/\/radiolarioja.com.ar\/rlr\/wp-content\/uploads\/2026\/01\/616590850_1561060335491693_73446927423273417_n.jpg 509w, https:\/\/radiolarioja.com.ar\/rlr\/wp-content\/uploads\/2026\/01\/616590850_1561060335491693_73446927423273417_n-212x300.jpg 212w\" sizes=\"(max-width: 509px) 100vw, 509px\" \/><\/a><\/figure>\n","protected":false},"excerpt":{"rendered":"<p>La localidad de Santa B\u00e1rbara, en el departamento Chamical, ser\u00e1 escenario de una nueva edici\u00f3n del tradicional Festival<\/p>\n","protected":false},"author":2,"featured_media":84703,"comment_status":"open","ping_status":"open","sticky":false,"template":"","format":"standard","meta":{"footnotes":""},"categories":[12,19],"tags":[],"class_list":["post-84702","post","type-post","status-publish","format-standard","has-post-thumbnail","hentry","category-local","category-sociedad"],"featured_image_urls":{"full":["https:\/\/radiolarioja.com.ar\/rlr\/wp-content\/uploads\/2026\/01\/616590850_1561060335491693_73446927423273417_n.jpg",509,720,false],"thumbnail":["https:\/\/radiolarioja.com.ar\/rlr\/wp-content\/uploads\/2026\/01\/616590850_1561060335491693_73446927423273417_n-150x150.jpg",150,150,true],"medium":["https:\/\/radiolarioja.com.ar\/rlr\/wp-content\/uploads\/2026\/01\/616590850_1561060335491693_73446927423273417_n-212x300.jpg",212,300,true],"medium_large":["https:\/\/radiolarioja.com.ar\/rlr\/wp-content\/uploads\/2026\/01\/616590850_1561060335491693_73446927423273417_n.jpg",509,720,false],"large":["https:\/\/radiolarioja.com.ar\/rlr\/wp-content\/uploads\/2026\/01\/616590850_1561060335491693_73446927423273417_n.jpg",509,720,false],"1536x1536":["https:\/\/radiolarioja.com.ar\/rlr\/wp-content\/uploads\/2026\/01\/616590850_1561060335491693_73446927423273417_n.jpg",509,720,false],"2048x2048":["https:\/\/radiolarioja.com.ar\/rlr\/wp-content\/uploads\/2026\/01\/616590850_1561060335491693_73446927423273417_n.jpg",509,720,false],"morenews-large":["https:\/\/radiolarioja.com.ar\/rlr\/wp-content\/uploads\/2026\/01\/616590850_1561060335491693_73446927423273417_n-509x575.jpg",509,575,true],"morenews-medium":["https:\/\/radiolarioja.com.ar\/rlr\/wp-content\/uploads\/2026\/01\/616590850_1561060335491693_73446927423273417_n-509x410.jpg",509,410,true]},"author_info":{"info":["RadioLaRioja"]},"category_info":"<a href=\"https:\/\/radiolarioja.com.ar\/rlr\/category\/local\/\" rel=\"category tag\">Local<\/a> <a href=\"https:\/\/radiolarioja.com.ar\/rlr\/category\/sociedad\/\" rel=\"category tag\">Sociedad<\/a>","tag_info":"Sociedad","comment_count":"0","_links":{"self":[{"href":"https:\/\/radiolarioja.com.ar\/rlr\/wp-json\/wp\/v2\/posts\/84702","targetHints":{"allow":["GET"]}}],"collection":[{"href":"https:\/\/radiolarioja.com.ar\/rlr\/wp-json\/wp\/v2\/posts"}],"about":[{"href":"https:\/\/radiolarioja.com.ar\/rlr\/wp-json\/wp\/v2\/types\/post"}],"author":[{"embeddable":true,"href":"https:\/\/radiolarioja.com.ar\/rlr\/wp-json\/wp\/v2\/users\/2"}],"replies":[{"embeddable":true,"href":"https:\/\/radiolarioja.com.ar\/rlr\/wp-json\/wp\/v2\/comments?post=84702"}],"version-history":[{"count":1,"href":"https:\/\/radiolarioja.com.ar\/rlr\/wp-json\/wp\/v2\/posts\/84702\/revisions"}],"predecessor-version":[{"id":84704,"href":"https:\/\/radiolarioja.com.ar\/rlr\/wp-json\/wp\/v2\/posts\/84702\/revisions\/84704"}],"wp:featuredmedia":[{"embeddable":true,"href":"https:\/\/radiolarioja.com.ar\/rlr\/wp-json\/wp\/v2\/media\/84703"}],"wp:attachment":[{"href":"https:\/\/radiolarioja.com.ar\/rlr\/wp-json\/wp\/v2\/media?parent=84702"}],"wp:term":[{"taxonomy":"category","embeddable":true,"href":"https:\/\/radiolarioja.com.ar\/rlr\/wp-json\/wp\/v2\/categories?post=84702"},{"taxonomy":"post_tag","embeddable":true,"href":"https:\/\/radiolarioja.com.ar\/rlr\/wp-json\/wp\/v2\/tags?post=84702"}],"curies":[{"name":"wp","href":"https:\/\/api.w.org\/{rel}","templated":true}]}}