{"id":84699,"date":"2026-01-15T11:50:24","date_gmt":"2026-01-15T14:50:24","guid":{"rendered":"https:\/\/radiolarioja.com.ar\/rlr\/?p=84699"},"modified":"2026-01-15T11:50:25","modified_gmt":"2026-01-15T14:50:25","slug":"anses-prorrogo-el-plazo-para-presentar-la-libreta-auh-2025-hasta-el-31-de-marzo","status":"publish","type":"post","link":"https:\/\/radiolarioja.com.ar\/rlr\/anses-prorrogo-el-plazo-para-presentar-la-libreta-auh-2025-hasta-el-31-de-marzo\/","title":{"rendered":"ANSES prorrog\u00f3 el plazo para presentar la Libreta AUH 2025 hasta el 31 de marzo"},"content":{"rendered":"\n<p>La Administraci\u00f3n Nacional de la Seguridad Social (ANSES), organismo dependiente del Ministerio de Capital Humano, inform\u00f3 que contin\u00faa vigente la pr\u00f3rroga para la presentaci\u00f3n de la Libreta de la Asignaci\u00f3n Universal por Hijo (AUH) 2025, cuyo plazo se extender\u00e1 hasta el 31 de marzo de 2026.<\/p>\n\n\n\n<p>Esta medida permite a los titulares de la AUH acceder al 20 por ciento del monto acumulado correspondiente al complemento retenido durante el a\u00f1o 2024. La Libreta AUH es el documento que certifica el cumplimiento de los controles de salud, el esquema de vacunaci\u00f3n y la asistencia escolar de ni\u00f1os, ni\u00f1as y adolescentes.<\/p>\n\n\n\n<p>El tr\u00e1mite puede realizarse de manera digital a trav\u00e9s de la plataforma mi ANSES, ya sea desde el sitio web oficial o mediante la aplicaci\u00f3n m\u00f3vil. Desde el organismo aclararon que el formulario generado desde la web oficial es el \u00fanico v\u00e1lido y debe estar debidamente completo y firmado por las autoridades educativas y sanitarias correspondientes.<\/p>\n\n\n\n<p>Para realizar la presentaci\u00f3n, los beneficiarios deben ingresar con su CUIL y Clave de la Seguridad Social, verificar los datos de los hijos o personas a cargo, generar e imprimir la Libreta en caso de ser necesario, completarla en la escuela o centro de salud y luego subir una imagen del formulario a la plataforma. La carga se considera finalizada una vez que el titular recibe un correo electr\u00f3nico de confirmaci\u00f3n.<\/p>\n\n\n\n<p>En aquellos casos en los que no sea posible realizar el tr\u00e1mite de forma digital, ANSES inform\u00f3 que la Libreta puede presentarse sin turno previo en cualquiera de sus oficinas o durante los operativos territoriales de atenci\u00f3n.<\/p>\n\n\n\n<figure class=\"wp-block-image size-large\"><a href=\"https:\/\/radiolarioja.com.ar\/rlr\/wp-content\/uploads\/2026\/01\/ChatGPT-Image-15-ene-2026-11_49_53.png\"><img fetchpriority=\"high\" decoding=\"async\" width=\"1024\" height=\"683\" src=\"https:\/\/radiolarioja.com.ar\/rlr\/wp-content\/uploads\/2026\/01\/ChatGPT-Image-15-ene-2026-11_49_53-1024x683.png\" alt=\"\" class=\"wp-image-84700\" srcset=\"https:\/\/radiolarioja.com.ar\/rlr\/wp-content\/uploads\/2026\/01\/ChatGPT-Image-15-ene-2026-11_49_53-1024x683.png 1024w, https:\/\/radiolarioja.com.ar\/rlr\/wp-content\/uploads\/2026\/01\/ChatGPT-Image-15-ene-2026-11_49_53-300x200.png 300w, https:\/\/radiolarioja.com.ar\/rlr\/wp-content\/uploads\/2026\/01\/ChatGPT-Image-15-ene-2026-11_49_53-768x512.png 768w, https:\/\/radiolarioja.com.ar\/rlr\/wp-content\/uploads\/2026\/01\/ChatGPT-Image-15-ene-2026-11_49_53.png 1536w\" sizes=\"(max-width: 1024px) 100vw, 1024px\" \/><\/a><\/figure>\n","protected":false},"excerpt":{"rendered":"<p>La Administraci\u00f3n Nacional de la Seguridad Social (ANSES), organismo dependiente del Ministerio de Capital Humano, inform\u00f3 que contin\u00faa<\/p>\n","protected":false},"author":2,"featured_media":84700,"comment_status":"open","ping_status":"open","sticky":false,"template":"","format":"standard","meta":{"footnotes":""},"categories":[12],"tags":[],"class_list":["post-84699","post","type-post","status-publish","format-standard","has-post-thumbnail","hentry","category-local"],"featured_image_urls":{"full":["https:\/\/radiolarioja.com.ar\/rlr\/wp-content\/uploads\/2026\/01\/ChatGPT-Image-15-ene-2026-11_49_53.png",1536,1024,false],"thumbnail":["https:\/\/radiolarioja.com.ar\/rlr\/wp-content\/uploads\/2026\/01\/ChatGPT-Image-15-ene-2026-11_49_53-150x150.png",150,150,true],"medium":["https:\/\/radiolarioja.com.ar\/rlr\/wp-content\/uploads\/2026\/01\/ChatGPT-Image-15-ene-2026-11_49_53-300x200.png",300,200,true],"medium_large":["https:\/\/radiolarioja.com.ar\/rlr\/wp-content\/uploads\/2026\/01\/ChatGPT-Image-15-ene-2026-11_49_53-768x512.png",640,427,true],"large":["https:\/\/radiolarioja.com.ar\/rlr\/wp-content\/uploads\/2026\/01\/ChatGPT-Image-15-ene-2026-11_49_53-1024x683.png",640,427,true],"1536x1536":["https:\/\/radiolarioja.com.ar\/rlr\/wp-content\/uploads\/2026\/01\/ChatGPT-Image-15-ene-2026-11_49_53.png",1536,1024,false],"2048x2048":["https:\/\/radiolarioja.com.ar\/rlr\/wp-content\/uploads\/2026\/01\/ChatGPT-Image-15-ene-2026-11_49_53.png",1536,1024,false],"morenews-large":["https:\/\/radiolarioja.com.ar\/rlr\/wp-content\/uploads\/2026\/01\/ChatGPT-Image-15-ene-2026-11_49_53-825x575.png",825,575,true],"morenews-medium":["https:\/\/radiolarioja.com.ar\/rlr\/wp-content\/uploads\/2026\/01\/ChatGPT-Image-15-ene-2026-11_49_53-590x410.png",590,410,true]},"author_info":{"info":["RadioLaRioja"]},"category_info":"<a href=\"https:\/\/radiolarioja.com.ar\/rlr\/category\/local\/\" rel=\"category tag\">Local<\/a>","tag_info":"Local","comment_count":"0","_links":{"self":[{"href":"https:\/\/radiolarioja.com.ar\/rlr\/wp-json\/wp\/v2\/posts\/84699","targetHints":{"allow":["GET"]}}],"collection":[{"href":"https:\/\/radiolarioja.com.ar\/rlr\/wp-json\/wp\/v2\/posts"}],"about":[{"href":"https:\/\/radiolarioja.com.ar\/rlr\/wp-json\/wp\/v2\/types\/post"}],"author":[{"embeddable":true,"href":"https:\/\/radiolarioja.com.ar\/rlr\/wp-json\/wp\/v2\/users\/2"}],"replies":[{"embeddable":true,"href":"https:\/\/radiolarioja.com.ar\/rlr\/wp-json\/wp\/v2\/comments?post=84699"}],"version-history":[{"count":1,"href":"https:\/\/radiolarioja.com.ar\/rlr\/wp-json\/wp\/v2\/posts\/84699\/revisions"}],"predecessor-version":[{"id":84701,"href":"https:\/\/radiolarioja.com.ar\/rlr\/wp-json\/wp\/v2\/posts\/84699\/revisions\/84701"}],"wp:featuredmedia":[{"embeddable":true,"href":"https:\/\/radiolarioja.com.ar\/rlr\/wp-json\/wp\/v2\/media\/84700"}],"wp:attachment":[{"href":"https:\/\/radiolarioja.com.ar\/rlr\/wp-json\/wp\/v2\/media?parent=84699"}],"wp:term":[{"taxonomy":"category","embeddable":true,"href":"https:\/\/radiolarioja.com.ar\/rlr\/wp-json\/wp\/v2\/categories?post=84699"},{"taxonomy":"post_tag","embeddable":true,"href":"https:\/\/radiolarioja.com.ar\/rlr\/wp-json\/wp\/v2\/tags?post=84699"}],"curies":[{"name":"wp","href":"https:\/\/api.w.org\/{rel}","templated":true}]}}