{"id":84695,"date":"2026-01-15T11:43:27","date_gmt":"2026-01-15T14:43:27","guid":{"rendered":"https:\/\/radiolarioja.com.ar\/rlr\/?p=84695"},"modified":"2026-01-15T11:43:28","modified_gmt":"2026-01-15T14:43:28","slug":"incendio-destruyo-por-completo-un-local-comercial-en-la-ciudad","status":"publish","type":"post","link":"https:\/\/radiolarioja.com.ar\/rlr\/incendio-destruyo-por-completo-un-local-comercial-en-la-ciudad\/","title":{"rendered":"Incendio destruy\u00f3 por completo un local comercial en la ciudad"},"content":{"rendered":"\n<p>Un incendio estructural se registr\u00f3 en la madrugada de este martes en un local comercial ubicado en la intersecci\u00f3n de avenida Madre Teresa de Calcuta y calle Ascasubi, generando importantes da\u00f1os materiales.<\/p>\n\n\n\n<p>El siniestro se produjo pasadas las 05:30 horas y afect\u00f3 al comercio denominado \u201cRey Salom\u00f3n\u201d, propiedad del se\u00f1or Llaba\u00f1es, de 52 a\u00f1os, el cual sufri\u00f3 da\u00f1os totales como consecuencia de la intensidad del fuego. Adem\u00e1s, un dormitorio contiguo result\u00f3 afectado por la propagaci\u00f3n de las llamas.<\/p>\n\n\n\n<p>Afortunadamente, el propietario se encontraba en el lugar al momento del incendio y logr\u00f3 salir sin sufrir lesiones. No se registraron personas heridas.<\/p>\n\n\n\n<p>En el operativo de emergencia trabajaron de manera conjunta Bomberos de la Polic\u00eda de la Provincia, Bomberos Voluntarios Ciudad de La Rioja, Bomberos Voluntarios \u00c1guilas de Acero, personal de DEM 107, Polic\u00eda de la Provincia y EDELAR, quienes lograron extinguir el fuego y asegurar la zona.<\/p>\n\n\n\n<p>Las causas que originaron el incendio a\u00fan no han sido determinadas y se encuentran bajo investigaci\u00f3n.<\/p>\n\n\n\n<figure class=\"wp-block-gallery has-nested-images columns-default is-cropped wp-block-gallery-1 is-layout-flex wp-block-gallery-is-layout-flex\">\n<figure class=\"wp-block-image size-large\"><a href=\"https:\/\/radiolarioja.com.ar\/rlr\/wp-content\/uploads\/2026\/01\/617507876_1518976713562194_6809428203302276834_n.jpg\"><img fetchpriority=\"high\" decoding=\"async\" width=\"590\" height=\"332\" data-id=\"84696\" src=\"https:\/\/radiolarioja.com.ar\/rlr\/wp-content\/uploads\/2026\/01\/617507876_1518976713562194_6809428203302276834_n.jpg\" alt=\"\" class=\"wp-image-84696\" srcset=\"https:\/\/radiolarioja.com.ar\/rlr\/wp-content\/uploads\/2026\/01\/617507876_1518976713562194_6809428203302276834_n.jpg 590w, https:\/\/radiolarioja.com.ar\/rlr\/wp-content\/uploads\/2026\/01\/617507876_1518976713562194_6809428203302276834_n-300x169.jpg 300w\" sizes=\"(max-width: 590px) 100vw, 590px\" \/><\/a><\/figure>\n\n\n\n<figure class=\"wp-block-image size-large\"><a href=\"https:\/\/radiolarioja.com.ar\/rlr\/wp-content\/uploads\/2026\/01\/616169023_1518976820228850_915889995644690596_n.jpg\"><img decoding=\"async\" width=\"1024\" height=\"576\" data-id=\"84697\" src=\"https:\/\/radiolarioja.com.ar\/rlr\/wp-content\/uploads\/2026\/01\/616169023_1518976820228850_915889995644690596_n-1024x576.jpg\" alt=\"\" class=\"wp-image-84697\" srcset=\"https:\/\/radiolarioja.com.ar\/rlr\/wp-content\/uploads\/2026\/01\/616169023_1518976820228850_915889995644690596_n-1024x576.jpg 1024w, https:\/\/radiolarioja.com.ar\/rlr\/wp-content\/uploads\/2026\/01\/616169023_1518976820228850_915889995644690596_n-300x169.jpg 300w, https:\/\/radiolarioja.com.ar\/rlr\/wp-content\/uploads\/2026\/01\/616169023_1518976820228850_915889995644690596_n-768x432.jpg 768w, https:\/\/radiolarioja.com.ar\/rlr\/wp-content\/uploads\/2026\/01\/616169023_1518976820228850_915889995644690596_n-1536x864.jpg 1536w, https:\/\/radiolarioja.com.ar\/rlr\/wp-content\/uploads\/2026\/01\/616169023_1518976820228850_915889995644690596_n.jpg 2048w\" sizes=\"(max-width: 1024px) 100vw, 1024px\" \/><\/a><\/figure>\n<\/figure>\n","protected":false},"excerpt":{"rendered":"<p>Un incendio estructural se registr\u00f3 en la madrugada de este martes en un local comercial ubicado en la<\/p>\n","protected":false},"author":2,"featured_media":84696,"comment_status":"open","ping_status":"open","sticky":false,"template":"","format":"standard","meta":{"footnotes":""},"categories":[17],"tags":[],"class_list":["post-84695","post","type-post","status-publish","format-standard","has-post-thumbnail","hentry","category-justicia"],"featured_image_urls":{"full":["https:\/\/radiolarioja.com.ar\/rlr\/wp-content\/uploads\/2026\/01\/617507876_1518976713562194_6809428203302276834_n.jpg",590,332,false],"thumbnail":["https:\/\/radiolarioja.com.ar\/rlr\/wp-content\/uploads\/2026\/01\/617507876_1518976713562194_6809428203302276834_n-150x150.jpg",150,150,true],"medium":["https:\/\/radiolarioja.com.ar\/rlr\/wp-content\/uploads\/2026\/01\/617507876_1518976713562194_6809428203302276834_n-300x169.jpg",300,169,true],"medium_large":["https:\/\/radiolarioja.com.ar\/rlr\/wp-content\/uploads\/2026\/01\/617507876_1518976713562194_6809428203302276834_n.jpg",590,332,false],"large":["https:\/\/radiolarioja.com.ar\/rlr\/wp-content\/uploads\/2026\/01\/617507876_1518976713562194_6809428203302276834_n.jpg",590,332,false],"1536x1536":["https:\/\/radiolarioja.com.ar\/rlr\/wp-content\/uploads\/2026\/01\/617507876_1518976713562194_6809428203302276834_n.jpg",590,332,false],"2048x2048":["https:\/\/radiolarioja.com.ar\/rlr\/wp-content\/uploads\/2026\/01\/617507876_1518976713562194_6809428203302276834_n.jpg",590,332,false],"morenews-large":["https:\/\/radiolarioja.com.ar\/rlr\/wp-content\/uploads\/2026\/01\/617507876_1518976713562194_6809428203302276834_n.jpg",590,332,false],"morenews-medium":["https:\/\/radiolarioja.com.ar\/rlr\/wp-content\/uploads\/2026\/01\/617507876_1518976713562194_6809428203302276834_n.jpg",590,332,false]},"author_info":{"info":["RadioLaRioja"]},"category_info":"<a href=\"https:\/\/radiolarioja.com.ar\/rlr\/category\/justicia\/\" rel=\"category tag\">Justicia<\/a>","tag_info":"Justicia","comment_count":"0","_links":{"self":[{"href":"https:\/\/radiolarioja.com.ar\/rlr\/wp-json\/wp\/v2\/posts\/84695","targetHints":{"allow":["GET"]}}],"collection":[{"href":"https:\/\/radiolarioja.com.ar\/rlr\/wp-json\/wp\/v2\/posts"}],"about":[{"href":"https:\/\/radiolarioja.com.ar\/rlr\/wp-json\/wp\/v2\/types\/post"}],"author":[{"embeddable":true,"href":"https:\/\/radiolarioja.com.ar\/rlr\/wp-json\/wp\/v2\/users\/2"}],"replies":[{"embeddable":true,"href":"https:\/\/radiolarioja.com.ar\/rlr\/wp-json\/wp\/v2\/comments?post=84695"}],"version-history":[{"count":1,"href":"https:\/\/radiolarioja.com.ar\/rlr\/wp-json\/wp\/v2\/posts\/84695\/revisions"}],"predecessor-version":[{"id":84698,"href":"https:\/\/radiolarioja.com.ar\/rlr\/wp-json\/wp\/v2\/posts\/84695\/revisions\/84698"}],"wp:featuredmedia":[{"embeddable":true,"href":"https:\/\/radiolarioja.com.ar\/rlr\/wp-json\/wp\/v2\/media\/84696"}],"wp:attachment":[{"href":"https:\/\/radiolarioja.com.ar\/rlr\/wp-json\/wp\/v2\/media?parent=84695"}],"wp:term":[{"taxonomy":"category","embeddable":true,"href":"https:\/\/radiolarioja.com.ar\/rlr\/wp-json\/wp\/v2\/categories?post=84695"},{"taxonomy":"post_tag","embeddable":true,"href":"https:\/\/radiolarioja.com.ar\/rlr\/wp-json\/wp\/v2\/tags?post=84695"}],"curies":[{"name":"wp","href":"https:\/\/api.w.org\/{rel}","templated":true}]}}