{"id":84694,"date":"2026-01-15T21:38:44","date_gmt":"2026-01-16T00:38:44","guid":{"rendered":"https:\/\/radiolarioja.com.ar\/rlr\/?p=84694"},"modified":"2026-01-15T21:38:46","modified_gmt":"2026-01-16T00:38:46","slug":"la-rioja-se-emitio-alerta-por-lluvias-tormentas-y-viento","status":"publish","type":"post","link":"https:\/\/radiolarioja.com.ar\/rlr\/la-rioja-se-emitio-alerta-por-lluvias-tormentas-y-viento\/","title":{"rendered":"La Rioja: Se emiti\u00f3 alerta por lluvias, tormentas y viento"},"content":{"rendered":"\n<p><strong>Amarilla y Naranja<\/strong><br>A trav\u00e9s del Sistema Integrado de Alerta temprana, se emiti\u00f3 un alerta preventiva para la provincia por lluvias, tormentas y vientos, para el resto del d\u00eda hoy 15 de enero y madrugada del 16-01, con mayor probabilidad para la tarde y noche de hoy y madrugada de ma\u00f1ana viernes.<\/p>\n\n\n\n<p>El alerta es naranja por tormentas fuertes y vientos para los departamentos: Arauco, Castro Barros, Sanagasta y Capital.<br>Tambi\u00e9n por tormentas fuertes y vientos rige alerta amarilla para: Chamical, General Belgrano, General Juan Facundo Quiroga, General Ocampo, Rosario Vera Pe\u00f1aloza, General San Mart\u00edn.<br>En tanto rige alerta amarilla por lluvia para los departamentos: Vinchina, General Lamadrid, General Felipe Varela, Famatina, Chilecito y San Blas de Los Sauces, Independencia y \u00c1ngel Vicente Pe\u00f1aloza.<\/p>\n\n\n\n<figure class=\"wp-block-image size-large\"><a href=\"https:\/\/radiolarioja.com.ar\/rlr\/wp-content\/uploads\/2026\/01\/1003225515.jpg\"><img fetchpriority=\"high\" decoding=\"async\" width=\"1024\" height=\"597\" src=\"https:\/\/radiolarioja.com.ar\/rlr\/wp-content\/uploads\/2026\/01\/1003225515-1024x597.jpg\" alt=\"\" class=\"wp-image-84767\" srcset=\"https:\/\/radiolarioja.com.ar\/rlr\/wp-content\/uploads\/2026\/01\/1003225515-1024x597.jpg 1024w, https:\/\/radiolarioja.com.ar\/rlr\/wp-content\/uploads\/2026\/01\/1003225515-300x175.jpg 300w, https:\/\/radiolarioja.com.ar\/rlr\/wp-content\/uploads\/2026\/01\/1003225515-768x448.jpg 768w, https:\/\/radiolarioja.com.ar\/rlr\/wp-content\/uploads\/2026\/01\/1003225515.jpg 1280w\" sizes=\"(max-width: 1024px) 100vw, 1024px\" \/><\/a><\/figure>\n","protected":false},"excerpt":{"rendered":"<p>Amarilla y NaranjaA trav\u00e9s del Sistema Integrado de Alerta temprana, se emiti\u00f3 un alerta preventiva para la provincia<\/p>\n","protected":false},"author":2,"featured_media":84767,"comment_status":"open","ping_status":"open","sticky":false,"template":"","format":"standard","meta":{"footnotes":""},"categories":[12],"tags":[],"class_list":["post-84694","post","type-post","status-publish","format-standard","has-post-thumbnail","hentry","category-local"],"featured_image_urls":{"full":["https:\/\/radiolarioja.com.ar\/rlr\/wp-content\/uploads\/2026\/01\/1003225515.jpg",1280,746,false],"thumbnail":["https:\/\/radiolarioja.com.ar\/rlr\/wp-content\/uploads\/2026\/01\/1003225515-150x150.jpg",150,150,true],"medium":["https:\/\/radiolarioja.com.ar\/rlr\/wp-content\/uploads\/2026\/01\/1003225515-300x175.jpg",300,175,true],"medium_large":["https:\/\/radiolarioja.com.ar\/rlr\/wp-content\/uploads\/2026\/01\/1003225515-768x448.jpg",640,373,true],"large":["https:\/\/radiolarioja.com.ar\/rlr\/wp-content\/uploads\/2026\/01\/1003225515-1024x597.jpg",640,373,true],"1536x1536":["https:\/\/radiolarioja.com.ar\/rlr\/wp-content\/uploads\/2026\/01\/1003225515.jpg",1280,746,false],"2048x2048":["https:\/\/radiolarioja.com.ar\/rlr\/wp-content\/uploads\/2026\/01\/1003225515.jpg",1280,746,false],"morenews-large":["https:\/\/radiolarioja.com.ar\/rlr\/wp-content\/uploads\/2026\/01\/1003225515-825x575.jpg",825,575,true],"morenews-medium":["https:\/\/radiolarioja.com.ar\/rlr\/wp-content\/uploads\/2026\/01\/1003225515-590x410.jpg",590,410,true]},"author_info":{"info":["RadioLaRioja"]},"category_info":"<a href=\"https:\/\/radiolarioja.com.ar\/rlr\/category\/local\/\" rel=\"category tag\">Local<\/a>","tag_info":"Local","comment_count":"0","_links":{"self":[{"href":"https:\/\/radiolarioja.com.ar\/rlr\/wp-json\/wp\/v2\/posts\/84694","targetHints":{"allow":["GET"]}}],"collection":[{"href":"https:\/\/radiolarioja.com.ar\/rlr\/wp-json\/wp\/v2\/posts"}],"about":[{"href":"https:\/\/radiolarioja.com.ar\/rlr\/wp-json\/wp\/v2\/types\/post"}],"author":[{"embeddable":true,"href":"https:\/\/radiolarioja.com.ar\/rlr\/wp-json\/wp\/v2\/users\/2"}],"replies":[{"embeddable":true,"href":"https:\/\/radiolarioja.com.ar\/rlr\/wp-json\/wp\/v2\/comments?post=84694"}],"version-history":[{"count":1,"href":"https:\/\/radiolarioja.com.ar\/rlr\/wp-json\/wp\/v2\/posts\/84694\/revisions"}],"predecessor-version":[{"id":84768,"href":"https:\/\/radiolarioja.com.ar\/rlr\/wp-json\/wp\/v2\/posts\/84694\/revisions\/84768"}],"wp:featuredmedia":[{"embeddable":true,"href":"https:\/\/radiolarioja.com.ar\/rlr\/wp-json\/wp\/v2\/media\/84767"}],"wp:attachment":[{"href":"https:\/\/radiolarioja.com.ar\/rlr\/wp-json\/wp\/v2\/media?parent=84694"}],"wp:term":[{"taxonomy":"category","embeddable":true,"href":"https:\/\/radiolarioja.com.ar\/rlr\/wp-json\/wp\/v2\/categories?post=84694"},{"taxonomy":"post_tag","embeddable":true,"href":"https:\/\/radiolarioja.com.ar\/rlr\/wp-json\/wp\/v2\/tags?post=84694"}],"curies":[{"name":"wp","href":"https:\/\/api.w.org\/{rel}","templated":true}]}}