{"id":84678,"date":"2026-01-15T07:53:57","date_gmt":"2026-01-15T10:53:57","guid":{"rendered":"https:\/\/radiolarioja.com.ar\/rlr\/?p=84678"},"modified":"2026-01-15T07:53:57","modified_gmt":"2026-01-15T10:53:57","slug":"tragico-accidente-en-ruta-5-fallece-una-mujer-tras-caer-de-su-motocicleta","status":"publish","type":"post","link":"https:\/\/radiolarioja.com.ar\/rlr\/tragico-accidente-en-ruta-5-fallece-una-mujer-tras-caer-de-su-motocicleta\/","title":{"rendered":"Tr\u00e1gico Accidente en Ruta 5: Fallece una Mujer tras Caer de su Motocicleta"},"content":{"rendered":"\n<p>En un lamentable incidente ocurrido a las 20:40 en la Ruta 5, una mujer identificada con el apellido Armas perdi\u00f3 la vida tras caer de su motocicleta, una Honda Wave 110cc de color blanco. El veh\u00edculo se encontraba en movimiento y, seg\u00fan los informes, la fallecida viajaba junto a otra mujer, quien tambi\u00e9n result\u00f3 herida en el accidente.<\/p>\n\n\n\n<p>Las causas que llevaron a este tr\u00e1gico suceso a\u00fan son materia de investigaci\u00f3n, y las autoridades trabajan para esclarecer los detalles del incidente. Se enviar\u00e1n actualizaciones conforme se reciba m\u00e1s informaci\u00f3n.<\/p>\n\n\n\n<p><em>Imagen ilustrativa<\/em><\/p>\n\n\n\n<figure class=\"wp-block-image size-full\"><a href=\"https:\/\/radiolarioja.com.ar\/rlr\/wp-content\/uploads\/2026\/01\/1003221744.jpg\"><img fetchpriority=\"high\" decoding=\"async\" width=\"841\" height=\"960\" src=\"https:\/\/radiolarioja.com.ar\/rlr\/wp-content\/uploads\/2026\/01\/1003221744.jpg\" alt=\"\" class=\"wp-image-84679\" srcset=\"https:\/\/radiolarioja.com.ar\/rlr\/wp-content\/uploads\/2026\/01\/1003221744.jpg 841w, https:\/\/radiolarioja.com.ar\/rlr\/wp-content\/uploads\/2026\/01\/1003221744-263x300.jpg 263w, https:\/\/radiolarioja.com.ar\/rlr\/wp-content\/uploads\/2026\/01\/1003221744-768x877.jpg 768w\" sizes=\"(max-width: 841px) 100vw, 841px\" \/><\/a><\/figure>\n","protected":false},"excerpt":{"rendered":"<p>En un lamentable incidente ocurrido a las 20:40 en la Ruta 5, una mujer identificada con el apellido<\/p>\n","protected":false},"author":2,"featured_media":84679,"comment_status":"open","ping_status":"open","sticky":false,"template":"","format":"standard","meta":{"footnotes":""},"categories":[17,12],"tags":[],"class_list":["post-84678","post","type-post","status-publish","format-standard","has-post-thumbnail","hentry","category-justicia","category-local"],"featured_image_urls":{"full":["https:\/\/radiolarioja.com.ar\/rlr\/wp-content\/uploads\/2026\/01\/1003221744.jpg",841,960,false],"thumbnail":["https:\/\/radiolarioja.com.ar\/rlr\/wp-content\/uploads\/2026\/01\/1003221744-150x150.jpg",150,150,true],"medium":["https:\/\/radiolarioja.com.ar\/rlr\/wp-content\/uploads\/2026\/01\/1003221744-263x300.jpg",263,300,true],"medium_large":["https:\/\/radiolarioja.com.ar\/rlr\/wp-content\/uploads\/2026\/01\/1003221744-768x877.jpg",640,731,true],"large":["https:\/\/radiolarioja.com.ar\/rlr\/wp-content\/uploads\/2026\/01\/1003221744.jpg",640,731,false],"1536x1536":["https:\/\/radiolarioja.com.ar\/rlr\/wp-content\/uploads\/2026\/01\/1003221744.jpg",841,960,false],"2048x2048":["https:\/\/radiolarioja.com.ar\/rlr\/wp-content\/uploads\/2026\/01\/1003221744.jpg",841,960,false],"morenews-large":["https:\/\/radiolarioja.com.ar\/rlr\/wp-content\/uploads\/2026\/01\/1003221744-825x575.jpg",825,575,true],"morenews-medium":["https:\/\/radiolarioja.com.ar\/rlr\/wp-content\/uploads\/2026\/01\/1003221744-590x410.jpg",590,410,true]},"author_info":{"info":["RadioLaRioja"]},"category_info":"<a href=\"https:\/\/radiolarioja.com.ar\/rlr\/category\/justicia\/\" rel=\"category tag\">Justicia<\/a> <a href=\"https:\/\/radiolarioja.com.ar\/rlr\/category\/local\/\" rel=\"category tag\">Local<\/a>","tag_info":"Local","comment_count":"0","_links":{"self":[{"href":"https:\/\/radiolarioja.com.ar\/rlr\/wp-json\/wp\/v2\/posts\/84678","targetHints":{"allow":["GET"]}}],"collection":[{"href":"https:\/\/radiolarioja.com.ar\/rlr\/wp-json\/wp\/v2\/posts"}],"about":[{"href":"https:\/\/radiolarioja.com.ar\/rlr\/wp-json\/wp\/v2\/types\/post"}],"author":[{"embeddable":true,"href":"https:\/\/radiolarioja.com.ar\/rlr\/wp-json\/wp\/v2\/users\/2"}],"replies":[{"embeddable":true,"href":"https:\/\/radiolarioja.com.ar\/rlr\/wp-json\/wp\/v2\/comments?post=84678"}],"version-history":[{"count":1,"href":"https:\/\/radiolarioja.com.ar\/rlr\/wp-json\/wp\/v2\/posts\/84678\/revisions"}],"predecessor-version":[{"id":84680,"href":"https:\/\/radiolarioja.com.ar\/rlr\/wp-json\/wp\/v2\/posts\/84678\/revisions\/84680"}],"wp:featuredmedia":[{"embeddable":true,"href":"https:\/\/radiolarioja.com.ar\/rlr\/wp-json\/wp\/v2\/media\/84679"}],"wp:attachment":[{"href":"https:\/\/radiolarioja.com.ar\/rlr\/wp-json\/wp\/v2\/media?parent=84678"}],"wp:term":[{"taxonomy":"category","embeddable":true,"href":"https:\/\/radiolarioja.com.ar\/rlr\/wp-json\/wp\/v2\/categories?post=84678"},{"taxonomy":"post_tag","embeddable":true,"href":"https:\/\/radiolarioja.com.ar\/rlr\/wp-json\/wp\/v2\/tags?post=84678"}],"curies":[{"name":"wp","href":"https:\/\/api.w.org\/{rel}","templated":true}]}}