{"id":84671,"date":"2026-01-14T23:04:27","date_gmt":"2026-01-15T02:04:27","guid":{"rendered":"https:\/\/radiolarioja.com.ar\/rlr\/?p=84671"},"modified":"2026-01-14T23:04:28","modified_gmt":"2026-01-15T02:04:28","slug":"importante-recuperacion-de-piezas-arqueologicas","status":"publish","type":"post","link":"https:\/\/radiolarioja.com.ar\/rlr\/importante-recuperacion-de-piezas-arqueologicas\/","title":{"rendered":"Importante recuperaci\u00f3n de piezas arqueol\u00f3gicas"},"content":{"rendered":"\n<p>El Ministerio de Cultura, Turismo y Deporte de la provincia, a trav\u00e9s de la Direcci\u00f3n Provincial de Antropolog\u00eda y del Museo Arqueol\u00f3gico Ad\u00e1n Quiroga, recuper\u00f3 una importante cantidad de piezas arqueol\u00f3gicas mediante la donaci\u00f3n an\u00f3nima de una familia catamarque\u00f1a.<\/p>\n\n\n\n<figure class=\"wp-block-image size-large\"><a href=\"https:\/\/radiolarioja.com.ar\/rlr\/wp-content\/uploads\/2026\/01\/Recuperacion-piezas-arqueologicas-1-scaled.jpg\"><img fetchpriority=\"high\" decoding=\"async\" width=\"1024\" height=\"577\" src=\"https:\/\/radiolarioja.com.ar\/rlr\/wp-content\/uploads\/2026\/01\/Recuperacion-piezas-arqueologicas-1-1024x577.jpg\" alt=\"\" class=\"wp-image-84673\" srcset=\"https:\/\/radiolarioja.com.ar\/rlr\/wp-content\/uploads\/2026\/01\/Recuperacion-piezas-arqueologicas-1-1024x577.jpg 1024w, https:\/\/radiolarioja.com.ar\/rlr\/wp-content\/uploads\/2026\/01\/Recuperacion-piezas-arqueologicas-1-300x169.jpg 300w, https:\/\/radiolarioja.com.ar\/rlr\/wp-content\/uploads\/2026\/01\/Recuperacion-piezas-arqueologicas-1-768x432.jpg 768w, https:\/\/radiolarioja.com.ar\/rlr\/wp-content\/uploads\/2026\/01\/Recuperacion-piezas-arqueologicas-1-1536x865.jpg 1536w, https:\/\/radiolarioja.com.ar\/rlr\/wp-content\/uploads\/2026\/01\/Recuperacion-piezas-arqueologicas-1-2048x1153.jpg 2048w\" sizes=\"(max-width: 1024px) 100vw, 1024px\" \/><\/a><\/figure>\n\n\n\n<p>Se trata de tres piezas l\u00edticas, cinco pucos y una urna funeraria, que ser\u00e1n puestas en cuarentena para luego ser analizadas, registradas y restituidas al patrimonio provincial.<\/p>\n\n\n\n<p>Es importante destacar el valor de este tipo de acciones, que permiten continuar aprendiendo e investigando sobre la vida de las poblaciones que nos antecedieron en el tiempo, y transmitir a las futuras generaciones la importancia de su preservaci\u00f3n y su valor cultural.<\/p>\n\n\n\n<figure class=\"wp-block-image size-large\"><a href=\"https:\/\/radiolarioja.com.ar\/rlr\/wp-content\/uploads\/2026\/01\/Recuperacion-piezas-arqueologicas-2-scaled.jpg\"><img decoding=\"async\" width=\"1024\" height=\"577\" src=\"https:\/\/radiolarioja.com.ar\/rlr\/wp-content\/uploads\/2026\/01\/Recuperacion-piezas-arqueologicas-2-1024x577.jpg\" alt=\"\" class=\"wp-image-84672\" srcset=\"https:\/\/radiolarioja.com.ar\/rlr\/wp-content\/uploads\/2026\/01\/Recuperacion-piezas-arqueologicas-2-1024x577.jpg 1024w, https:\/\/radiolarioja.com.ar\/rlr\/wp-content\/uploads\/2026\/01\/Recuperacion-piezas-arqueologicas-2-300x169.jpg 300w, https:\/\/radiolarioja.com.ar\/rlr\/wp-content\/uploads\/2026\/01\/Recuperacion-piezas-arqueologicas-2-768x432.jpg 768w, https:\/\/radiolarioja.com.ar\/rlr\/wp-content\/uploads\/2026\/01\/Recuperacion-piezas-arqueologicas-2-1536x865.jpg 1536w, https:\/\/radiolarioja.com.ar\/rlr\/wp-content\/uploads\/2026\/01\/Recuperacion-piezas-arqueologicas-2-2048x1153.jpg 2048w\" sizes=\"(max-width: 1024px) 100vw, 1024px\" \/><\/a><\/figure>\n","protected":false},"excerpt":{"rendered":"<p>El Ministerio de Cultura, Turismo y Deporte de la provincia, a trav\u00e9s de la Direcci\u00f3n Provincial de Antropolog\u00eda<\/p>\n","protected":false},"author":2,"featured_media":84673,"comment_status":"open","ping_status":"open","sticky":false,"template":"","format":"standard","meta":{"footnotes":""},"categories":[15],"tags":[],"class_list":["post-84671","post","type-post","status-publish","format-standard","has-post-thumbnail","hentry","category-nacional"],"featured_image_urls":{"full":["https:\/\/radiolarioja.com.ar\/rlr\/wp-content\/uploads\/2026\/01\/Recuperacion-piezas-arqueologicas-1-scaled.jpg",2560,1441,false],"thumbnail":["https:\/\/radiolarioja.com.ar\/rlr\/wp-content\/uploads\/2026\/01\/Recuperacion-piezas-arqueologicas-1-150x150.jpg",150,150,true],"medium":["https:\/\/radiolarioja.com.ar\/rlr\/wp-content\/uploads\/2026\/01\/Recuperacion-piezas-arqueologicas-1-300x169.jpg",300,169,true],"medium_large":["https:\/\/radiolarioja.com.ar\/rlr\/wp-content\/uploads\/2026\/01\/Recuperacion-piezas-arqueologicas-1-768x432.jpg",640,360,true],"large":["https:\/\/radiolarioja.com.ar\/rlr\/wp-content\/uploads\/2026\/01\/Recuperacion-piezas-arqueologicas-1-1024x577.jpg",640,361,true],"1536x1536":["https:\/\/radiolarioja.com.ar\/rlr\/wp-content\/uploads\/2026\/01\/Recuperacion-piezas-arqueologicas-1-1536x865.jpg",1536,865,true],"2048x2048":["https:\/\/radiolarioja.com.ar\/rlr\/wp-content\/uploads\/2026\/01\/Recuperacion-piezas-arqueologicas-1-2048x1153.jpg",2048,1153,true],"morenews-large":["https:\/\/radiolarioja.com.ar\/rlr\/wp-content\/uploads\/2026\/01\/Recuperacion-piezas-arqueologicas-1-825x575.jpg",825,575,true],"morenews-medium":["https:\/\/radiolarioja.com.ar\/rlr\/wp-content\/uploads\/2026\/01\/Recuperacion-piezas-arqueologicas-1-590x410.jpg",590,410,true]},"author_info":{"info":["RadioLaRioja"]},"category_info":"<a href=\"https:\/\/radiolarioja.com.ar\/rlr\/category\/nacional\/\" rel=\"category tag\">Nacional<\/a>","tag_info":"Nacional","comment_count":"0","_links":{"self":[{"href":"https:\/\/radiolarioja.com.ar\/rlr\/wp-json\/wp\/v2\/posts\/84671","targetHints":{"allow":["GET"]}}],"collection":[{"href":"https:\/\/radiolarioja.com.ar\/rlr\/wp-json\/wp\/v2\/posts"}],"about":[{"href":"https:\/\/radiolarioja.com.ar\/rlr\/wp-json\/wp\/v2\/types\/post"}],"author":[{"embeddable":true,"href":"https:\/\/radiolarioja.com.ar\/rlr\/wp-json\/wp\/v2\/users\/2"}],"replies":[{"embeddable":true,"href":"https:\/\/radiolarioja.com.ar\/rlr\/wp-json\/wp\/v2\/comments?post=84671"}],"version-history":[{"count":1,"href":"https:\/\/radiolarioja.com.ar\/rlr\/wp-json\/wp\/v2\/posts\/84671\/revisions"}],"predecessor-version":[{"id":84674,"href":"https:\/\/radiolarioja.com.ar\/rlr\/wp-json\/wp\/v2\/posts\/84671\/revisions\/84674"}],"wp:featuredmedia":[{"embeddable":true,"href":"https:\/\/radiolarioja.com.ar\/rlr\/wp-json\/wp\/v2\/media\/84673"}],"wp:attachment":[{"href":"https:\/\/radiolarioja.com.ar\/rlr\/wp-json\/wp\/v2\/media?parent=84671"}],"wp:term":[{"taxonomy":"category","embeddable":true,"href":"https:\/\/radiolarioja.com.ar\/rlr\/wp-json\/wp\/v2\/categories?post=84671"},{"taxonomy":"post_tag","embeddable":true,"href":"https:\/\/radiolarioja.com.ar\/rlr\/wp-json\/wp\/v2\/tags?post=84671"}],"curies":[{"name":"wp","href":"https:\/\/api.w.org\/{rel}","templated":true}]}}