{"id":84667,"date":"2026-01-14T21:12:42","date_gmt":"2026-01-15T00:12:42","guid":{"rendered":"https:\/\/radiolarioja.com.ar\/rlr\/?p=84667"},"modified":"2026-01-14T21:12:43","modified_gmt":"2026-01-15T00:12:43","slug":"una-investigacion-periodistica-sacude-a-espana-por-presuntas-denuncias-contra-julio-iglesias","status":"publish","type":"post","link":"https:\/\/radiolarioja.com.ar\/rlr\/una-investigacion-periodistica-sacude-a-espana-por-presuntas-denuncias-contra-julio-iglesias\/","title":{"rendered":"Una investigaci\u00f3n period\u00edstica sacude a Espa\u00f1a por presuntas denuncias contra Julio Iglesias"},"content":{"rendered":"\n<figure class=\"wp-block-embed is-type-video is-provider-youtube wp-block-embed-youtube wp-embed-aspect-16-9 wp-has-aspect-ratio\"><div class=\"wp-block-embed__wrapper\">\n<iframe title=\"El &quot;R\u00c9GIMEN DEL TERROR&quot; de JULIO IGLESIAS, denunciado por abusos sexuales por extrabajadoras\" width=\"640\" height=\"360\" src=\"https:\/\/www.youtube.com\/embed\/1k_e7WzWtqM?feature=oembed\" frameborder=\"0\" allow=\"accelerometer; autoplay; clipboard-write; encrypted-media; gyroscope; picture-in-picture; web-share\" referrerpolicy=\"strict-origin-when-cross-origin\" allowfullscreen><\/iframe>\n<\/div><\/figure>\n\n\n\n<p>Una investigaci\u00f3n de largo aliento publicada por eldiario.es, en colaboraci\u00f3n con Univisi\u00f3n, ha provocado una fuerte repercusi\u00f3n medi\u00e1tica y pol\u00edtica en Espa\u00f1a y en otros pa\u00edses. El trabajo, liderado por la periodista de investigaci\u00f3n Natalia Chientaroli, re\u00fane testimonios de extrabajadoras del entorno del cantante Julio Iglesias que relatan presuntas situaciones de abusos laborales y sexuales ocurridas, principalmente, en 2021, en algunas de sus residencias en el Caribe.<\/p>\n\n\n\n<p>Seg\u00fan explic\u00f3 Chientaroli en una entrevista reciente, la investigaci\u00f3n se desarroll\u00f3 durante m\u00e1s de tres a\u00f1os e incluy\u00f3 decenas de entrevistas, viajes y un exhaustivo proceso de verificaci\u00f3n. El equipo decidi\u00f3 sumar a Univisi\u00f3n en el \u00faltimo tramo del trabajo para ampliar su proyecci\u00f3n internacional y reforzar la protecci\u00f3n legal ante la magnitud de las acusaciones y la relevancia p\u00fablica del artista.<\/p>\n\n\n\n<p>Los testimonios publicados describen un sistema de funcionamiento en varias de las propiedades de Iglesias \u2014entre ellas, residencias en Punta Cana (Rep\u00fablica Dominicana), Bahamas y Espa\u00f1a\u2014 basado en una estricta jerarqu\u00eda y en un control ejercido sobre el personal dom\u00e9stico, especialmente mujeres en situaci\u00f3n de vulnerabilidad. Las denunciantes relatan condiciones laborales abusivas y, en algunos casos, presuntas agresiones y abusos sexuales.<\/p>\n\n\n\n<p>Uno de los aspectos m\u00e1s graves que recoge la investigaci\u00f3n es la realizaci\u00f3n de an\u00e1lisis m\u00e9dicos, incluidos ex\u00e1menes ginecol\u00f3gicos y pruebas de enfermedades de transmisi\u00f3n sexual, a trabajadoras mientras estaban empleadas en estas casas. Seg\u00fan eldiario.es, algunos de estos procedimientos habr\u00edan vulnerado la legislaci\u00f3n vigente en Rep\u00fablica Dominicana, que proh\u00edbe pruebas m\u00e9dicas no vinculadas a las tareas laborales y protege la intimidad y los derechos de los trabajadores.<\/p>\n\n\n\n<p>Las abogadas que asesoran a las presuntas v\u00edctimas han presentado una denuncia ante la Fiscal\u00eda de la Audiencia Nacional en Espa\u00f1a. El objetivo es que se determine si los tribunales espa\u00f1oles tienen jurisdicci\u00f3n para investigar los hechos, dado que Julio Iglesias tiene domicilio en Espa\u00f1a y, seg\u00fan los testimonios, el presunto sistema descrito operar\u00eda de forma organizada y en distintos pa\u00edses.<\/p>\n\n\n\n<p>La publicaci\u00f3n ha reavivado adem\u00e1s el debate social sobre comportamientos del pasado que, durante a\u00f1os, fueron normalizados en el espacio p\u00fablico. Im\u00e1genes de apariciones televisivas hist\u00f3ricas del cantante han vuelto a circular en medios y redes sociales, analizadas hoy desde par\u00e1metros sociales y culturales muy distintos a los de d\u00e9cadas anteriores.<\/p>\n\n\n\n<p>En el \u00e1mbito pol\u00edtico, las reacciones han sido dispares. Mientras algunos sectores conservadores han evitado pronunciarse o han pedido cautela, otros dirigentes han reclamado que los hechos sean investigados a fondo antes de extraer conclusiones. Desde eldiario.es subrayan que la solidez documental y testimonial del trabajo impide reducirlo a una pol\u00e9mica coyuntural.<\/p>\n\n\n\n<p>\u201cSab\u00edamos que no pod\u00edamos publicar nada sin tener cada detalle comprobado\u201d, se\u00f1al\u00f3 Chientaroli, quien destac\u00f3 la responsabilidad del periodismo de investigaci\u00f3n a la hora de abordar acusaciones contra figuras poderosas y socialmente influyentes. El recorrido judicial del caso est\u00e1 ahora en manos de la Audiencia Nacional, mientras la investigaci\u00f3n period\u00edstica contin\u00faa generando debate dentro y fuera de Espa\u00f1a.<\/p>\n\n\n\n<figure class=\"wp-block-image size-large\"><a href=\"https:\/\/radiolarioja.com.ar\/rlr\/wp-content\/uploads\/2026\/01\/c07357c8-a4bd-45ce-b23d-f7cc037ff845_16-9-discover-aspect-ratio_default_0.webp\"><img fetchpriority=\"high\" decoding=\"async\" width=\"1024\" height=\"576\" src=\"https:\/\/radiolarioja.com.ar\/rlr\/wp-content\/uploads\/2026\/01\/c07357c8-a4bd-45ce-b23d-f7cc037ff845_16-9-discover-aspect-ratio_default_0-1024x576.webp\" alt=\"\" class=\"wp-image-84668\" srcset=\"https:\/\/radiolarioja.com.ar\/rlr\/wp-content\/uploads\/2026\/01\/c07357c8-a4bd-45ce-b23d-f7cc037ff845_16-9-discover-aspect-ratio_default_0-1024x576.webp 1024w, https:\/\/radiolarioja.com.ar\/rlr\/wp-content\/uploads\/2026\/01\/c07357c8-a4bd-45ce-b23d-f7cc037ff845_16-9-discover-aspect-ratio_default_0-300x169.webp 300w, https:\/\/radiolarioja.com.ar\/rlr\/wp-content\/uploads\/2026\/01\/c07357c8-a4bd-45ce-b23d-f7cc037ff845_16-9-discover-aspect-ratio_default_0-768x432.webp 768w, https:\/\/radiolarioja.com.ar\/rlr\/wp-content\/uploads\/2026\/01\/c07357c8-a4bd-45ce-b23d-f7cc037ff845_16-9-discover-aspect-ratio_default_0.webp 1200w\" sizes=\"(max-width: 1024px) 100vw, 1024px\" \/><\/a><\/figure>\n\n\n\n<p>EXTRABAJADORAS DE LAS MANSIONES DE JULIO IGLESIAS ACUSAN AL CANTANTE DE AGRESIONES SEXUALES.<\/p>\n\n\n\n<p>\u00abLa repercusi\u00f3n est\u00e1 siendo enorme, no solamente ac\u00e1 en Espa\u00f1a\u00bb, se\u00f1ala la periodista del DiarioEs NATALIA CHIENTAROLI.<\/p>\n\n\n\n<p>\u00abEsto empezamos a trabajarlo hace 3 a\u00f1os ac\u00e1 en el diario, en el \u00faltimo a\u00f1o incorporamos a Univisi\u00f3n como socio. (\u2026) A nivel global nos ven\u00eda bien tener un socio potente\u00bb.<\/p>\n\n\n\n<p>\u00abLo que descubrimos hablando con estas mujeres, con muchos extrabajadores, es que hab\u00eda un sistema por el que funcionaban las casas de Julio Iglesias, no solo la de Punta Cana. Es una organizaci\u00f3n en la que hay unas mujeres que reclutan de alguna manera en personal dom\u00e9stico y luego se viven este tipo de situaciones\u00bb.<\/p>\n\n\n\n<p>\u00abHay una denuncia presentada por las condiciones de trabajo abusivas que relatan estas mujeres\u00bb, agrega. \u00abSuced\u00edan en esta casa abusos sexuales, sobretodo estas personas m\u00e1s vulnerables del servicio dom\u00e9stico\u00bb.<\/p>\n\n\n\n<p>\u00abPara contratarlas no se hac\u00eda una entrevista personal, se solicitaban fotos y referencias. La selecci\u00f3n del personal ten\u00eda m\u00e1s que ver con una cuesti\u00f3n est\u00e9tica que otra cosa. Una vez en la casa, las llevan a hacer an\u00e1lisis m\u00e9dico en los que se incluyen an\u00e1lisis ginecol\u00f3gicos\u00bb, agrega Natalia Chientaroli.<\/p>\n\n\n\n<p>\u00abHay un abuso de poder de esta figura masculina que en alg\u00fan momento no estaba terriblemente mal visto\u00bb.<\/p>\n\n\n\n<p>\u00abNo estamos hablando de unas agresiones sexuales puntuales que son grav\u00edsimas, est\u00e1n tremendamente vinculadas con una especie de r\u00e9gimen del terror, una dominaci\u00f3n masculina muy fuerte de esa persona. Ellas quedaban en un papel absolutamente vulnerable donde no se animaban a decirle nada\u00bb, sostiene la periodista.<\/p>\n\n\n\n<p>\u00abLa derecha tiende a minimizar las cosas que no le conviene. (\u2026) Destruir un mito es un poco fuerte\u00bb.<\/p>\n\n\n\n<p><strong>Publicaci\u00f3n de eldiario.es: <\/strong><\/p>\n\n\n\n<p><a href=\"https:\/\/www.eldiario.es\/cultura\/laura-rebeca-hablan-denuncia-julio-iglesias-no-mereciamos-maltrato-fisico-psiquico-sexual-sufrimos_1_12904532.html\">https:\/\/www.eldiario.es\/cultura\/laura-rebeca-hablan-denuncia-julio-iglesias-no-mereciamos-maltrato-fisico-psiquico-sexual-sufrimos_1_12904532.html<\/a><\/p>\n","protected":false},"excerpt":{"rendered":"<p>Una investigaci\u00f3n de largo aliento publicada por eldiario.es, en colaboraci\u00f3n con Univisi\u00f3n, ha provocado una fuerte repercusi\u00f3n medi\u00e1tica<\/p>\n","protected":false},"author":2,"featured_media":84668,"comment_status":"open","ping_status":"open","sticky":false,"template":"","format":"standard","meta":{"footnotes":""},"categories":[11],"tags":[],"class_list":["post-84667","post","type-post","status-publish","format-standard","has-post-thumbnail","hentry","category-internacional"],"featured_image_urls":{"full":["https:\/\/radiolarioja.com.ar\/rlr\/wp-content\/uploads\/2026\/01\/c07357c8-a4bd-45ce-b23d-f7cc037ff845_16-9-discover-aspect-ratio_default_0.webp",1200,675,false],"thumbnail":["https:\/\/radiolarioja.com.ar\/rlr\/wp-content\/uploads\/2026\/01\/c07357c8-a4bd-45ce-b23d-f7cc037ff845_16-9-discover-aspect-ratio_default_0-150x150.webp",150,150,true],"medium":["https:\/\/radiolarioja.com.ar\/rlr\/wp-content\/uploads\/2026\/01\/c07357c8-a4bd-45ce-b23d-f7cc037ff845_16-9-discover-aspect-ratio_default_0-300x169.webp",300,169,true],"medium_large":["https:\/\/radiolarioja.com.ar\/rlr\/wp-content\/uploads\/2026\/01\/c07357c8-a4bd-45ce-b23d-f7cc037ff845_16-9-discover-aspect-ratio_default_0-768x432.webp",640,360,true],"large":["https:\/\/radiolarioja.com.ar\/rlr\/wp-content\/uploads\/2026\/01\/c07357c8-a4bd-45ce-b23d-f7cc037ff845_16-9-discover-aspect-ratio_default_0-1024x576.webp",640,360,true],"1536x1536":["https:\/\/radiolarioja.com.ar\/rlr\/wp-content\/uploads\/2026\/01\/c07357c8-a4bd-45ce-b23d-f7cc037ff845_16-9-discover-aspect-ratio_default_0.webp",1200,675,false],"2048x2048":["https:\/\/radiolarioja.com.ar\/rlr\/wp-content\/uploads\/2026\/01\/c07357c8-a4bd-45ce-b23d-f7cc037ff845_16-9-discover-aspect-ratio_default_0.webp",1200,675,false],"morenews-large":["https:\/\/radiolarioja.com.ar\/rlr\/wp-content\/uploads\/2026\/01\/c07357c8-a4bd-45ce-b23d-f7cc037ff845_16-9-discover-aspect-ratio_default_0-825x575.webp",825,575,true],"morenews-medium":["https:\/\/radiolarioja.com.ar\/rlr\/wp-content\/uploads\/2026\/01\/c07357c8-a4bd-45ce-b23d-f7cc037ff845_16-9-discover-aspect-ratio_default_0-590x410.webp",590,410,true]},"author_info":{"info":["RadioLaRioja"]},"category_info":"<a href=\"https:\/\/radiolarioja.com.ar\/rlr\/category\/internacional\/\" rel=\"category tag\">Internacional<\/a>","tag_info":"Internacional","comment_count":"0","_links":{"self":[{"href":"https:\/\/radiolarioja.com.ar\/rlr\/wp-json\/wp\/v2\/posts\/84667","targetHints":{"allow":["GET"]}}],"collection":[{"href":"https:\/\/radiolarioja.com.ar\/rlr\/wp-json\/wp\/v2\/posts"}],"about":[{"href":"https:\/\/radiolarioja.com.ar\/rlr\/wp-json\/wp\/v2\/types\/post"}],"author":[{"embeddable":true,"href":"https:\/\/radiolarioja.com.ar\/rlr\/wp-json\/wp\/v2\/users\/2"}],"replies":[{"embeddable":true,"href":"https:\/\/radiolarioja.com.ar\/rlr\/wp-json\/wp\/v2\/comments?post=84667"}],"version-history":[{"count":1,"href":"https:\/\/radiolarioja.com.ar\/rlr\/wp-json\/wp\/v2\/posts\/84667\/revisions"}],"predecessor-version":[{"id":84669,"href":"https:\/\/radiolarioja.com.ar\/rlr\/wp-json\/wp\/v2\/posts\/84667\/revisions\/84669"}],"wp:featuredmedia":[{"embeddable":true,"href":"https:\/\/radiolarioja.com.ar\/rlr\/wp-json\/wp\/v2\/media\/84668"}],"wp:attachment":[{"href":"https:\/\/radiolarioja.com.ar\/rlr\/wp-json\/wp\/v2\/media?parent=84667"}],"wp:term":[{"taxonomy":"category","embeddable":true,"href":"https:\/\/radiolarioja.com.ar\/rlr\/wp-json\/wp\/v2\/categories?post=84667"},{"taxonomy":"post_tag","embeddable":true,"href":"https:\/\/radiolarioja.com.ar\/rlr\/wp-json\/wp\/v2\/tags?post=84667"}],"curies":[{"name":"wp","href":"https:\/\/api.w.org\/{rel}","templated":true}]}}