{"id":84658,"date":"2026-01-14T20:41:26","date_gmt":"2026-01-14T23:41:26","guid":{"rendered":"https:\/\/radiolarioja.com.ar\/rlr\/?p=84658"},"modified":"2026-01-14T20:41:27","modified_gmt":"2026-01-14T23:41:27","slug":"tere-madera-volvio-a-chepes-asistio-con-equipamiento-al-municipio-y-visito-a-vecinos-afectados-por-el-temporal","status":"publish","type":"post","link":"https:\/\/radiolarioja.com.ar\/rlr\/tere-madera-volvio-a-chepes-asistio-con-equipamiento-al-municipio-y-visito-a-vecinos-afectados-por-el-temporal\/","title":{"rendered":"Tere Madera volvi\u00f3 a Chepes, asisti\u00f3 con equipamiento al municipio y visit\u00f3 a vecinos afectados por el temporal"},"content":{"rendered":"\n<p>La vicegobernadora Teresita Madera regres\u00f3 a Chepes para recorrer las zonas m\u00e1s afectadas por el temporal, principalmente la cabecera departamental y La Paz, acompa\u00f1ar a vecinos y vecinas y seguir de cerca el avance de los trabajos que se desarrollan en el territorio. En ese marco, se anunci\u00f3 el inicio de la obra del Canal de Desag\u00fce Este y se realiz\u00f3 la entrega de equipamiento que permitir\u00e1 acelerar las tareas de las cuadrillas municipales.<\/p>\n\n\n\n<p>Durante la visita, Madera supervis\u00f3 los trabajos que, hasta el momento, estuvieron orientados principalmente a las viviendas afectadas y a restablecer la transitabilidad, garantizando la circulaci\u00f3n y el acceso a los distintos sectores, mientras contin\u00faan las intervenciones en la zona.<\/p>\n\n\n\n<p>\u201cVolvimos despu\u00e9s de un par de d\u00edas para ver c\u00f3mo avanzan los trabajos, seguir coordinando y acompa\u00f1ar a nuestra gente. Es muy fuerte ver a las personas emocionadas y escuchar lo que vivieron ese d\u00eda de lluvia. Estamos ac\u00e1, presentes, agradeciendo a todos los equipos que estuvieron trabajando desde el primer momento. Quedan tareas por hacer y empieza una etapa importante\u201d, expres\u00f3 Madera.<\/p>\n\n\n\n<figure class=\"wp-block-gallery has-nested-images columns-default is-cropped wp-block-gallery-1 is-layout-flex wp-block-gallery-is-layout-flex\">\n<figure class=\"wp-block-image size-large\"><a href=\"https:\/\/radiolarioja.com.ar\/rlr\/wp-content\/uploads\/2026\/01\/1003220160-scaled.jpg\"><img fetchpriority=\"high\" decoding=\"async\" width=\"1024\" height=\"683\" data-id=\"84662\" src=\"https:\/\/radiolarioja.com.ar\/rlr\/wp-content\/uploads\/2026\/01\/1003220160-1024x683.jpg\" alt=\"\" class=\"wp-image-84662\" srcset=\"https:\/\/radiolarioja.com.ar\/rlr\/wp-content\/uploads\/2026\/01\/1003220160-1024x683.jpg 1024w, https:\/\/radiolarioja.com.ar\/rlr\/wp-content\/uploads\/2026\/01\/1003220160-300x200.jpg 300w, https:\/\/radiolarioja.com.ar\/rlr\/wp-content\/uploads\/2026\/01\/1003220160-768x512.jpg 768w, https:\/\/radiolarioja.com.ar\/rlr\/wp-content\/uploads\/2026\/01\/1003220160-1536x1024.jpg 1536w, https:\/\/radiolarioja.com.ar\/rlr\/wp-content\/uploads\/2026\/01\/1003220160-2048x1365.jpg 2048w\" sizes=\"(max-width: 1024px) 100vw, 1024px\" \/><\/a><\/figure>\n\n\n\n<figure class=\"wp-block-image size-large\"><a href=\"https:\/\/radiolarioja.com.ar\/rlr\/wp-content\/uploads\/2026\/01\/1003220163.jpg\"><img decoding=\"async\" width=\"1024\" height=\"682\" data-id=\"84659\" src=\"https:\/\/radiolarioja.com.ar\/rlr\/wp-content\/uploads\/2026\/01\/1003220163-1024x682.jpg\" alt=\"\" class=\"wp-image-84659\" srcset=\"https:\/\/radiolarioja.com.ar\/rlr\/wp-content\/uploads\/2026\/01\/1003220163-1024x682.jpg 1024w, https:\/\/radiolarioja.com.ar\/rlr\/wp-content\/uploads\/2026\/01\/1003220163-300x200.jpg 300w, https:\/\/radiolarioja.com.ar\/rlr\/wp-content\/uploads\/2026\/01\/1003220163-768x512.jpg 768w, https:\/\/radiolarioja.com.ar\/rlr\/wp-content\/uploads\/2026\/01\/1003220163.jpg 1280w\" sizes=\"(max-width: 1024px) 100vw, 1024px\" \/><\/a><\/figure>\n\n\n\n<figure class=\"wp-block-image size-large\"><a href=\"https:\/\/radiolarioja.com.ar\/rlr\/wp-content\/uploads\/2026\/01\/1003220166.jpg\"><img decoding=\"async\" width=\"1024\" height=\"682\" data-id=\"84661\" src=\"https:\/\/radiolarioja.com.ar\/rlr\/wp-content\/uploads\/2026\/01\/1003220166-1024x682.jpg\" alt=\"\" class=\"wp-image-84661\" srcset=\"https:\/\/radiolarioja.com.ar\/rlr\/wp-content\/uploads\/2026\/01\/1003220166-1024x682.jpg 1024w, https:\/\/radiolarioja.com.ar\/rlr\/wp-content\/uploads\/2026\/01\/1003220166-300x200.jpg 300w, https:\/\/radiolarioja.com.ar\/rlr\/wp-content\/uploads\/2026\/01\/1003220166-768x512.jpg 768w, https:\/\/radiolarioja.com.ar\/rlr\/wp-content\/uploads\/2026\/01\/1003220166.jpg 1280w\" sizes=\"(max-width: 1024px) 100vw, 1024px\" \/><\/a><\/figure>\n\n\n\n<figure class=\"wp-block-image size-large\"><a href=\"https:\/\/radiolarioja.com.ar\/rlr\/wp-content\/uploads\/2026\/01\/1003220169.jpg\"><img loading=\"lazy\" decoding=\"async\" width=\"1024\" height=\"683\" data-id=\"84660\" src=\"https:\/\/radiolarioja.com.ar\/rlr\/wp-content\/uploads\/2026\/01\/1003220169-1024x683.jpg\" alt=\"\" class=\"wp-image-84660\" srcset=\"https:\/\/radiolarioja.com.ar\/rlr\/wp-content\/uploads\/2026\/01\/1003220169-1024x683.jpg 1024w, https:\/\/radiolarioja.com.ar\/rlr\/wp-content\/uploads\/2026\/01\/1003220169-300x200.jpg 300w, https:\/\/radiolarioja.com.ar\/rlr\/wp-content\/uploads\/2026\/01\/1003220169-768x512.jpg 768w, https:\/\/radiolarioja.com.ar\/rlr\/wp-content\/uploads\/2026\/01\/1003220169.jpg 1240w\" sizes=\"(max-width: 1024px) 100vw, 1024px\" \/><\/a><\/figure>\n<\/figure>\n","protected":false},"excerpt":{"rendered":"<p>La vicegobernadora Teresita Madera regres\u00f3 a Chepes para recorrer las zonas m\u00e1s afectadas por el temporal, principalmente la<\/p>\n","protected":false},"author":2,"featured_media":84662,"comment_status":"open","ping_status":"open","sticky":false,"template":"","format":"standard","meta":{"footnotes":""},"categories":[12],"tags":[],"class_list":["post-84658","post","type-post","status-publish","format-standard","has-post-thumbnail","hentry","category-local"],"featured_image_urls":{"full":["https:\/\/radiolarioja.com.ar\/rlr\/wp-content\/uploads\/2026\/01\/1003220160-scaled.jpg",2560,1706,false],"thumbnail":["https:\/\/radiolarioja.com.ar\/rlr\/wp-content\/uploads\/2026\/01\/1003220160-150x150.jpg",150,150,true],"medium":["https:\/\/radiolarioja.com.ar\/rlr\/wp-content\/uploads\/2026\/01\/1003220160-300x200.jpg",300,200,true],"medium_large":["https:\/\/radiolarioja.com.ar\/rlr\/wp-content\/uploads\/2026\/01\/1003220160-768x512.jpg",640,427,true],"large":["https:\/\/radiolarioja.com.ar\/rlr\/wp-content\/uploads\/2026\/01\/1003220160-1024x683.jpg",640,427,true],"1536x1536":["https:\/\/radiolarioja.com.ar\/rlr\/wp-content\/uploads\/2026\/01\/1003220160-1536x1024.jpg",1536,1024,true],"2048x2048":["https:\/\/radiolarioja.com.ar\/rlr\/wp-content\/uploads\/2026\/01\/1003220160-2048x1365.jpg",2048,1365,true],"morenews-large":["https:\/\/radiolarioja.com.ar\/rlr\/wp-content\/uploads\/2026\/01\/1003220160-825x575.jpg",825,575,true],"morenews-medium":["https:\/\/radiolarioja.com.ar\/rlr\/wp-content\/uploads\/2026\/01\/1003220160-590x410.jpg",590,410,true]},"author_info":{"info":["RadioLaRioja"]},"category_info":"<a href=\"https:\/\/radiolarioja.com.ar\/rlr\/category\/local\/\" rel=\"category tag\">Local<\/a>","tag_info":"Local","comment_count":"0","_links":{"self":[{"href":"https:\/\/radiolarioja.com.ar\/rlr\/wp-json\/wp\/v2\/posts\/84658","targetHints":{"allow":["GET"]}}],"collection":[{"href":"https:\/\/radiolarioja.com.ar\/rlr\/wp-json\/wp\/v2\/posts"}],"about":[{"href":"https:\/\/radiolarioja.com.ar\/rlr\/wp-json\/wp\/v2\/types\/post"}],"author":[{"embeddable":true,"href":"https:\/\/radiolarioja.com.ar\/rlr\/wp-json\/wp\/v2\/users\/2"}],"replies":[{"embeddable":true,"href":"https:\/\/radiolarioja.com.ar\/rlr\/wp-json\/wp\/v2\/comments?post=84658"}],"version-history":[{"count":1,"href":"https:\/\/radiolarioja.com.ar\/rlr\/wp-json\/wp\/v2\/posts\/84658\/revisions"}],"predecessor-version":[{"id":84663,"href":"https:\/\/radiolarioja.com.ar\/rlr\/wp-json\/wp\/v2\/posts\/84658\/revisions\/84663"}],"wp:featuredmedia":[{"embeddable":true,"href":"https:\/\/radiolarioja.com.ar\/rlr\/wp-json\/wp\/v2\/media\/84662"}],"wp:attachment":[{"href":"https:\/\/radiolarioja.com.ar\/rlr\/wp-json\/wp\/v2\/media?parent=84658"}],"wp:term":[{"taxonomy":"category","embeddable":true,"href":"https:\/\/radiolarioja.com.ar\/rlr\/wp-json\/wp\/v2\/categories?post=84658"},{"taxonomy":"post_tag","embeddable":true,"href":"https:\/\/radiolarioja.com.ar\/rlr\/wp-json\/wp\/v2\/tags?post=84658"}],"curies":[{"name":"wp","href":"https:\/\/api.w.org\/{rel}","templated":true}]}}