{"id":84648,"date":"2026-01-14T19:07:39","date_gmt":"2026-01-14T22:07:39","guid":{"rendered":"https:\/\/radiolarioja.com.ar\/rlr\/?p=84648"},"modified":"2026-01-14T19:07:40","modified_gmt":"2026-01-14T22:07:40","slug":"la-provincia-inicia-obras-estructurales-clave-para-prevenir-inundaciones-en-chepes","status":"publish","type":"post","link":"https:\/\/radiolarioja.com.ar\/rlr\/la-provincia-inicia-obras-estructurales-clave-para-prevenir-inundaciones-en-chepes\/","title":{"rendered":"La Provincia inicia obras estructurales clave para prevenir inundaciones en Chepes"},"content":{"rendered":"\n<p><strong>Luego de las intensas lluvias<\/strong><\/p>\n\n\n\n<p><em><strong>Tras el temporal del pasado 8 de enero, autoridades provinciales y municipales avanzaron en un plan integral de recuperaci\u00f3n que incluye la construcci\u00f3n de un canal derivador, mejoras en rutas y caminos rurales, y asistencia continua a los sectores m\u00e1s afectados del departamento Rosario Vera Pe\u00f1aloza.<\/strong><\/em><\/p>\n\n\n\n<p>Autoridades provinciales visitaron este mi\u00e9rcoles el departamento Rosario Vera Pe\u00f1aloza, luego del fuerte temporal registrado el pasado 8 de enero y que provoc\u00f3 importantes da\u00f1os en distintos puntos de la regi\u00f3n. En esta oportunidad, mantuvieron una reuni\u00f3n de trabajo en la localidad de La Paz junto a la intendenta Laura Carrizo, donde avanzaron en un plan de recuperaci\u00f3n y anunciaron el inicio de obras claves para evitar futuras inundaciones en Chepes.<\/p>\n\n\n\n<p>En ese marco, la vicegobernadora Teresita Madera destac\u00f3 que, por decisi\u00f3n del Gobierno provincial, comenzaron los trabajos del canal de desag\u00fce, una obra estructural largamente esperada. \u201cEs una intervenci\u00f3n necesaria que viene a dar respuesta y a llevar alivio frente a futuras precipitaciones intensas\u201d, afirm\u00f3.<\/p>\n\n\n\n<p>Asimismo, Madera valor\u00f3 la colaboraci\u00f3n de la comunidad y el trabajo conjunto entre los distintos sectores: \u201cQuiero destacar la predisposici\u00f3n de los vecinos y de todos los espacios pol\u00edticos para ayudar y brindar respuestas ante las adversidades que generaron las intensas lluvias\u201d.<\/p>\n\n\n\n<p><strong><em>Plan de recuperaci\u00f3n<\/em><\/strong><\/p>\n\n\n\n<p>Por su parte, la intendenta Laura Carrizo detall\u00f3 el alcance de los da\u00f1os ocasionados por el temporal. \u201cPudimos exponer a las autoridades provinciales los trabajos que ya se realizaron y los perjuicios causados por la lluvia: m\u00e1s de 30 kil\u00f3metros afectados sobre la Ruta Provincial N\u00b0 29, 15 kil\u00f3metros de caminos vecinales da\u00f1ados y, en la cabecera departamental, m\u00e1s de 70 calles anegadas y viviendas con da\u00f1os estructurales\u201d, explic\u00f3.<\/p>\n\n\n\n<p>Carrizo se\u00f1al\u00f3 adem\u00e1s que se avanzar\u00e1 en una obra clave ubicada en el sector este de la ciudad. \u201cEste canal permitir\u00e1 que los vecinos que hist\u00f3ricamente se inundan cada vez que llueve dejen de sufrir esta situaci\u00f3n, desviando el agua hacia los puentes de la Ruta Nacional N\u00b0 141\u201d, indic\u00f3, y destac\u00f3 el trabajo de Vialidad Provincial para recuperar la transitabilidad de la Ruta 29 y garantizar el acceso a los distintos parajes.<\/p>\n\n\n\n<p>En ese sentido, remarc\u00f3: \u201cA pesar de un contexto nacional adverso, hay un Gobierno provincial presente, que acompa\u00f1a y no nos deja solos cuando surgen las emergencias\u201d.<\/p>\n\n\n\n<p><strong><em>Presencia del Estado y obra estructural<\/em><\/strong><\/p>\n\n\n\n<p>Por su parte, el secretario general de la Gobernaci\u00f3n, Ricardo \u201cRicky\u201d Herrera, subray\u00f3 la presencia del Estado provincial, el trabajo articulado con el municipio y el anuncio de una obra de infraestructura largamente demandada. \u201cM\u00e1s all\u00e1 de las soluciones inmediatas, hay situaciones que requieren obras de envergadura. Este canal derivador permitir\u00e1 que el agua que viene del norte del departamento no circule por las calles inundando viviendas hacia el sur\u201d, explic\u00f3.<\/p>\n\n\n\n<p>Durante la recorrida, Herrera adelant\u00f3 que continuar\u00e1n los trabajos en zonas rurales y caminos afectados. \u201cVamos a intervenir sobre la Ruta Provincial N\u00b0 29 hacia el sur, en direcci\u00f3n al paraje El Totoral, y tambi\u00e9n hacia Las Jarillas, donde la ruta se encuentra pr\u00e1cticamente intransitable\u201d, detall\u00f3.<\/p>\n\n\n\n<p>A su turno, el jefe de Gabinete, Juan Luna, destac\u00f3 la asistencia permanente y el trabajo coordinado con el municipio. \u201cLa prioridad de Vialidad fue intervenir primero en los sectores m\u00e1s comprometidos y ahora comenzamos a reforzar las tareas en la cabecera departamental\u201d, se\u00f1al\u00f3.<\/p>\n\n\n\n<p>Luna confirm\u00f3 adem\u00e1s el inicio de la construcci\u00f3n de un canal de desag\u00fce paralelo a las v\u00edas y hacia la avenida Belgrano, que seguir\u00e1 ese trazado para conducir el agua fuera de la ciudad. \u201cLos barrios que m\u00e1s han sufrido se encuentran en esa zona, y esta obra permitir\u00e1 frenar el avance del agua y encauzarla hacia las afueras de Chepes\u201d, afirm\u00f3.<\/p>\n\n\n\n<p>Finalmente, record\u00f3 que hace dos a\u00f1os, ante una situaci\u00f3n de sequ\u00eda, el Estado provincial tambi\u00e9n estuvo presente con asistencia h\u00eddrica y obras de infraestructura. \u201cEstuvimos en la sequ\u00eda y hoy estamos en la lluvia. Es una decisi\u00f3n pol\u00edtica: estar presentes, hacernos cargo y dar respuestas concretas. Ese es el rol del Estado y de la pol\u00edtica, porque sin esta presencia, muchas de estas soluciones no ser\u00edan posibles\u201d, concluy\u00f3.<\/p>\n\n\n\n<figure class=\"wp-block-gallery has-nested-images columns-default is-cropped wp-block-gallery-1 is-layout-flex wp-block-gallery-is-layout-flex\">\n<figure class=\"wp-block-image size-large\"><a href=\"https:\/\/radiolarioja.com.ar\/rlr\/wp-content\/uploads\/2026\/01\/WhatsApp-Image-2026-01-14-at-18.53.06-1.jpeg\"><img fetchpriority=\"high\" decoding=\"async\" width=\"1024\" height=\"682\" data-id=\"84653\" src=\"https:\/\/radiolarioja.com.ar\/rlr\/wp-content\/uploads\/2026\/01\/WhatsApp-Image-2026-01-14-at-18.53.06-1-1024x682.jpeg\" alt=\"\" class=\"wp-image-84653\" srcset=\"https:\/\/radiolarioja.com.ar\/rlr\/wp-content\/uploads\/2026\/01\/WhatsApp-Image-2026-01-14-at-18.53.06-1-1024x682.jpeg 1024w, https:\/\/radiolarioja.com.ar\/rlr\/wp-content\/uploads\/2026\/01\/WhatsApp-Image-2026-01-14-at-18.53.06-1-300x200.jpeg 300w, https:\/\/radiolarioja.com.ar\/rlr\/wp-content\/uploads\/2026\/01\/WhatsApp-Image-2026-01-14-at-18.53.06-1-768x512.jpeg 768w, https:\/\/radiolarioja.com.ar\/rlr\/wp-content\/uploads\/2026\/01\/WhatsApp-Image-2026-01-14-at-18.53.06-1-1536x1023.jpeg 1536w, https:\/\/radiolarioja.com.ar\/rlr\/wp-content\/uploads\/2026\/01\/WhatsApp-Image-2026-01-14-at-18.53.06-1.jpeg 1600w\" sizes=\"(max-width: 1024px) 100vw, 1024px\" \/><\/a><\/figure>\n\n\n\n<figure class=\"wp-block-image size-large\"><a href=\"https:\/\/radiolarioja.com.ar\/rlr\/wp-content\/uploads\/2026\/01\/WhatsApp-Image-2026-01-14-at-18.53.06.jpeg\"><img decoding=\"async\" width=\"1024\" height=\"682\" data-id=\"84649\" src=\"https:\/\/radiolarioja.com.ar\/rlr\/wp-content\/uploads\/2026\/01\/WhatsApp-Image-2026-01-14-at-18.53.06-1024x682.jpeg\" alt=\"\" class=\"wp-image-84649\" srcset=\"https:\/\/radiolarioja.com.ar\/rlr\/wp-content\/uploads\/2026\/01\/WhatsApp-Image-2026-01-14-at-18.53.06-1024x682.jpeg 1024w, https:\/\/radiolarioja.com.ar\/rlr\/wp-content\/uploads\/2026\/01\/WhatsApp-Image-2026-01-14-at-18.53.06-300x200.jpeg 300w, https:\/\/radiolarioja.com.ar\/rlr\/wp-content\/uploads\/2026\/01\/WhatsApp-Image-2026-01-14-at-18.53.06-768x512.jpeg 768w, https:\/\/radiolarioja.com.ar\/rlr\/wp-content\/uploads\/2026\/01\/WhatsApp-Image-2026-01-14-at-18.53.06-1536x1023.jpeg 1536w, https:\/\/radiolarioja.com.ar\/rlr\/wp-content\/uploads\/2026\/01\/WhatsApp-Image-2026-01-14-at-18.53.06.jpeg 1600w\" sizes=\"(max-width: 1024px) 100vw, 1024px\" \/><\/a><\/figure>\n\n\n\n<figure class=\"wp-block-image size-large\"><a href=\"https:\/\/radiolarioja.com.ar\/rlr\/wp-content\/uploads\/2026\/01\/WhatsApp-Image-2026-01-14-at-18.53.07-1.jpeg\"><img decoding=\"async\" width=\"1024\" height=\"682\" data-id=\"84651\" src=\"https:\/\/radiolarioja.com.ar\/rlr\/wp-content\/uploads\/2026\/01\/WhatsApp-Image-2026-01-14-at-18.53.07-1-1024x682.jpeg\" alt=\"\" class=\"wp-image-84651\" srcset=\"https:\/\/radiolarioja.com.ar\/rlr\/wp-content\/uploads\/2026\/01\/WhatsApp-Image-2026-01-14-at-18.53.07-1-1024x682.jpeg 1024w, https:\/\/radiolarioja.com.ar\/rlr\/wp-content\/uploads\/2026\/01\/WhatsApp-Image-2026-01-14-at-18.53.07-1-300x200.jpeg 300w, https:\/\/radiolarioja.com.ar\/rlr\/wp-content\/uploads\/2026\/01\/WhatsApp-Image-2026-01-14-at-18.53.07-1-768x512.jpeg 768w, https:\/\/radiolarioja.com.ar\/rlr\/wp-content\/uploads\/2026\/01\/WhatsApp-Image-2026-01-14-at-18.53.07-1-1536x1023.jpeg 1536w, https:\/\/radiolarioja.com.ar\/rlr\/wp-content\/uploads\/2026\/01\/WhatsApp-Image-2026-01-14-at-18.53.07-1.jpeg 1600w\" sizes=\"(max-width: 1024px) 100vw, 1024px\" \/><\/a><\/figure>\n\n\n\n<figure class=\"wp-block-image size-large\"><a href=\"https:\/\/radiolarioja.com.ar\/rlr\/wp-content\/uploads\/2026\/01\/WhatsApp-Image-2026-01-14-at-18.53.07.jpeg\"><img loading=\"lazy\" decoding=\"async\" width=\"1024\" height=\"682\" data-id=\"84652\" src=\"https:\/\/radiolarioja.com.ar\/rlr\/wp-content\/uploads\/2026\/01\/WhatsApp-Image-2026-01-14-at-18.53.07-1024x682.jpeg\" alt=\"\" class=\"wp-image-84652\" srcset=\"https:\/\/radiolarioja.com.ar\/rlr\/wp-content\/uploads\/2026\/01\/WhatsApp-Image-2026-01-14-at-18.53.07-1024x682.jpeg 1024w, https:\/\/radiolarioja.com.ar\/rlr\/wp-content\/uploads\/2026\/01\/WhatsApp-Image-2026-01-14-at-18.53.07-300x200.jpeg 300w, https:\/\/radiolarioja.com.ar\/rlr\/wp-content\/uploads\/2026\/01\/WhatsApp-Image-2026-01-14-at-18.53.07-768x512.jpeg 768w, https:\/\/radiolarioja.com.ar\/rlr\/wp-content\/uploads\/2026\/01\/WhatsApp-Image-2026-01-14-at-18.53.07-1536x1023.jpeg 1536w, https:\/\/radiolarioja.com.ar\/rlr\/wp-content\/uploads\/2026\/01\/WhatsApp-Image-2026-01-14-at-18.53.07.jpeg 1600w\" sizes=\"(max-width: 1024px) 100vw, 1024px\" \/><\/a><\/figure>\n\n\n\n<figure class=\"wp-block-image size-large\"><a href=\"https:\/\/radiolarioja.com.ar\/rlr\/wp-content\/uploads\/2026\/01\/WhatsApp-Image-2026-01-14-at-18.53.08-1.jpeg\"><img loading=\"lazy\" decoding=\"async\" width=\"1024\" height=\"682\" data-id=\"84650\" src=\"https:\/\/radiolarioja.com.ar\/rlr\/wp-content\/uploads\/2026\/01\/WhatsApp-Image-2026-01-14-at-18.53.08-1-1024x682.jpeg\" alt=\"\" class=\"wp-image-84650\" srcset=\"https:\/\/radiolarioja.com.ar\/rlr\/wp-content\/uploads\/2026\/01\/WhatsApp-Image-2026-01-14-at-18.53.08-1-1024x682.jpeg 1024w, https:\/\/radiolarioja.com.ar\/rlr\/wp-content\/uploads\/2026\/01\/WhatsApp-Image-2026-01-14-at-18.53.08-1-300x200.jpeg 300w, https:\/\/radiolarioja.com.ar\/rlr\/wp-content\/uploads\/2026\/01\/WhatsApp-Image-2026-01-14-at-18.53.08-1-768x512.jpeg 768w, https:\/\/radiolarioja.com.ar\/rlr\/wp-content\/uploads\/2026\/01\/WhatsApp-Image-2026-01-14-at-18.53.08-1-1536x1023.jpeg 1536w, https:\/\/radiolarioja.com.ar\/rlr\/wp-content\/uploads\/2026\/01\/WhatsApp-Image-2026-01-14-at-18.53.08-1.jpeg 1600w\" sizes=\"(max-width: 1024px) 100vw, 1024px\" \/><\/a><\/figure>\n\n\n\n<figure class=\"wp-block-image size-large\"><a href=\"https:\/\/radiolarioja.com.ar\/rlr\/wp-content\/uploads\/2026\/01\/WhatsApp-Image-2026-01-14-at-18.53.08.jpeg\"><img loading=\"lazy\" decoding=\"async\" width=\"1024\" height=\"682\" data-id=\"84654\" src=\"https:\/\/radiolarioja.com.ar\/rlr\/wp-content\/uploads\/2026\/01\/WhatsApp-Image-2026-01-14-at-18.53.08-1024x682.jpeg\" alt=\"\" class=\"wp-image-84654\" srcset=\"https:\/\/radiolarioja.com.ar\/rlr\/wp-content\/uploads\/2026\/01\/WhatsApp-Image-2026-01-14-at-18.53.08-1024x682.jpeg 1024w, https:\/\/radiolarioja.com.ar\/rlr\/wp-content\/uploads\/2026\/01\/WhatsApp-Image-2026-01-14-at-18.53.08-300x200.jpeg 300w, https:\/\/radiolarioja.com.ar\/rlr\/wp-content\/uploads\/2026\/01\/WhatsApp-Image-2026-01-14-at-18.53.08-768x512.jpeg 768w, https:\/\/radiolarioja.com.ar\/rlr\/wp-content\/uploads\/2026\/01\/WhatsApp-Image-2026-01-14-at-18.53.08-1536x1023.jpeg 1536w, https:\/\/radiolarioja.com.ar\/rlr\/wp-content\/uploads\/2026\/01\/WhatsApp-Image-2026-01-14-at-18.53.08.jpeg 1600w\" sizes=\"(max-width: 1024px) 100vw, 1024px\" \/><\/a><\/figure>\n<\/figure>\n","protected":false},"excerpt":{"rendered":"<p>Luego de las intensas lluvias Tras el temporal del pasado 8 de enero, autoridades provinciales y municipales avanzaron<\/p>\n","protected":false},"author":2,"featured_media":84653,"comment_status":"open","ping_status":"open","sticky":false,"template":"","format":"standard","meta":{"footnotes":""},"categories":[12],"tags":[],"class_list":["post-84648","post","type-post","status-publish","format-standard","has-post-thumbnail","hentry","category-local"],"featured_image_urls":{"full":["https:\/\/radiolarioja.com.ar\/rlr\/wp-content\/uploads\/2026\/01\/WhatsApp-Image-2026-01-14-at-18.53.06-1.jpeg",1600,1066,false],"thumbnail":["https:\/\/radiolarioja.com.ar\/rlr\/wp-content\/uploads\/2026\/01\/WhatsApp-Image-2026-01-14-at-18.53.06-1-150x150.jpeg",150,150,true],"medium":["https:\/\/radiolarioja.com.ar\/rlr\/wp-content\/uploads\/2026\/01\/WhatsApp-Image-2026-01-14-at-18.53.06-1-300x200.jpeg",300,200,true],"medium_large":["https:\/\/radiolarioja.com.ar\/rlr\/wp-content\/uploads\/2026\/01\/WhatsApp-Image-2026-01-14-at-18.53.06-1-768x512.jpeg",640,427,true],"large":["https:\/\/radiolarioja.com.ar\/rlr\/wp-content\/uploads\/2026\/01\/WhatsApp-Image-2026-01-14-at-18.53.06-1-1024x682.jpeg",640,426,true],"1536x1536":["https:\/\/radiolarioja.com.ar\/rlr\/wp-content\/uploads\/2026\/01\/WhatsApp-Image-2026-01-14-at-18.53.06-1-1536x1023.jpeg",1536,1023,true],"2048x2048":["https:\/\/radiolarioja.com.ar\/rlr\/wp-content\/uploads\/2026\/01\/WhatsApp-Image-2026-01-14-at-18.53.06-1.jpeg",1600,1066,false],"morenews-large":["https:\/\/radiolarioja.com.ar\/rlr\/wp-content\/uploads\/2026\/01\/WhatsApp-Image-2026-01-14-at-18.53.06-1-825x575.jpeg",825,575,true],"morenews-medium":["https:\/\/radiolarioja.com.ar\/rlr\/wp-content\/uploads\/2026\/01\/WhatsApp-Image-2026-01-14-at-18.53.06-1-590x410.jpeg",590,410,true]},"author_info":{"info":["RadioLaRioja"]},"category_info":"<a href=\"https:\/\/radiolarioja.com.ar\/rlr\/category\/local\/\" rel=\"category tag\">Local<\/a>","tag_info":"Local","comment_count":"0","_links":{"self":[{"href":"https:\/\/radiolarioja.com.ar\/rlr\/wp-json\/wp\/v2\/posts\/84648","targetHints":{"allow":["GET"]}}],"collection":[{"href":"https:\/\/radiolarioja.com.ar\/rlr\/wp-json\/wp\/v2\/posts"}],"about":[{"href":"https:\/\/radiolarioja.com.ar\/rlr\/wp-json\/wp\/v2\/types\/post"}],"author":[{"embeddable":true,"href":"https:\/\/radiolarioja.com.ar\/rlr\/wp-json\/wp\/v2\/users\/2"}],"replies":[{"embeddable":true,"href":"https:\/\/radiolarioja.com.ar\/rlr\/wp-json\/wp\/v2\/comments?post=84648"}],"version-history":[{"count":1,"href":"https:\/\/radiolarioja.com.ar\/rlr\/wp-json\/wp\/v2\/posts\/84648\/revisions"}],"predecessor-version":[{"id":84655,"href":"https:\/\/radiolarioja.com.ar\/rlr\/wp-json\/wp\/v2\/posts\/84648\/revisions\/84655"}],"wp:featuredmedia":[{"embeddable":true,"href":"https:\/\/radiolarioja.com.ar\/rlr\/wp-json\/wp\/v2\/media\/84653"}],"wp:attachment":[{"href":"https:\/\/radiolarioja.com.ar\/rlr\/wp-json\/wp\/v2\/media?parent=84648"}],"wp:term":[{"taxonomy":"category","embeddable":true,"href":"https:\/\/radiolarioja.com.ar\/rlr\/wp-json\/wp\/v2\/categories?post=84648"},{"taxonomy":"post_tag","embeddable":true,"href":"https:\/\/radiolarioja.com.ar\/rlr\/wp-json\/wp\/v2\/tags?post=84648"}],"curies":[{"name":"wp","href":"https:\/\/api.w.org\/{rel}","templated":true}]}}