{"id":84644,"date":"2026-01-14T14:12:27","date_gmt":"2026-01-14T17:12:27","guid":{"rendered":"https:\/\/radiolarioja.com.ar\/rlr\/?p=84644"},"modified":"2026-01-14T20:55:44","modified_gmt":"2026-01-14T23:55:44","slug":"editorial-el-gobierno-de-milei-se-convierte-en-sponsor-del-odio-y-la-mentira","status":"publish","type":"post","link":"https:\/\/radiolarioja.com.ar\/rlr\/editorial-el-gobierno-de-milei-se-convierte-en-sponsor-del-odio-y-la-mentira\/","title":{"rendered":"Editorial: El Gobierno de Milei se convierte en sponsor del odio y la mentira"},"content":{"rendered":"\n<figure class=\"wp-block-embed is-type-video is-provider-youtube wp-block-embed-youtube wp-embed-aspect-16-9 wp-has-aspect-ratio\"><div class=\"wp-block-embed__wrapper\">\n<iframe title=\"MEDIOS PROVINCIA - BIEN ARRIBA 2026\" width=\"640\" height=\"360\" src=\"https:\/\/www.youtube.com\/embed\/_28zOmrgnWY?feature=oembed\" frameborder=\"0\" allow=\"accelerometer; autoplay; clipboard-write; encrypted-media; gyroscope; picture-in-picture; web-share\" referrerpolicy=\"strict-origin-when-cross-origin\" allowfullscreen><\/iframe>\n<\/div><\/figure>\n\n\n\n<p>La intervenci\u00f3n del Ministerio P\u00fablico Fiscal de La Rioja frente a las acusaciones medi\u00e1ticas contra el padre David Scalzo no puede leerse como un hecho aislado. Por el contrario, expone con crudeza una problem\u00e1tica mucho m\u00e1s profunda y alarmante: la <strong>normalizaci\u00f3n de campa\u00f1as de difamaci\u00f3n sin pruebas<\/strong>, amplificadas por redes de trolls, que no solo degradan el debate p\u00fablico sino que, en su forma m\u00e1s grave, podr\u00edan estar siendo financiadas con fondos del Estado nacional para atacar a opositores pol\u00edticos y, en particular, a provincias con identidad peronista como La Rioja.<\/p>\n\n\n\n<p>La decisi\u00f3n del fiscal general Javier Vallejos de poner l\u00edmites claros a la denuncia p\u00fablica irresponsable marca un punto de inflexi\u00f3n institucional. No existe, seg\u00fan confirm\u00f3 la propia Justicia, ninguna denuncia formal ni antecedente judicial contra el sacerdote. Las acusaciones surgieron exclusivamente de publicaciones en redes sociales y medios digitales, sin respaldo probatorio alguno. Aun as\u00ed, el da\u00f1o simb\u00f3lico, personal y social ya estaba en marcha. Ese es, precisamente, el objetivo de estas operaciones: instalar la sospecha, erosionar reputaciones y disciplinar pol\u00edticamente mediante el escarnio p\u00fablico.<\/p>\n\n\n\n<p>Lo verdaderamente inquietante es que este tipo de pr\u00e1cticas no son excepcionales. En los \u00faltimos a\u00f1os, sectores ligados a La Libertad Avanza han recurrido de manera sistem\u00e1tica a la difusi\u00f3n de fake news y acusaciones graves sin sustento judicial, apoy\u00e1ndose en ej\u00e9rcitos de militantes digitales que act\u00faan de forma coordinada. La gravedad institucional se multiplica cuando existen indicios y denuncias period\u00edsticas que sugieren que estas estructuras de propaganda y hostigamiento podr\u00edan estar siendo sostenidas, directa o indirectamente, con recursos del Estado nacional. Si ello fuera as\u00ed, no estar\u00edamos solo ante una degradaci\u00f3n del discurso pol\u00edtico, sino frente a un <strong>uso faccioso del dinero p\u00fablico para perseguir y atacar adversarios<\/strong>.<\/p>\n\n\n\n<p>La Rioja aparece, en este esquema, como un blanco recurrente. No es casual: se trata de una provincia con una identidad pol\u00edtica claramente peronista, que ha sostenido posiciones cr\u00edticas frente al actual gobierno nacional. La <strong>estigmatizaci\u00f3n <\/strong>de sus dirigentes, de sus instituciones e incluso de figuras sociales o religiosas vinculadas a la comunidad riojana responde a una l\u00f3gica de castigo pol\u00edtico. Se busca<strong> construir un relato de sospecha permanente<\/strong>, <strong>desacreditar <\/strong>cualquier voz disidente y presentar a la provincia como un territorio moralmente cuestionable, todo sin pasar jam\u00e1s por el tamiz del debido proceso.<\/p>\n\n\n\n<p>La actuaci\u00f3n de la Justicia provincial viene a recordar un principio b\u00e1sico del Estado de Derecho: la denuncia no es un acto comunicacional ni una herramienta de marketing pol\u00edtico. Es un acto jur\u00eddico serio, que debe realizarse ante las autoridades competentes y con responsabilidad. Cuando se sustituye el sistema judicial por el linchamiento digital, <strong>no hay libertad de expresi\u00f3n<\/strong> que valga. Hay, en cambio, posibles delitos: <strong>desobediencia a la autoridad judicial, falsa denuncia y difamaci\u00f3n<\/strong>.<\/p>\n\n\n\n<p>Pero el problema excede lo jur\u00eddico. Cuando desde el poder \u2014o con su tolerancia\u2014 se promueve una <strong>cultura de la mentira organizada<\/strong>, se erosiona la confianza social y se vac\u00eda de sentido la convivencia democr\u00e1tica. Utilizar fake news como arma pol\u00edtica, y peor a\u00fan, financiar esa maquinaria con fondos p\u00fablicos, implica <strong>cruzar una frontera \u00e9tica e institucional <\/strong>que una democracia no puede permitirse.<\/p>\n\n\n\n<p>Que la Justicia de La Rioja haya decidido<strong> actuar con rapidez y firmeza no es censura<\/strong>, como algunos intentar\u00e1n instalar, sino una<strong> defensa activa del orden constitucional<\/strong>. <strong>Marcar l\u00edmites a la violencia simb\u00f3lica<\/strong> y a la <strong>judicializaci\u00f3n medi\u00e1tica<\/strong> es proteger a las personas, pero tambi\u00e9n a la democracia. Porque cuando el <strong>Estado se convierte en sponsor del odio y la mentira<\/strong>, lo que est\u00e1 en juego ya no es una interna pol\u00edtica: es la salud misma de la Rep\u00fablica.<\/p>\n\n\n\n<p>Este llamado de atenci\u00f3n deber\u00eda resonar en todo el pa\u00eds. <strong>La democracia no se fortalece con trolls ni con fake news<\/strong>, sino con instituciones que funcionan, responsabilidades claras y un <strong>uso transparente de los recursos p\u00fablicos<\/strong>. Cualquier otra cosa es una <strong>amenaza que no puede ni debe ser naturalizada<\/strong>.<\/p>\n\n\n\n<figure class=\"wp-block-image size-large\"><a href=\"https:\/\/radiolarioja.com.ar\/rlr\/wp-content\/uploads\/2026\/01\/ChatGPT-Image-14-ene-2026-14_06_27.png\"><img fetchpriority=\"high\" decoding=\"async\" width=\"1024\" height=\"683\" src=\"https:\/\/radiolarioja.com.ar\/rlr\/wp-content\/uploads\/2026\/01\/ChatGPT-Image-14-ene-2026-14_06_27-1024x683.png\" alt=\"\" class=\"wp-image-84645\" srcset=\"https:\/\/radiolarioja.com.ar\/rlr\/wp-content\/uploads\/2026\/01\/ChatGPT-Image-14-ene-2026-14_06_27-1024x683.png 1024w, https:\/\/radiolarioja.com.ar\/rlr\/wp-content\/uploads\/2026\/01\/ChatGPT-Image-14-ene-2026-14_06_27-300x200.png 300w, https:\/\/radiolarioja.com.ar\/rlr\/wp-content\/uploads\/2026\/01\/ChatGPT-Image-14-ene-2026-14_06_27-768x512.png 768w, https:\/\/radiolarioja.com.ar\/rlr\/wp-content\/uploads\/2026\/01\/ChatGPT-Image-14-ene-2026-14_06_27.png 1536w\" sizes=\"(max-width: 1024px) 100vw, 1024px\" \/><\/a><\/figure>\n\n\n\n<figure class=\"wp-block-embed is-type-video is-provider-youtube wp-block-embed-youtube wp-embed-aspect-16-9 wp-has-aspect-ratio\"><div class=\"wp-block-embed__wrapper\">\n<iframe title=\"Editorial: El Gobierno de Milei se convierte en sponsor del odio y la mentira\" width=\"640\" height=\"360\" src=\"https:\/\/www.youtube.com\/embed\/zqZ7iTEiB7c?feature=oembed\" frameborder=\"0\" allow=\"accelerometer; autoplay; clipboard-write; encrypted-media; gyroscope; picture-in-picture; web-share\" referrerpolicy=\"strict-origin-when-cross-origin\" allowfullscreen><\/iframe>\n<\/div><\/figure>\n\n\n\n<p><\/p>\n","protected":false},"excerpt":{"rendered":"<p>La intervenci\u00f3n del Ministerio P\u00fablico Fiscal de La Rioja frente a las acusaciones medi\u00e1ticas contra el padre David<\/p>\n","protected":false},"author":2,"featured_media":84645,"comment_status":"open","ping_status":"open","sticky":false,"template":"","format":"standard","meta":{"footnotes":""},"categories":[16],"tags":[],"class_list":["post-84644","post","type-post","status-publish","format-standard","has-post-thumbnail","hentry","category-opinion"],"featured_image_urls":{"full":["https:\/\/radiolarioja.com.ar\/rlr\/wp-content\/uploads\/2026\/01\/ChatGPT-Image-14-ene-2026-14_06_27.png",1536,1024,false],"thumbnail":["https:\/\/radiolarioja.com.ar\/rlr\/wp-content\/uploads\/2026\/01\/ChatGPT-Image-14-ene-2026-14_06_27-150x150.png",150,150,true],"medium":["https:\/\/radiolarioja.com.ar\/rlr\/wp-content\/uploads\/2026\/01\/ChatGPT-Image-14-ene-2026-14_06_27-300x200.png",300,200,true],"medium_large":["https:\/\/radiolarioja.com.ar\/rlr\/wp-content\/uploads\/2026\/01\/ChatGPT-Image-14-ene-2026-14_06_27-768x512.png",640,427,true],"large":["https:\/\/radiolarioja.com.ar\/rlr\/wp-content\/uploads\/2026\/01\/ChatGPT-Image-14-ene-2026-14_06_27-1024x683.png",640,427,true],"1536x1536":["https:\/\/radiolarioja.com.ar\/rlr\/wp-content\/uploads\/2026\/01\/ChatGPT-Image-14-ene-2026-14_06_27.png",1536,1024,false],"2048x2048":["https:\/\/radiolarioja.com.ar\/rlr\/wp-content\/uploads\/2026\/01\/ChatGPT-Image-14-ene-2026-14_06_27.png",1536,1024,false],"morenews-large":["https:\/\/radiolarioja.com.ar\/rlr\/wp-content\/uploads\/2026\/01\/ChatGPT-Image-14-ene-2026-14_06_27-825x575.png",825,575,true],"morenews-medium":["https:\/\/radiolarioja.com.ar\/rlr\/wp-content\/uploads\/2026\/01\/ChatGPT-Image-14-ene-2026-14_06_27-590x410.png",590,410,true]},"author_info":{"info":["RadioLaRioja"]},"category_info":"<a href=\"https:\/\/radiolarioja.com.ar\/rlr\/category\/opinion\/\" rel=\"category tag\">Opini\u00f3n<\/a>","tag_info":"Opini\u00f3n","comment_count":"0","_links":{"self":[{"href":"https:\/\/radiolarioja.com.ar\/rlr\/wp-json\/wp\/v2\/posts\/84644","targetHints":{"allow":["GET"]}}],"collection":[{"href":"https:\/\/radiolarioja.com.ar\/rlr\/wp-json\/wp\/v2\/posts"}],"about":[{"href":"https:\/\/radiolarioja.com.ar\/rlr\/wp-json\/wp\/v2\/types\/post"}],"author":[{"embeddable":true,"href":"https:\/\/radiolarioja.com.ar\/rlr\/wp-json\/wp\/v2\/users\/2"}],"replies":[{"embeddable":true,"href":"https:\/\/radiolarioja.com.ar\/rlr\/wp-json\/wp\/v2\/comments?post=84644"}],"version-history":[{"count":3,"href":"https:\/\/radiolarioja.com.ar\/rlr\/wp-json\/wp\/v2\/posts\/84644\/revisions"}],"predecessor-version":[{"id":84666,"href":"https:\/\/radiolarioja.com.ar\/rlr\/wp-json\/wp\/v2\/posts\/84644\/revisions\/84666"}],"wp:featuredmedia":[{"embeddable":true,"href":"https:\/\/radiolarioja.com.ar\/rlr\/wp-json\/wp\/v2\/media\/84645"}],"wp:attachment":[{"href":"https:\/\/radiolarioja.com.ar\/rlr\/wp-json\/wp\/v2\/media?parent=84644"}],"wp:term":[{"taxonomy":"category","embeddable":true,"href":"https:\/\/radiolarioja.com.ar\/rlr\/wp-json\/wp\/v2\/categories?post=84644"},{"taxonomy":"post_tag","embeddable":true,"href":"https:\/\/radiolarioja.com.ar\/rlr\/wp-json\/wp\/v2\/tags?post=84644"}],"curies":[{"name":"wp","href":"https:\/\/api.w.org\/{rel}","templated":true}]}}