{"id":84624,"date":"2026-01-13T21:07:06","date_gmt":"2026-01-14T00:07:06","guid":{"rendered":"https:\/\/radiolarioja.com.ar\/rlr\/?p=84624"},"modified":"2026-01-13T21:07:07","modified_gmt":"2026-01-14T00:07:07","slug":"gendarmeria-concluye-operativos-exitosos-en-defensa-del-medio-ambiente","status":"publish","type":"post","link":"https:\/\/radiolarioja.com.ar\/rlr\/gendarmeria-concluye-operativos-exitosos-en-defensa-del-medio-ambiente\/","title":{"rendered":"Gendarmer\u00eda concluye operativos exitosos en defensa del medio ambiente"},"content":{"rendered":"\n<p>La Gendarmer\u00eda Nacional ha finalizado recientemente una serie de operativos destinados a la protecci\u00f3n de la fauna silvestre, logrando resultados positivos para el medio ambiente. Durante las intervenciones, las autoridades hallaron una significativa cantidad de jaulas y aves que se encontraban en situaci\u00f3n de cautiverio.<\/p>\n\n\n\n<p>Las acciones, en cumplimiento de las directivas del Juzgado Federal de La Rioja, resultaron en la entrega de los ejemplares recuperados a inspectores de la Delegaci\u00f3n de la Secretar\u00eda de Medio Ambiente de la provincia. Este tr\u00e1mite legal permite que las aves, en su mayor\u00eda nativas de la regi\u00f3n, sean liberadas para reintegrarse a su h\u00e1bitat natural.<\/p>\n\n\n\n<p>\u00abGracias a la efectiva colaboraci\u00f3n entre las autoridades y la comunidad, se ha logrado recuperar la libertad de estas aves, que ahora podr\u00e1n vivir en su ambiente\u00bb, declar\u00f3 un portavoz de la Gendarmer\u00eda. Este operativo no solo subraya el compromiso del Estado con la conservaci\u00f3n de la fauna, sino que tambi\u00e9n resalta la importancia de la intervenci\u00f3n comunitaria en la protecci\u00f3n de nuestros recursos naturales.<\/p>\n\n\n\n<figure class=\"wp-block-image size-large\"><a href=\"https:\/\/radiolarioja.com.ar\/rlr\/wp-content\/uploads\/2026\/01\/1003215611.jpg\"><img fetchpriority=\"high\" decoding=\"async\" width=\"1024\" height=\"461\" src=\"https:\/\/radiolarioja.com.ar\/rlr\/wp-content\/uploads\/2026\/01\/1003215611-1024x461.jpg\" alt=\"\" class=\"wp-image-84625\" srcset=\"https:\/\/radiolarioja.com.ar\/rlr\/wp-content\/uploads\/2026\/01\/1003215611-1024x461.jpg 1024w, https:\/\/radiolarioja.com.ar\/rlr\/wp-content\/uploads\/2026\/01\/1003215611-300x135.jpg 300w, https:\/\/radiolarioja.com.ar\/rlr\/wp-content\/uploads\/2026\/01\/1003215611-768x346.jpg 768w, https:\/\/radiolarioja.com.ar\/rlr\/wp-content\/uploads\/2026\/01\/1003215611-1536x691.jpg 1536w, https:\/\/radiolarioja.com.ar\/rlr\/wp-content\/uploads\/2026\/01\/1003215611.jpg 1600w\" sizes=\"(max-width: 1024px) 100vw, 1024px\" \/><\/a><\/figure>\n","protected":false},"excerpt":{"rendered":"<p>La Gendarmer\u00eda Nacional ha finalizado recientemente una serie de operativos destinados a la protecci\u00f3n de la fauna silvestre,<\/p>\n","protected":false},"author":2,"featured_media":84625,"comment_status":"open","ping_status":"open","sticky":false,"template":"","format":"standard","meta":{"footnotes":""},"categories":[10,12],"tags":[],"class_list":["post-84624","post","type-post","status-publish","format-standard","has-post-thumbnail","hentry","category-interior","category-local"],"featured_image_urls":{"full":["https:\/\/radiolarioja.com.ar\/rlr\/wp-content\/uploads\/2026\/01\/1003215611.jpg",1600,720,false],"thumbnail":["https:\/\/radiolarioja.com.ar\/rlr\/wp-content\/uploads\/2026\/01\/1003215611-150x150.jpg",150,150,true],"medium":["https:\/\/radiolarioja.com.ar\/rlr\/wp-content\/uploads\/2026\/01\/1003215611-300x135.jpg",300,135,true],"medium_large":["https:\/\/radiolarioja.com.ar\/rlr\/wp-content\/uploads\/2026\/01\/1003215611-768x346.jpg",640,288,true],"large":["https:\/\/radiolarioja.com.ar\/rlr\/wp-content\/uploads\/2026\/01\/1003215611-1024x461.jpg",640,288,true],"1536x1536":["https:\/\/radiolarioja.com.ar\/rlr\/wp-content\/uploads\/2026\/01\/1003215611-1536x691.jpg",1536,691,true],"2048x2048":["https:\/\/radiolarioja.com.ar\/rlr\/wp-content\/uploads\/2026\/01\/1003215611.jpg",1600,720,false],"morenews-large":["https:\/\/radiolarioja.com.ar\/rlr\/wp-content\/uploads\/2026\/01\/1003215611-825x575.jpg",825,575,true],"morenews-medium":["https:\/\/radiolarioja.com.ar\/rlr\/wp-content\/uploads\/2026\/01\/1003215611-590x410.jpg",590,410,true]},"author_info":{"info":["RadioLaRioja"]},"category_info":"<a href=\"https:\/\/radiolarioja.com.ar\/rlr\/category\/interior\/\" rel=\"category tag\">Interior<\/a> <a href=\"https:\/\/radiolarioja.com.ar\/rlr\/category\/local\/\" rel=\"category tag\">Local<\/a>","tag_info":"Local","comment_count":"0","_links":{"self":[{"href":"https:\/\/radiolarioja.com.ar\/rlr\/wp-json\/wp\/v2\/posts\/84624","targetHints":{"allow":["GET"]}}],"collection":[{"href":"https:\/\/radiolarioja.com.ar\/rlr\/wp-json\/wp\/v2\/posts"}],"about":[{"href":"https:\/\/radiolarioja.com.ar\/rlr\/wp-json\/wp\/v2\/types\/post"}],"author":[{"embeddable":true,"href":"https:\/\/radiolarioja.com.ar\/rlr\/wp-json\/wp\/v2\/users\/2"}],"replies":[{"embeddable":true,"href":"https:\/\/radiolarioja.com.ar\/rlr\/wp-json\/wp\/v2\/comments?post=84624"}],"version-history":[{"count":1,"href":"https:\/\/radiolarioja.com.ar\/rlr\/wp-json\/wp\/v2\/posts\/84624\/revisions"}],"predecessor-version":[{"id":84626,"href":"https:\/\/radiolarioja.com.ar\/rlr\/wp-json\/wp\/v2\/posts\/84624\/revisions\/84626"}],"wp:featuredmedia":[{"embeddable":true,"href":"https:\/\/radiolarioja.com.ar\/rlr\/wp-json\/wp\/v2\/media\/84625"}],"wp:attachment":[{"href":"https:\/\/radiolarioja.com.ar\/rlr\/wp-json\/wp\/v2\/media?parent=84624"}],"wp:term":[{"taxonomy":"category","embeddable":true,"href":"https:\/\/radiolarioja.com.ar\/rlr\/wp-json\/wp\/v2\/categories?post=84624"},{"taxonomy":"post_tag","embeddable":true,"href":"https:\/\/radiolarioja.com.ar\/rlr\/wp-json\/wp\/v2\/tags?post=84624"}],"curies":[{"name":"wp","href":"https:\/\/api.w.org\/{rel}","templated":true}]}}