{"id":84602,"date":"2026-01-13T19:41:36","date_gmt":"2026-01-13T22:41:36","guid":{"rendered":"https:\/\/radiolarioja.com.ar\/rlr\/?p=84602"},"modified":"2026-01-13T19:44:01","modified_gmt":"2026-01-13T22:44:01","slug":"hablar-bien-con-nosotros-mismos-convierte-el-dialogo-interno-en-nuestro-aliado","status":"publish","type":"post","link":"https:\/\/radiolarioja.com.ar\/rlr\/hablar-bien-con-nosotros-mismos-convierte-el-dialogo-interno-en-nuestro-aliado\/","title":{"rendered":"Hablar bien con nosotros mismos convierte el di\u00e1logo interno en nuestro aliado"},"content":{"rendered":"\n<p><br>El tipo de lenguaje que utilizamos para hablar con nosotros mismos hace cambiar nuestro estado de \u00e1nimo e influye en nuestra salud mental. Aprender a hablarnos \u00abbien\u00bb y \u00abmejor\u00bb puede ser un prop\u00f3sito para el nuevo a\u00f1o. Hay pautas que nos ayudan a conseguir que el di\u00e1logo interno sea nuestro aliado.&nbsp;<\/p>\n\n\n\n<p>La psicoterapeuta Mar Ch\u00e1vez y la psic\u00f3loga Mar\u00eda Beatriz Pereira, del Instituto Superior de Estudios Psicol\u00f3gicos (ISEP-metrodora), ofrecen una gu\u00eda divulgativa centrada en el di\u00e1logo interno y su impacto en el bienestar emocional.<\/p>\n\n\n\n<figure class=\"wp-block-image size-full\"><a href=\"https:\/\/radiolarioja.com.ar\/rlr\/wp-content\/uploads\/2026\/01\/hablarnos-mejor-arte-cuadro.webp\"><img fetchpriority=\"high\" decoding=\"async\" width=\"900\" height=\"574\" src=\"https:\/\/radiolarioja.com.ar\/rlr\/wp-content\/uploads\/2026\/01\/hablarnos-mejor-arte-cuadro.webp\" alt=\"\" class=\"wp-image-84606\" srcset=\"https:\/\/radiolarioja.com.ar\/rlr\/wp-content\/uploads\/2026\/01\/hablarnos-mejor-arte-cuadro.webp 900w, https:\/\/radiolarioja.com.ar\/rlr\/wp-content\/uploads\/2026\/01\/hablarnos-mejor-arte-cuadro-300x191.webp 300w, https:\/\/radiolarioja.com.ar\/rlr\/wp-content\/uploads\/2026\/01\/hablarnos-mejor-arte-cuadro-768x490.webp 768w\" sizes=\"(max-width: 900px) 100vw, 900px\" \/><\/a><\/figure>\n\n\n\n<h2 class=\"wp-block-heading\">El lenguaje cambia nuestro estado emocional<\/h2>\n\n\n\n<p>La psic\u00f3loga Mar\u00eda Beatriz Pereira, explica que el\u00a0di\u00e1logo interno\u00a0\u201cinfluye directamente en nuestra autoestima, motivaci\u00f3n, bienestar emocional, conducta y forma de afrontar la vida\u201d.<\/p>\n\n\n\n<p>La psicolog\u00eda cognitivo-conductual ha demostrado que los pensamientos autom\u00e1ticos negativos y la autocr\u00edtica excesiva se relacionan con&nbsp;<strong>mayores niveles de ansiedad, estr\u00e9s y s\u00edntomas depresivos<\/strong>.<\/p>\n\n\n\n<p>Adem\u00e1s, estos pensamientos debilitan la autoestima, obstaculizan el crecimiento personal al paralizarnos por miedo al juicio propio en vez de aprender del error, y limitan la forma de ser y actuar, detalla Pereira.&nbsp;<\/p>\n\n\n\n<p>Seg\u00fan datos del Ministerio de Sanidad, en Espa\u00f1a, los trastornos de ansiedad afectan al 6,7 % de la poblaci\u00f3n y la depresi\u00f3n al 4,1 %, cifras que alertan de la necesidad de aplicar estrategias psicol\u00f3gicas en la vida diaria.&nbsp;<\/p>\n\n\n\n<p>Por el contrario, una&nbsp;<strong>voz compasiva<\/strong>&nbsp;nos ayuda a aprender de los errores sin castigarnos, mantener la motivaci\u00f3n para alcanzar metas, reducir la ansiedad y el sentimiento de culpa y adaptarnos mejor a situaciones cotidianas.<\/p>\n\n\n\n<p>5 pasos que nos gu\u00edan a hablar con nosotros mismos<br>Seg\u00fan la gu\u00eda, estos son las pautas que nos faciltan mejorar el di\u00e1logo interior:<\/p>\n\n\n\n<figure class=\"wp-block-image size-full\"><a href=\"https:\/\/radiolarioja.com.ar\/rlr\/wp-content\/uploads\/2026\/01\/hablarnos-mejor-persona-playa.webp\"><img decoding=\"async\" width=\"900\" height=\"601\" src=\"https:\/\/radiolarioja.com.ar\/rlr\/wp-content\/uploads\/2026\/01\/hablarnos-mejor-persona-playa.webp\" alt=\"\" class=\"wp-image-84604\" srcset=\"https:\/\/radiolarioja.com.ar\/rlr\/wp-content\/uploads\/2026\/01\/hablarnos-mejor-persona-playa.webp 900w, https:\/\/radiolarioja.com.ar\/rlr\/wp-content\/uploads\/2026\/01\/hablarnos-mejor-persona-playa-300x200.webp 300w, https:\/\/radiolarioja.com.ar\/rlr\/wp-content\/uploads\/2026\/01\/hablarnos-mejor-persona-playa-768x513.webp 768w\" sizes=\"(max-width: 900px) 100vw, 900px\" \/><\/a><\/figure>\n\n\n\n<p>Ser conscientes de la voz interna. Observar, sin juzgar, qu\u00e9 nos decimos a lo largo del d\u00eda y preguntarnos si hablar\u00edamos as\u00ed a un ser querido. Cuestionar la veracidad de los pensamientos y preguntarnos: \u201c\u00bfEs real o estoy exagerando?\u201d.<br>Dialogar por escrito con esa voz cr\u00edtica. Poner por escrito lo que nos dice la voz y responder desde una mirada m\u00e1s realista y compasiva. De esta manera, se toma distancia emocional y se puede comprender el origen de la exigencia.<br>Interrumpir los pensamientos negativos. Utilizar t\u00e9cnicas sencillas, como la t\u00e9cnica STOP, que consiste en detenerse, respirar, observar el pensamiento y plantear una alternativa m\u00e1s ajustada a la realidad.<br>Sustituir el guion interno duro y descalificador por otro m\u00e1s amable sin caer en el autoenga\u00f1o. Por ejemplo, cambiar frases como \u201cno sirvo para nada\u201d por \u201cestoy en proceso y aprendiendo\u201d.<br>Reforzar con pr\u00e1ctica diaria. Es importante la constancia. A trav\u00e9s de h\u00e1bitos como frases ancla o recordatorios verbales; memorias visuales o anotar momentos en los que nos hablamos bien, se entrena esta nueva forma de tratarnos hasta que se convierte en una voz m\u00e1s estable.<br>Qu\u00e9 hacer si los pensamientos negativos persisten<br>Si a pesar de seguir estas t\u00e1cticas para hablarnos mejor, los pensamientos negativos no cesan e interrumpen nuestra vida diaria, \u201ces momento de buscar apoyo\u201d, aconseja Mar\u00eda Beatriz Pereira.<\/p>\n\n\n\n<p>La especialista indica que un profesional puede ayudarnos a gestionar nuestras emociones, organizar nuestros pensamientos y mejorar la autocompasi\u00f3n.<\/p>\n\n\n\n<p>De esta manera nos ayudar\u00e1 a transformar la cr\u00edtica voz interna en una aliada que fomente el bienestar emocional.<\/p>\n\n\n\n<p>\u00bfC\u00f3mo evitar el autoenga\u00f1o al hablar con nosotros mismos?<br>Caer en el autoenga\u00f1o nos hace ser condescendientes con nosotros mismos y evadir la realidad. De esta manera, se\u00f1ala Pereira, se crea una sensaci\u00f3n falsa de bienestar, que impide el aprendizaje y el crecimiento personal.<\/p>\n\n\n\n<p><strong>Seg\u00fan la psic\u00f3loga, para evitar el autoenga\u00f1o es necesario:<\/strong><\/p>\n\n\n\n<p>Reconocer nuestros pensamientos y emociones, incluidos los negativos.<br>Evaluar logros y errores de manera objetiva, con criterios realistas y sin comparaciones externas.<br>Aceptar nuestras limitaciones y errores sin juzgarnos.<br>Buscar retroalimentaci\u00f3n externa confiable, como amigos, familiares o profesionales, para que nos ayuden a tener una perspectiva equilibrada.<br>\u201cEl equilibrio est\u00e1 en ver la realidad tal como es, aprender de los errores y mantener un di\u00e1logo interno que motive y gu\u00ede, no que castigue o paralice\u201d, aconseja la experta.<\/p>\n\n\n\n<p>La psic\u00f3loga y directora de Proyectos Formativos de Instituto Superior de Estudios Psicol\u00f3gicos se\u00f1ala: \u201cSomos m\u00e1s que nuestros pensamientos\u201d.<\/p>\n\n\n\n<p>Por ello, \u201ccuando aprendemos a gestionarlos y actuar a pesar de ellos, nuestro di\u00e1logo interno se convierte en un motor de bienestar y crecimiento personal\u201d, concluye. Hablar con nosotros mismos de forma positiva puede ser un reto para el a\u00f1o que acaba de comenzar.<\/p>\n\n\n\n<figure class=\"wp-block-image size-full\"><a href=\"https:\/\/radiolarioja.com.ar\/rlr\/wp-content\/uploads\/2026\/01\/FireShot-Capture-1475-Hablar-con-nosostros-mismos_-un-aliado-para-estar-mejor-efesalud.com_.png\"><img decoding=\"async\" width=\"883\" height=\"515\" src=\"https:\/\/radiolarioja.com.ar\/rlr\/wp-content\/uploads\/2026\/01\/FireShot-Capture-1475-Hablar-con-nosostros-mismos_-un-aliado-para-estar-mejor-efesalud.com_.png\" alt=\"\" class=\"wp-image-84605\" srcset=\"https:\/\/radiolarioja.com.ar\/rlr\/wp-content\/uploads\/2026\/01\/FireShot-Capture-1475-Hablar-con-nosostros-mismos_-un-aliado-para-estar-mejor-efesalud.com_.png 883w, https:\/\/radiolarioja.com.ar\/rlr\/wp-content\/uploads\/2026\/01\/FireShot-Capture-1475-Hablar-con-nosostros-mismos_-un-aliado-para-estar-mejor-efesalud.com_-300x175.png 300w, https:\/\/radiolarioja.com.ar\/rlr\/wp-content\/uploads\/2026\/01\/FireShot-Capture-1475-Hablar-con-nosostros-mismos_-un-aliado-para-estar-mejor-efesalud.com_-768x448.png 768w\" sizes=\"(max-width: 883px) 100vw, 883px\" \/><\/a><\/figure>\n","protected":false},"excerpt":{"rendered":"<p>El tipo de lenguaje que utilizamos para hablar con nosotros mismos hace cambiar nuestro estado de \u00e1nimo e<\/p>\n","protected":false},"author":2,"featured_media":84605,"comment_status":"open","ping_status":"open","sticky":false,"template":"","format":"standard","meta":{"footnotes":""},"categories":[19],"tags":[],"class_list":["post-84602","post","type-post","status-publish","format-standard","has-post-thumbnail","hentry","category-sociedad"],"featured_image_urls":{"full":["https:\/\/radiolarioja.com.ar\/rlr\/wp-content\/uploads\/2026\/01\/FireShot-Capture-1475-Hablar-con-nosostros-mismos_-un-aliado-para-estar-mejor-efesalud.com_.png",883,515,false],"thumbnail":["https:\/\/radiolarioja.com.ar\/rlr\/wp-content\/uploads\/2026\/01\/FireShot-Capture-1475-Hablar-con-nosostros-mismos_-un-aliado-para-estar-mejor-efesalud.com_-150x150.png",150,150,true],"medium":["https:\/\/radiolarioja.com.ar\/rlr\/wp-content\/uploads\/2026\/01\/FireShot-Capture-1475-Hablar-con-nosostros-mismos_-un-aliado-para-estar-mejor-efesalud.com_-300x175.png",300,175,true],"medium_large":["https:\/\/radiolarioja.com.ar\/rlr\/wp-content\/uploads\/2026\/01\/FireShot-Capture-1475-Hablar-con-nosostros-mismos_-un-aliado-para-estar-mejor-efesalud.com_-768x448.png",640,373,true],"large":["https:\/\/radiolarioja.com.ar\/rlr\/wp-content\/uploads\/2026\/01\/FireShot-Capture-1475-Hablar-con-nosostros-mismos_-un-aliado-para-estar-mejor-efesalud.com_.png",640,373,false],"1536x1536":["https:\/\/radiolarioja.com.ar\/rlr\/wp-content\/uploads\/2026\/01\/FireShot-Capture-1475-Hablar-con-nosostros-mismos_-un-aliado-para-estar-mejor-efesalud.com_.png",883,515,false],"2048x2048":["https:\/\/radiolarioja.com.ar\/rlr\/wp-content\/uploads\/2026\/01\/FireShot-Capture-1475-Hablar-con-nosostros-mismos_-un-aliado-para-estar-mejor-efesalud.com_.png",883,515,false],"morenews-large":["https:\/\/radiolarioja.com.ar\/rlr\/wp-content\/uploads\/2026\/01\/FireShot-Capture-1475-Hablar-con-nosostros-mismos_-un-aliado-para-estar-mejor-efesalud.com_-825x515.png",825,515,true],"morenews-medium":["https:\/\/radiolarioja.com.ar\/rlr\/wp-content\/uploads\/2026\/01\/FireShot-Capture-1475-Hablar-con-nosostros-mismos_-un-aliado-para-estar-mejor-efesalud.com_-590x410.png",590,410,true]},"author_info":{"info":["RadioLaRioja"]},"category_info":"<a href=\"https:\/\/radiolarioja.com.ar\/rlr\/category\/sociedad\/\" rel=\"category tag\">Sociedad<\/a>","tag_info":"Sociedad","comment_count":"0","_links":{"self":[{"href":"https:\/\/radiolarioja.com.ar\/rlr\/wp-json\/wp\/v2\/posts\/84602","targetHints":{"allow":["GET"]}}],"collection":[{"href":"https:\/\/radiolarioja.com.ar\/rlr\/wp-json\/wp\/v2\/posts"}],"about":[{"href":"https:\/\/radiolarioja.com.ar\/rlr\/wp-json\/wp\/v2\/types\/post"}],"author":[{"embeddable":true,"href":"https:\/\/radiolarioja.com.ar\/rlr\/wp-json\/wp\/v2\/users\/2"}],"replies":[{"embeddable":true,"href":"https:\/\/radiolarioja.com.ar\/rlr\/wp-json\/wp\/v2\/comments?post=84602"}],"version-history":[{"count":2,"href":"https:\/\/radiolarioja.com.ar\/rlr\/wp-json\/wp\/v2\/posts\/84602\/revisions"}],"predecessor-version":[{"id":84610,"href":"https:\/\/radiolarioja.com.ar\/rlr\/wp-json\/wp\/v2\/posts\/84602\/revisions\/84610"}],"wp:featuredmedia":[{"embeddable":true,"href":"https:\/\/radiolarioja.com.ar\/rlr\/wp-json\/wp\/v2\/media\/84605"}],"wp:attachment":[{"href":"https:\/\/radiolarioja.com.ar\/rlr\/wp-json\/wp\/v2\/media?parent=84602"}],"wp:term":[{"taxonomy":"category","embeddable":true,"href":"https:\/\/radiolarioja.com.ar\/rlr\/wp-json\/wp\/v2\/categories?post=84602"},{"taxonomy":"post_tag","embeddable":true,"href":"https:\/\/radiolarioja.com.ar\/rlr\/wp-json\/wp\/v2\/tags?post=84602"}],"curies":[{"name":"wp","href":"https:\/\/api.w.org\/{rel}","templated":true}]}}