{"id":84599,"date":"2026-01-13T18:51:08","date_gmt":"2026-01-13T21:51:08","guid":{"rendered":"https:\/\/radiolarioja.com.ar\/rlr\/?p=84599"},"modified":"2026-01-13T18:54:49","modified_gmt":"2026-01-13T21:54:49","slug":"pancho-cabral-el-mismo-paisaje-en-otras-calles","status":"publish","type":"post","link":"https:\/\/radiolarioja.com.ar\/rlr\/pancho-cabral-el-mismo-paisaje-en-otras-calles\/","title":{"rendered":"Pancho Cabral: el mismo paisaje, en otras calles"},"content":{"rendered":"\n<figure class=\"wp-block-embed is-type-video is-provider-youtube wp-block-embed-youtube wp-embed-aspect-16-9 wp-has-aspect-ratio\"><div class=\"wp-block-embed__wrapper\">\n<iframe title=\"Pancho Cabral 06 Dolido coraz\u00f3n\" width=\"640\" height=\"360\" src=\"https:\/\/www.youtube.com\/embed\/u7vHF47yLKo?feature=oembed\" frameborder=\"0\" allow=\"accelerometer; autoplay; clipboard-write; encrypted-media; gyroscope; picture-in-picture; web-share\" referrerpolicy=\"strict-origin-when-cross-origin\" allowfullscreen><\/iframe>\n<\/div><\/figure>\n\n\n\n<p>El m\u00fasico y compositor riojano acaba de editar \u201cCoraz\u00f3n en su nostalgia\u201d, con arreglos de Horacio Burgos. Un fecundo encuentro en el que se incluye una versi\u00f3n de \u201cAzul provinciano\u201d.<\/p>\n\n\n\n<p>A Pancho Cabral le cabe en el pecho un cielo de provincian\u00eda, y desde su universo riojano lanza canciones como semillas en la gran aldea del canto americano.<\/p>\n\n\n\n<p>Para andar su incansable camino de creador, de m\u00fasico popular argentino, despu\u00e9s de aquellas soleadas primaveras de las voces de hace casi medio siglo (los Huanca Hua, Los Andariegos), tuvo que atravesar el invierno del exilio. Hasta regresar a La Rioja y quedarse a mirar desde all\u00ed con la guitarra y la palabra en los ojos.<\/p>\n\n\n\n<p>Hace un par de a\u00f1os vino hasta C\u00f3rdoba con un pu\u00f1ado de canciones nuevas y un par de esas reconocidas, a reunir su raz\u00f3n de identidad con el sentido de la est\u00e9tica de Horacio Burgos (guitarrista, compositor, arreglador) para trabajar un proyecto distinto, a buscar una brisa con otro temperamento de frescura.<\/p>\n\n\n\n<p>As\u00ed fue que, por fin, hace unas semanas sali\u00f3 a luz el disco Coraz\u00f3n en su nostalgia. La consecuencia fue un fecundo encuentro entre la po\u00e9tica de sus palabras y el sentido abrazo que les da sus voz, con la musicalidad de Burgos. Los temas se montan en un mismo viaje sensible, delicado, con notas y armon\u00edas que salen a buscar otras calles al cabo de la intimidad original de un patio sombreado.<\/p>\n\n\n\n<p>Burgos trae consigo a sus compa\u00f1eros de sensibilidad y desvelos, Fernando Bobarini (bajo) y Diego Clark (percusi\u00f3n y voz) para crear climas sutiles <em>hasta con instantes jazzeados<\/em>, para la creatividad del artista riojano. Y m\u00e1s sobresalientes cordobeses toman parte del disco: Pablo Jaurena (bandone\u00f3n), Mauro Ciavattini (vientos), Jorge Mart\u00ednez (piano), Marco Cordera (guitarra), Mario Tozzini (piano), Fede Seimandi (contrabajo), Nicol\u00e1s Roqu\u00e9 (tambores). .<\/p>\n\n\n\n<figure class=\"wp-block-embed is-type-video is-provider-youtube wp-block-embed-youtube wp-embed-aspect-16-9 wp-has-aspect-ratio\"><div class=\"wp-block-embed__wrapper\">\n<iframe title=\"Pancho Cabral 02 Dolido coraz\u00f3n\" width=\"640\" height=\"360\" src=\"https:\/\/www.youtube.com\/embed\/27aqUHKV1ds?feature=oembed\" frameborder=\"0\" allow=\"accelerometer; autoplay; clipboard-write; encrypted-media; gyroscope; picture-in-picture; web-share\" referrerpolicy=\"strict-origin-when-cross-origin\" allowfullscreen><\/iframe>\n<\/div><\/figure>\n\n\n\n<p>El disco abre con Cant\u00e1ndole a la vida, uno de esos contrastes luminosos de Cabral (\u00abYo caminando olvidos y ella cant\u00e1ndole a la vida\u00bb) a las que el arreglo les presta su suave y melodioso farol.<\/p>\n\n\n\n<p>El pasaje por una decena de canciones, hay un tramo que florece en homenajes americanos: a Alfredo Zitarroza (A don Alfredo, con aires de milonga), a Jaime Ross (Mirando a Montevideo, con voces de la Murga Tadeo) y a Chabuca Granda (Con ese don, con una notable participaci\u00f3n de Burgos ).<\/p>\n\n\n\n<p>De las canciones reconocidas, aparece primero Dolido coraz\u00f3n y luego Azul Provinciano. \u00abAy este azul\u00bb, c\u00f3mo se la suele llamar, es una de esas que alcanz\u00f3 el cielo del misterio del arte, ese con el que sue\u00f1an todas las canciones: concentrar algo la inmensidad de la vida en un estremecimiento de tres minutos. Bienvenida una versi\u00f3n sobre un bello arreglo de un tema que recorri\u00f3 el mundo en la voz de Mercedes Sosa.<\/p>\n\n\n\n<p>La nostalgia siempre con esperanzas de luz del coraz\u00f3n de Pancho Cabral se ha asomado aqu\u00ed a otras calles con los mismos ojos de su humano paisaje universal.<\/p>\n\n\n\n<figure class=\"wp-block-image size-full\"><a href=\"https:\/\/radiolarioja.com.ar\/rlr\/wp-content\/uploads\/2026\/01\/RD2FVHVAOZHMTEYOAG45FUQY3Q.jpg\"><img fetchpriority=\"high\" decoding=\"async\" width=\"924\" height=\"520\" src=\"https:\/\/radiolarioja.com.ar\/rlr\/wp-content\/uploads\/2026\/01\/RD2FVHVAOZHMTEYOAG45FUQY3Q.jpg\" alt=\"\" class=\"wp-image-84600\" srcset=\"https:\/\/radiolarioja.com.ar\/rlr\/wp-content\/uploads\/2026\/01\/RD2FVHVAOZHMTEYOAG45FUQY3Q.jpg 924w, https:\/\/radiolarioja.com.ar\/rlr\/wp-content\/uploads\/2026\/01\/RD2FVHVAOZHMTEYOAG45FUQY3Q-300x169.jpg 300w, https:\/\/radiolarioja.com.ar\/rlr\/wp-content\/uploads\/2026\/01\/RD2FVHVAOZHMTEYOAG45FUQY3Q-768x432.jpg 768w\" sizes=\"(max-width: 924px) 100vw, 924px\" \/><\/a><\/figure>\n\n\n\n<p>Nota Original: <a href=\"https:\/\/www.lavoz.com.ar\/vos\/musica\/comentario-del-disco-de-pancho-cabral-el-mismo-paisaje-en-otras-calles\/\">https:\/\/www.lavoz.com.ar\/vos\/musica\/comentario-del-disco-de-pancho-cabral-el-mismo-paisaje-en-otras-calles\/<\/a><\/p>\n\n\n\n<p><\/p>\n","protected":false},"excerpt":{"rendered":"<p>El m\u00fasico y compositor riojano acaba de editar \u201cCoraz\u00f3n en su nostalgia\u201d, con arreglos de Horacio Burgos. Un<\/p>\n","protected":false},"author":2,"featured_media":84600,"comment_status":"open","ping_status":"open","sticky":false,"template":"","format":"standard","meta":{"footnotes":""},"categories":[12],"tags":[],"class_list":["post-84599","post","type-post","status-publish","format-standard","has-post-thumbnail","hentry","category-local"],"featured_image_urls":{"full":["https:\/\/radiolarioja.com.ar\/rlr\/wp-content\/uploads\/2026\/01\/RD2FVHVAOZHMTEYOAG45FUQY3Q.jpg",924,520,false],"thumbnail":["https:\/\/radiolarioja.com.ar\/rlr\/wp-content\/uploads\/2026\/01\/RD2FVHVAOZHMTEYOAG45FUQY3Q-150x150.jpg",150,150,true],"medium":["https:\/\/radiolarioja.com.ar\/rlr\/wp-content\/uploads\/2026\/01\/RD2FVHVAOZHMTEYOAG45FUQY3Q-300x169.jpg",300,169,true],"medium_large":["https:\/\/radiolarioja.com.ar\/rlr\/wp-content\/uploads\/2026\/01\/RD2FVHVAOZHMTEYOAG45FUQY3Q-768x432.jpg",640,360,true],"large":["https:\/\/radiolarioja.com.ar\/rlr\/wp-content\/uploads\/2026\/01\/RD2FVHVAOZHMTEYOAG45FUQY3Q.jpg",640,360,false],"1536x1536":["https:\/\/radiolarioja.com.ar\/rlr\/wp-content\/uploads\/2026\/01\/RD2FVHVAOZHMTEYOAG45FUQY3Q.jpg",924,520,false],"2048x2048":["https:\/\/radiolarioja.com.ar\/rlr\/wp-content\/uploads\/2026\/01\/RD2FVHVAOZHMTEYOAG45FUQY3Q.jpg",924,520,false],"morenews-large":["https:\/\/radiolarioja.com.ar\/rlr\/wp-content\/uploads\/2026\/01\/RD2FVHVAOZHMTEYOAG45FUQY3Q-825x520.jpg",825,520,true],"morenews-medium":["https:\/\/radiolarioja.com.ar\/rlr\/wp-content\/uploads\/2026\/01\/RD2FVHVAOZHMTEYOAG45FUQY3Q-590x410.jpg",590,410,true]},"author_info":{"info":["RadioLaRioja"]},"category_info":"<a href=\"https:\/\/radiolarioja.com.ar\/rlr\/category\/local\/\" rel=\"category tag\">Local<\/a>","tag_info":"Local","comment_count":"0","_links":{"self":[{"href":"https:\/\/radiolarioja.com.ar\/rlr\/wp-json\/wp\/v2\/posts\/84599","targetHints":{"allow":["GET"]}}],"collection":[{"href":"https:\/\/radiolarioja.com.ar\/rlr\/wp-json\/wp\/v2\/posts"}],"about":[{"href":"https:\/\/radiolarioja.com.ar\/rlr\/wp-json\/wp\/v2\/types\/post"}],"author":[{"embeddable":true,"href":"https:\/\/radiolarioja.com.ar\/rlr\/wp-json\/wp\/v2\/users\/2"}],"replies":[{"embeddable":true,"href":"https:\/\/radiolarioja.com.ar\/rlr\/wp-json\/wp\/v2\/comments?post=84599"}],"version-history":[{"count":2,"href":"https:\/\/radiolarioja.com.ar\/rlr\/wp-json\/wp\/v2\/posts\/84599\/revisions"}],"predecessor-version":[{"id":84603,"href":"https:\/\/radiolarioja.com.ar\/rlr\/wp-json\/wp\/v2\/posts\/84599\/revisions\/84603"}],"wp:featuredmedia":[{"embeddable":true,"href":"https:\/\/radiolarioja.com.ar\/rlr\/wp-json\/wp\/v2\/media\/84600"}],"wp:attachment":[{"href":"https:\/\/radiolarioja.com.ar\/rlr\/wp-json\/wp\/v2\/media?parent=84599"}],"wp:term":[{"taxonomy":"category","embeddable":true,"href":"https:\/\/radiolarioja.com.ar\/rlr\/wp-json\/wp\/v2\/categories?post=84599"},{"taxonomy":"post_tag","embeddable":true,"href":"https:\/\/radiolarioja.com.ar\/rlr\/wp-json\/wp\/v2\/tags?post=84599"}],"curies":[{"name":"wp","href":"https:\/\/api.w.org\/{rel}","templated":true}]}}