{"id":84580,"date":"2026-01-13T13:47:53","date_gmt":"2026-01-13T16:47:53","guid":{"rendered":"https:\/\/radiolarioja.com.ar\/rlr\/?p=84580"},"modified":"2026-01-13T13:47:55","modified_gmt":"2026-01-13T16:47:55","slug":"teresita-madera-recorrer-las-escuelas-y-escuchar-a-la-comunidad-educativa-para-garantizar-un-inicio-de-clases-en-condiciones","status":"publish","type":"post","link":"https:\/\/radiolarioja.com.ar\/rlr\/teresita-madera-recorrer-las-escuelas-y-escuchar-a-la-comunidad-educativa-para-garantizar-un-inicio-de-clases-en-condiciones\/","title":{"rendered":"Teresita Madera: \u201crecorrer las escuelas y escuchar a la comunidad educativa para garantizar un inicio de clases en condiciones\u201d"},"content":{"rendered":"\n<p>La vicegobernadora Teresita Madera encabez\u00f3 en la Escuela de Comercio N\u00b0 2 una reuni\u00f3n de trabajo para coordinar la puesta a punto de los establecimientos educativos de la provincia, de cara al inicio del ciclo lectivo 2026.<\/p>\n\n\n\n<p>Del encuentro participaron autoridades provinciales, municipales y educativas, entre ellas el jefe de Gabinete Juan Luna, el secretario General de la Gobernaci\u00f3n Ricardo Herrera, el ministro de Educaci\u00f3n Ariel Mart\u00ednez, el intendente Armando Molina, el director de Educaci\u00f3n Secundaria Eduardo Toledo y el rector Rub\u00e9n Perea.<\/p>\n\n\n\n<p>Durante la reuni\u00f3n se avanz\u00f3 en la planificaci\u00f3n de tareas de mantenimiento y acondicionamiento en escuelas de Capital, el interior y zonas rurales.<\/p>\n\n\n\n<p>En ese marco, Madera remarc\u00f3 la importancia de acompa\u00f1ar a las familias y a la comunidad educativa. \u201cEstos trabajos son fundamentales para que las chicas y los chicos puedan comenzar las clases en escuelas seguras y en condiciones. Desde el Gobierno provincial estamos acompa\u00f1ando a cada comunidad educativa, escuchando sus realidades, porque la educaci\u00f3n es una prioridad y eso tambi\u00e9n se demuestra con presencia, di\u00e1logo y trabajo articulado junto a las familias y las escuelas\u201d, sostuvo.<\/p>\n\n\n\n<figure class=\"wp-block-gallery has-nested-images columns-default is-cropped wp-block-gallery-1 is-layout-flex wp-block-gallery-is-layout-flex\">\n<figure class=\"wp-block-image size-large\"><a href=\"https:\/\/radiolarioja.com.ar\/rlr\/wp-content\/uploads\/2026\/01\/1003213699-scaled.jpg\"><img fetchpriority=\"high\" decoding=\"async\" width=\"1024\" height=\"683\" data-id=\"84582\" src=\"https:\/\/radiolarioja.com.ar\/rlr\/wp-content\/uploads\/2026\/01\/1003213699-1024x683.jpg\" alt=\"\" class=\"wp-image-84582\" srcset=\"https:\/\/radiolarioja.com.ar\/rlr\/wp-content\/uploads\/2026\/01\/1003213699-1024x683.jpg 1024w, https:\/\/radiolarioja.com.ar\/rlr\/wp-content\/uploads\/2026\/01\/1003213699-300x200.jpg 300w, https:\/\/radiolarioja.com.ar\/rlr\/wp-content\/uploads\/2026\/01\/1003213699-768x512.jpg 768w, https:\/\/radiolarioja.com.ar\/rlr\/wp-content\/uploads\/2026\/01\/1003213699-1536x1024.jpg 1536w, https:\/\/radiolarioja.com.ar\/rlr\/wp-content\/uploads\/2026\/01\/1003213699-2048x1366.jpg 2048w\" sizes=\"(max-width: 1024px) 100vw, 1024px\" \/><\/a><\/figure>\n\n\n\n<figure class=\"wp-block-image size-large\"><a href=\"https:\/\/radiolarioja.com.ar\/rlr\/wp-content\/uploads\/2026\/01\/1003213698-scaled.jpg\"><img decoding=\"async\" width=\"1024\" height=\"683\" data-id=\"84585\" src=\"https:\/\/radiolarioja.com.ar\/rlr\/wp-content\/uploads\/2026\/01\/1003213698-1024x683.jpg\" alt=\"\" class=\"wp-image-84585\" srcset=\"https:\/\/radiolarioja.com.ar\/rlr\/wp-content\/uploads\/2026\/01\/1003213698-1024x683.jpg 1024w, https:\/\/radiolarioja.com.ar\/rlr\/wp-content\/uploads\/2026\/01\/1003213698-300x200.jpg 300w, https:\/\/radiolarioja.com.ar\/rlr\/wp-content\/uploads\/2026\/01\/1003213698-768x512.jpg 768w, https:\/\/radiolarioja.com.ar\/rlr\/wp-content\/uploads\/2026\/01\/1003213698-1536x1024.jpg 1536w, https:\/\/radiolarioja.com.ar\/rlr\/wp-content\/uploads\/2026\/01\/1003213698-2048x1365.jpg 2048w\" sizes=\"(max-width: 1024px) 100vw, 1024px\" \/><\/a><\/figure>\n\n\n\n<figure class=\"wp-block-image size-large\"><a href=\"https:\/\/radiolarioja.com.ar\/rlr\/wp-content\/uploads\/2026\/01\/1003213697-scaled.jpg\"><img decoding=\"async\" width=\"1024\" height=\"682\" data-id=\"84583\" src=\"https:\/\/radiolarioja.com.ar\/rlr\/wp-content\/uploads\/2026\/01\/1003213697-1024x682.jpg\" alt=\"\" class=\"wp-image-84583\" srcset=\"https:\/\/radiolarioja.com.ar\/rlr\/wp-content\/uploads\/2026\/01\/1003213697-1024x682.jpg 1024w, https:\/\/radiolarioja.com.ar\/rlr\/wp-content\/uploads\/2026\/01\/1003213697-300x200.jpg 300w, https:\/\/radiolarioja.com.ar\/rlr\/wp-content\/uploads\/2026\/01\/1003213697-768x512.jpg 768w, https:\/\/radiolarioja.com.ar\/rlr\/wp-content\/uploads\/2026\/01\/1003213697-1536x1024.jpg 1536w, https:\/\/radiolarioja.com.ar\/rlr\/wp-content\/uploads\/2026\/01\/1003213697-2048x1365.jpg 2048w\" sizes=\"(max-width: 1024px) 100vw, 1024px\" \/><\/a><\/figure>\n\n\n\n<figure class=\"wp-block-image size-large\"><a href=\"https:\/\/radiolarioja.com.ar\/rlr\/wp-content\/uploads\/2026\/01\/1003213696-scaled.jpg\"><img loading=\"lazy\" decoding=\"async\" width=\"1024\" height=\"683\" data-id=\"84584\" src=\"https:\/\/radiolarioja.com.ar\/rlr\/wp-content\/uploads\/2026\/01\/1003213696-1024x683.jpg\" alt=\"\" class=\"wp-image-84584\" srcset=\"https:\/\/radiolarioja.com.ar\/rlr\/wp-content\/uploads\/2026\/01\/1003213696-1024x683.jpg 1024w, https:\/\/radiolarioja.com.ar\/rlr\/wp-content\/uploads\/2026\/01\/1003213696-300x200.jpg 300w, https:\/\/radiolarioja.com.ar\/rlr\/wp-content\/uploads\/2026\/01\/1003213696-768x512.jpg 768w, https:\/\/radiolarioja.com.ar\/rlr\/wp-content\/uploads\/2026\/01\/1003213696-1536x1024.jpg 1536w, https:\/\/radiolarioja.com.ar\/rlr\/wp-content\/uploads\/2026\/01\/1003213696-2048x1365.jpg 2048w\" sizes=\"(max-width: 1024px) 100vw, 1024px\" \/><\/a><\/figure>\n\n\n\n<figure class=\"wp-block-image size-large\"><a href=\"https:\/\/radiolarioja.com.ar\/rlr\/wp-content\/uploads\/2026\/01\/1003213695.jpg\"><img loading=\"lazy\" decoding=\"async\" width=\"1024\" height=\"682\" data-id=\"84581\" src=\"https:\/\/radiolarioja.com.ar\/rlr\/wp-content\/uploads\/2026\/01\/1003213695-1024x682.jpg\" alt=\"\" class=\"wp-image-84581\" srcset=\"https:\/\/radiolarioja.com.ar\/rlr\/wp-content\/uploads\/2026\/01\/1003213695-1024x682.jpg 1024w, https:\/\/radiolarioja.com.ar\/rlr\/wp-content\/uploads\/2026\/01\/1003213695-300x200.jpg 300w, https:\/\/radiolarioja.com.ar\/rlr\/wp-content\/uploads\/2026\/01\/1003213695-768x512.jpg 768w, https:\/\/radiolarioja.com.ar\/rlr\/wp-content\/uploads\/2026\/01\/1003213695-1536x1023.jpg 1536w, https:\/\/radiolarioja.com.ar\/rlr\/wp-content\/uploads\/2026\/01\/1003213695.jpg 1600w\" sizes=\"(max-width: 1024px) 100vw, 1024px\" \/><\/a><\/figure>\n<\/figure>\n","protected":false},"excerpt":{"rendered":"<p>La vicegobernadora Teresita Madera encabez\u00f3 en la Escuela de Comercio N\u00b0 2 una reuni\u00f3n de trabajo para coordinar<\/p>\n","protected":false},"author":2,"featured_media":84582,"comment_status":"open","ping_status":"open","sticky":false,"template":"","format":"standard","meta":{"footnotes":""},"categories":[12],"tags":[],"class_list":["post-84580","post","type-post","status-publish","format-standard","has-post-thumbnail","hentry","category-local"],"featured_image_urls":{"full":["https:\/\/radiolarioja.com.ar\/rlr\/wp-content\/uploads\/2026\/01\/1003213699-scaled.jpg",2560,1707,false],"thumbnail":["https:\/\/radiolarioja.com.ar\/rlr\/wp-content\/uploads\/2026\/01\/1003213699-150x150.jpg",150,150,true],"medium":["https:\/\/radiolarioja.com.ar\/rlr\/wp-content\/uploads\/2026\/01\/1003213699-300x200.jpg",300,200,true],"medium_large":["https:\/\/radiolarioja.com.ar\/rlr\/wp-content\/uploads\/2026\/01\/1003213699-768x512.jpg",640,427,true],"large":["https:\/\/radiolarioja.com.ar\/rlr\/wp-content\/uploads\/2026\/01\/1003213699-1024x683.jpg",640,427,true],"1536x1536":["https:\/\/radiolarioja.com.ar\/rlr\/wp-content\/uploads\/2026\/01\/1003213699-1536x1024.jpg",1536,1024,true],"2048x2048":["https:\/\/radiolarioja.com.ar\/rlr\/wp-content\/uploads\/2026\/01\/1003213699-2048x1366.jpg",2048,1366,true],"morenews-large":["https:\/\/radiolarioja.com.ar\/rlr\/wp-content\/uploads\/2026\/01\/1003213699-825x575.jpg",825,575,true],"morenews-medium":["https:\/\/radiolarioja.com.ar\/rlr\/wp-content\/uploads\/2026\/01\/1003213699-590x410.jpg",590,410,true]},"author_info":{"info":["RadioLaRioja"]},"category_info":"<a href=\"https:\/\/radiolarioja.com.ar\/rlr\/category\/local\/\" rel=\"category tag\">Local<\/a>","tag_info":"Local","comment_count":"0","_links":{"self":[{"href":"https:\/\/radiolarioja.com.ar\/rlr\/wp-json\/wp\/v2\/posts\/84580","targetHints":{"allow":["GET"]}}],"collection":[{"href":"https:\/\/radiolarioja.com.ar\/rlr\/wp-json\/wp\/v2\/posts"}],"about":[{"href":"https:\/\/radiolarioja.com.ar\/rlr\/wp-json\/wp\/v2\/types\/post"}],"author":[{"embeddable":true,"href":"https:\/\/radiolarioja.com.ar\/rlr\/wp-json\/wp\/v2\/users\/2"}],"replies":[{"embeddable":true,"href":"https:\/\/radiolarioja.com.ar\/rlr\/wp-json\/wp\/v2\/comments?post=84580"}],"version-history":[{"count":1,"href":"https:\/\/radiolarioja.com.ar\/rlr\/wp-json\/wp\/v2\/posts\/84580\/revisions"}],"predecessor-version":[{"id":84586,"href":"https:\/\/radiolarioja.com.ar\/rlr\/wp-json\/wp\/v2\/posts\/84580\/revisions\/84586"}],"wp:featuredmedia":[{"embeddable":true,"href":"https:\/\/radiolarioja.com.ar\/rlr\/wp-json\/wp\/v2\/media\/84582"}],"wp:attachment":[{"href":"https:\/\/radiolarioja.com.ar\/rlr\/wp-json\/wp\/v2\/media?parent=84580"}],"wp:term":[{"taxonomy":"category","embeddable":true,"href":"https:\/\/radiolarioja.com.ar\/rlr\/wp-json\/wp\/v2\/categories?post=84580"},{"taxonomy":"post_tag","embeddable":true,"href":"https:\/\/radiolarioja.com.ar\/rlr\/wp-json\/wp\/v2\/tags?post=84580"}],"curies":[{"name":"wp","href":"https:\/\/api.w.org\/{rel}","templated":true}]}}