{"id":84577,"date":"2026-01-13T11:56:39","date_gmt":"2026-01-13T14:56:39","guid":{"rendered":"https:\/\/radiolarioja.com.ar\/rlr\/?p=84577"},"modified":"2026-01-13T11:56:40","modified_gmt":"2026-01-13T14:56:40","slug":"se-emitio-alerta-amarilla-por-lluvias-y-tormentas","status":"publish","type":"post","link":"https:\/\/radiolarioja.com.ar\/rlr\/se-emitio-alerta-amarilla-por-lluvias-y-tormentas\/","title":{"rendered":"Se emiti\u00f3 alerta amarilla por lluvias y tormentas"},"content":{"rendered":"\n<p>Atrav\u00e9s del Sistema Integrado de Alerta Temprana se emiti\u00f3 un alerta amarillo por el probable desarrollo de lluvias y tormentas de variada intensidad, algunas localmente fuertes. Las mismas podr\u00e1n estar acompa\u00f1adas por granizo, actividad el\u00e9ctrica, precipitaci\u00f3n abundante en cortos periodos y vientos con r\u00e1fagas que podr\u00e1n superar los 80 kil\u00f3metros por hora. Dicho alerta tiene vigencia para la jornada de hoy 13 de enero y ma\u00f1ana 14 de enero.<\/p>\n\n\n\n<p>Se prev\u00e9 lluvias para los departamentos Vinchina, General Lamadrid, General Felipe Varela, Famatina, Chilecito, San Blas de los Sauces, Independencia, General \u00c1ngel Vicente Pe\u00f1aloza, Juan Facundo Quiroga, Rosario Vera Pe\u00f1aloza y General San Mart\u00edn.<br>En tanto que para Arauco, Castro Barros, Sanagasta, Capital, Chamical, General Belgrano y General Ocampo se prev\u00e9n tormentas el\u00e9ctricas y vientos.<\/p>\n\n\n\n<figure class=\"wp-block-image size-large\"><a href=\"https:\/\/radiolarioja.com.ar\/rlr\/wp-content\/uploads\/2026\/01\/1003212963.jpg\"><img fetchpriority=\"high\" decoding=\"async\" width=\"1024\" height=\"597\" src=\"https:\/\/radiolarioja.com.ar\/rlr\/wp-content\/uploads\/2026\/01\/1003212963-1024x597.jpg\" alt=\"\" class=\"wp-image-84578\" srcset=\"https:\/\/radiolarioja.com.ar\/rlr\/wp-content\/uploads\/2026\/01\/1003212963-1024x597.jpg 1024w, https:\/\/radiolarioja.com.ar\/rlr\/wp-content\/uploads\/2026\/01\/1003212963-300x175.jpg 300w, https:\/\/radiolarioja.com.ar\/rlr\/wp-content\/uploads\/2026\/01\/1003212963-768x448.jpg 768w, https:\/\/radiolarioja.com.ar\/rlr\/wp-content\/uploads\/2026\/01\/1003212963-1536x896.jpg 1536w, https:\/\/radiolarioja.com.ar\/rlr\/wp-content\/uploads\/2026\/01\/1003212963.jpg 1600w\" sizes=\"(max-width: 1024px) 100vw, 1024px\" \/><\/a><\/figure>\n","protected":false},"excerpt":{"rendered":"<p>Atrav\u00e9s del Sistema Integrado de Alerta Temprana se emiti\u00f3 un alerta amarillo por el probable desarrollo de lluvias<\/p>\n","protected":false},"author":2,"featured_media":84578,"comment_status":"open","ping_status":"open","sticky":false,"template":"","format":"standard","meta":{"footnotes":""},"categories":[12],"tags":[],"class_list":["post-84577","post","type-post","status-publish","format-standard","has-post-thumbnail","hentry","category-local"],"featured_image_urls":{"full":["https:\/\/radiolarioja.com.ar\/rlr\/wp-content\/uploads\/2026\/01\/1003212963.jpg",1600,933,false],"thumbnail":["https:\/\/radiolarioja.com.ar\/rlr\/wp-content\/uploads\/2026\/01\/1003212963-150x150.jpg",150,150,true],"medium":["https:\/\/radiolarioja.com.ar\/rlr\/wp-content\/uploads\/2026\/01\/1003212963-300x175.jpg",300,175,true],"medium_large":["https:\/\/radiolarioja.com.ar\/rlr\/wp-content\/uploads\/2026\/01\/1003212963-768x448.jpg",640,373,true],"large":["https:\/\/radiolarioja.com.ar\/rlr\/wp-content\/uploads\/2026\/01\/1003212963-1024x597.jpg",640,373,true],"1536x1536":["https:\/\/radiolarioja.com.ar\/rlr\/wp-content\/uploads\/2026\/01\/1003212963-1536x896.jpg",1536,896,true],"2048x2048":["https:\/\/radiolarioja.com.ar\/rlr\/wp-content\/uploads\/2026\/01\/1003212963.jpg",1600,933,false],"morenews-large":["https:\/\/radiolarioja.com.ar\/rlr\/wp-content\/uploads\/2026\/01\/1003212963-825x575.jpg",825,575,true],"morenews-medium":["https:\/\/radiolarioja.com.ar\/rlr\/wp-content\/uploads\/2026\/01\/1003212963-590x410.jpg",590,410,true]},"author_info":{"info":["RadioLaRioja"]},"category_info":"<a href=\"https:\/\/radiolarioja.com.ar\/rlr\/category\/local\/\" rel=\"category tag\">Local<\/a>","tag_info":"Local","comment_count":"0","_links":{"self":[{"href":"https:\/\/radiolarioja.com.ar\/rlr\/wp-json\/wp\/v2\/posts\/84577","targetHints":{"allow":["GET"]}}],"collection":[{"href":"https:\/\/radiolarioja.com.ar\/rlr\/wp-json\/wp\/v2\/posts"}],"about":[{"href":"https:\/\/radiolarioja.com.ar\/rlr\/wp-json\/wp\/v2\/types\/post"}],"author":[{"embeddable":true,"href":"https:\/\/radiolarioja.com.ar\/rlr\/wp-json\/wp\/v2\/users\/2"}],"replies":[{"embeddable":true,"href":"https:\/\/radiolarioja.com.ar\/rlr\/wp-json\/wp\/v2\/comments?post=84577"}],"version-history":[{"count":1,"href":"https:\/\/radiolarioja.com.ar\/rlr\/wp-json\/wp\/v2\/posts\/84577\/revisions"}],"predecessor-version":[{"id":84579,"href":"https:\/\/radiolarioja.com.ar\/rlr\/wp-json\/wp\/v2\/posts\/84577\/revisions\/84579"}],"wp:featuredmedia":[{"embeddable":true,"href":"https:\/\/radiolarioja.com.ar\/rlr\/wp-json\/wp\/v2\/media\/84578"}],"wp:attachment":[{"href":"https:\/\/radiolarioja.com.ar\/rlr\/wp-json\/wp\/v2\/media?parent=84577"}],"wp:term":[{"taxonomy":"category","embeddable":true,"href":"https:\/\/radiolarioja.com.ar\/rlr\/wp-json\/wp\/v2\/categories?post=84577"},{"taxonomy":"post_tag","embeddable":true,"href":"https:\/\/radiolarioja.com.ar\/rlr\/wp-json\/wp\/v2\/tags?post=84577"}],"curies":[{"name":"wp","href":"https:\/\/api.w.org\/{rel}","templated":true}]}}