{"id":84573,"date":"2026-01-13T11:17:35","date_gmt":"2026-01-13T14:17:35","guid":{"rendered":"https:\/\/radiolarioja.com.ar\/rlr\/?p=84573"},"modified":"2026-01-13T18:35:28","modified_gmt":"2026-01-13T21:35:28","slug":"editorial-luz-y-gas-el-abismo-de-las-tarifas-un-2026-que-asfixia-a-la-clase-trabajadora","status":"publish","type":"post","link":"https:\/\/radiolarioja.com.ar\/rlr\/editorial-luz-y-gas-el-abismo-de-las-tarifas-un-2026-que-asfixia-a-la-clase-trabajadora\/","title":{"rendered":"Editorial: Luz y Gas. El Abismo de las Tarifas: Un 2026 que Asfixia a la Clase Trabajadora"},"content":{"rendered":"\n<p>El inicio de 2026 marca un punto de inflexi\u00f3n doloroso para la econom\u00eda dom\u00e9stica argentina. Bajo la premisa de \u00absincerar\u00bb los precios de la energ\u00eda, el Gobierno Nacional ha puesto en marcha un esquema que <strong>desmantela los subsidios masivos a la luz, el gas y el agua<\/strong>. Lo que en los papeles se presenta como <strong>eficiencia fiscal, en la realidad de los hogares se traduce en una erosi\u00f3n brutal del poder adquisitivo<\/strong>.<\/p>\n\n\n\n<figure class=\"wp-block-embed is-type-video is-provider-youtube wp-block-embed-youtube wp-embed-aspect-16-9 wp-has-aspect-ratio\"><div class=\"wp-block-embed__wrapper\">\n<iframe title=\"MEDIOS PROVINCIA - BIEN DE VERANO 2026\" width=\"640\" height=\"360\" src=\"https:\/\/www.youtube.com\/embed\/4a89AU5LlAM?feature=oembed\" frameborder=\"0\" allow=\"accelerometer; autoplay; clipboard-write; encrypted-media; gyroscope; picture-in-picture; web-share\" referrerpolicy=\"strict-origin-when-cross-origin\" allowfullscreen><\/iframe>\n<\/div><\/figure>\n\n\n\n<p>La eliminaci\u00f3n de los beneficios para vastos sectores de la poblaci\u00f3n \u2014como detallan las recientes cr\u00f3nicas sobre el nuevo sistema de subsidios\u2014 <strong>golpea con especial sa\u00f1a al interior del pa\u00eds<\/strong>. En La Rioja, donde el consumo el\u00e9ctrico no es un lujo sino una necesidad vital frente al rigor clim\u00e1tico, el impacto es doble. Mientras <strong>los salarios riojanos luchan por no quedar rezagados<\/strong>, <strong>las boletas de servicios b\u00e1sicos se convierten en una carga impagable<\/strong>. La provincia, con una estructura econ\u00f3mica vulnerable, ve c\u00f3mo su clase media y sus sectores m\u00e1s necesitados caen en la precariedad energ\u00e9tica, obligados a <strong>elegir entre alimentarse o mantener la luz encendida.<\/strong><\/p>\n\n\n\n<p>Sin embargo, el aspecto m\u00e1s alarmante de este modelo es la <strong>asimetr\u00eda en el sacrificio<\/strong>. Mientras se exige a la ciudadan\u00eda un esfuerzo tit\u00e1nico para pagar tarifas a \u00abprecios de mercado\u00bb, el Estado consolida una agenda de beneficios fiscales para los estratos m\u00e1s acaudalados. La reducci\u00f3n de impuestos a los sectores de mayor patrimonio y los incentivos para los grandes capitales contrastan obscenamente con el recorte de la ayuda estatal a los trabajadores.<\/p>\n\n\n\n<p>El proyecto de Milei genera de esta forma un giro profundo en la pol\u00edtica de subsidios a los servicios p\u00fablicos, particularmente a la energ\u00eda el\u00e9ctrica y al gas natural. La decisi\u00f3n de reestructurar el sistema de subsidios, reduciendo su alcance y focaliz\u00e1ndolo en los sectores m\u00e1s vulnerables, marca un punto de inflexi\u00f3n en la econom\u00eda dom\u00e9stica de millones de hogares y plantea un nuevo escenario para provincias como La Rioja.<\/p>\n\n\n\n<p>Hasta diciembre de 2025 exist\u00eda un esquema de segmentaci\u00f3n tarifaria con diferentes niveles de subsidios seg\u00fan los ingresos del hogar. A partir del 1\u00ba de enero de 2026, ese modelo fue reemplazado por un nuevo R\u00e9gimen de Subsidios Energ\u00e9ticos Focalizados (SEF) que simplifica las categor\u00edas en solo dos grupos: <strong>hogares con subsidios y hogares sin subsidios<\/strong>. Esto elimina la segmentaci\u00f3n tradicional en tres niveles y ajusta los vol\u00famenes de consumo bonificado, afectando la composici\u00f3n final de las facturas de luz y gas.<\/p>\n\n\n\n<p>El objetivo oficial es <strong>reducir el gasto fiscal en subsidios energ\u00e9ticos<\/strong> \u2014del <strong>0,65% del PBI en 2025 a alrededor del 0,5% en 2026<\/strong>\u2014 y llevar las tarifas hacia niveles m\u00e1s cercanos a los <strong>costos reales del servicio<\/strong>. El Gobierno estima que, aunque los subsidios contin\u00faan para sectores vulnerables, alrededor de <strong>7,5 millones de hogares dejar\u00e1n de recibirlos<\/strong>, lo que representa cerca del <strong>45% de los usuarios residenciales<\/strong>. En la pr\u00e1ctica, esto implica que una parte significativa de<strong> la poblaci\u00f3n pasar\u00e1 a pagar el precio pleno del servicio<\/strong> o con una bonificaci\u00f3n sensiblemente menor que antes.<\/p>\n\n\n\n<p>Estas pol\u00edticas se traducen en aumentos tarifarios concretos: la electricidad y el gas \u2014servicios esenciales que hasta ahora estaban fuertemente subsidiados\u2014 ver\u00e1n una reducci\u00f3n en los bloques de consumo subvencionado y una mayor exposici\u00f3n al valor de mercado de la energ\u00eda. De acuerdo con el Gobierno y consultoras especializadas, <strong>incluso los hogares que mantengan subsidios enfrentar\u00e1n incrementos del orden del 20% en electricidad y alrededor del 23% en el gas<\/strong>, dependiendo del consumo y del mes del a\u00f1o.<\/p>\n\n\n\n<p>Este proceso est\u00e1 vinculando el ajuste energ\u00e9tico a una estrategia econ\u00f3mica m\u00e1s amplia, que apunta a controlar el d\u00e9ficit fiscal, estabilizar el sector energ\u00e9tico y <strong>atraer inversiones<\/strong>. Seg\u00fan el Gobierno, reflejar el costo real de la energ\u00eda en las boletas es una condici\u00f3n necesaria para sostener el servicio \u2014evitar cortes, garantizar inversiones y reducir la dependencia de aportes del Tesoro\u2014 a mediano plazo.<\/p>\n\n\n\n<p>La Rioja, provincia del interior con una econom\u00eda regional y patrones de consumo energ\u00e9tico diferentes a los del AMBA, siente con particular intensidad estas reformas. Por un lado,<strong> la reducci\u00f3n de subsidios aumenta la carga sobre los hogares riojanos<\/strong>, muchos de los cuales ya enfrentan un<strong> alto peso de los servicios p\u00fablicos <\/strong>en sus presupuestos familiares. El impacto de la quita de subsidios en provincias con econom\u00edas m\u00e1s fr\u00e1giles puede traducirse en presi\u00f3n sobre el ingreso disponible, sobre todo en estaciones de fr\u00edo intenso donde el consumo de gas y electricidad tiende a elevarse.<\/p>\n\n\n\n<p>Adem\u00e1s, al ajustarse las tarifas hacia el costo real, sector productivo y comercios locales enfrentan mayores costos operativos, lo que puede repercutir en precios finales y en la competitividad de peque\u00f1as y medianas empresas locales.<\/p>\n\n\n\n<p>En t\u00e9rminos sociales, la medida podr\u00eda profundizar las brechas entre hogares que logran mantener ciertos consumos sin subsidios y hogares de ingresos bajos que, aunque conservan los beneficios, ven sus facturas aumentar de forma significativa respecto a per\u00edodos anteriores.<\/p>\n\n\n\n<p>Desde una perspectiva estructural, la provincia tambi\u00e9n enfrenta el desaf\u00edo de mejorar la eficiencia energ\u00e9tica y promover el uso racional de la energ\u00eda para amortiguar los mayores costos, al mismo tiempo que busca mecanismos de asistencia locales o programas provinciales que acompa\u00f1en a los usuarios m\u00e1s afectados.<\/p>\n\n\n\n<p>La reforma de subsidios a la energ\u00eda en Argentina representa una pol\u00edtica ambiciosa y pol\u00e9mica que afecta de lleno el bolsillo de millones de usuarios. En provincias como La Rioja, donde los ingresos familiares y la din\u00e1mica econ\u00f3mica no siempre permiten absorber grandes incrementos, <strong>el ajuste tarifario se siente como un golpe directo al presupuesto dom\u00e9stico y a la competitividad regional<\/strong>.<\/p>\n\n\n\n<p>La transici\u00f3n hacia tarifas reflejando costos reales puede ser necesaria para la sostenibilidad del sistema energ\u00e9tico, pero requiere equilibrios sociales y pol\u00edticas complementarias que protejan a los sectores m\u00e1s vulnerables y no profundicen desigualdades regionales.<br>En definitiva, el \u00e9xito de esta reforma depender\u00e1 no solo de la eficiencia de su implementaci\u00f3n, sino de la capacidad del Estado \u2014nacional y provincial\u2014 para acompa\u00f1ar a los ciudadanos en un proceso sensible y de alto impacto social.<\/p>\n\n\n\n<p>Estamos ante una <strong>redistribuci\u00f3n de la riqueza a la inversa<\/strong>: se <strong>desprotege al consumidor <\/strong>y <strong>se asfixia al trabajador riojano<\/strong> para equilibrar las cuentas, mientras <strong>se aliviana la carga de quienes m\u00e1s tienen<\/strong>. El 2026 comienza con una advertencia clara: la libertad de precios, sin una recomposici\u00f3n real del salario, no es m\u00e1s que la libertad de empobrecerse en la oscuridad.<\/p>\n\n\n\n<figure class=\"wp-block-image size-large\"><a href=\"https:\/\/radiolarioja.com.ar\/rlr\/wp-content\/uploads\/2026\/01\/ChatGPT-Image-13-ene-2026-10_49_14.png\"><img fetchpriority=\"high\" decoding=\"async\" width=\"1024\" height=\"683\" src=\"https:\/\/radiolarioja.com.ar\/rlr\/wp-content\/uploads\/2026\/01\/ChatGPT-Image-13-ene-2026-10_49_14-1024x683.png\" alt=\"\" class=\"wp-image-84574\" srcset=\"https:\/\/radiolarioja.com.ar\/rlr\/wp-content\/uploads\/2026\/01\/ChatGPT-Image-13-ene-2026-10_49_14-1024x683.png 1024w, https:\/\/radiolarioja.com.ar\/rlr\/wp-content\/uploads\/2026\/01\/ChatGPT-Image-13-ene-2026-10_49_14-300x200.png 300w, https:\/\/radiolarioja.com.ar\/rlr\/wp-content\/uploads\/2026\/01\/ChatGPT-Image-13-ene-2026-10_49_14-768x512.png 768w, https:\/\/radiolarioja.com.ar\/rlr\/wp-content\/uploads\/2026\/01\/ChatGPT-Image-13-ene-2026-10_49_14.png 1536w\" sizes=\"(max-width: 1024px) 100vw, 1024px\" \/><\/a><\/figure>\n\n\n\n<p><\/p>\n","protected":false},"excerpt":{"rendered":"<p>El inicio de 2026 marca un punto de inflexi\u00f3n doloroso para la econom\u00eda dom\u00e9stica argentina. Bajo la premisa<\/p>\n","protected":false},"author":2,"featured_media":84574,"comment_status":"open","ping_status":"open","sticky":false,"template":"","format":"standard","meta":{"footnotes":""},"categories":[16],"tags":[],"class_list":["post-84573","post","type-post","status-publish","format-standard","has-post-thumbnail","hentry","category-opinion"],"featured_image_urls":{"full":["https:\/\/radiolarioja.com.ar\/rlr\/wp-content\/uploads\/2026\/01\/ChatGPT-Image-13-ene-2026-10_49_14.png",1536,1024,false],"thumbnail":["https:\/\/radiolarioja.com.ar\/rlr\/wp-content\/uploads\/2026\/01\/ChatGPT-Image-13-ene-2026-10_49_14-150x150.png",150,150,true],"medium":["https:\/\/radiolarioja.com.ar\/rlr\/wp-content\/uploads\/2026\/01\/ChatGPT-Image-13-ene-2026-10_49_14-300x200.png",300,200,true],"medium_large":["https:\/\/radiolarioja.com.ar\/rlr\/wp-content\/uploads\/2026\/01\/ChatGPT-Image-13-ene-2026-10_49_14-768x512.png",640,427,true],"large":["https:\/\/radiolarioja.com.ar\/rlr\/wp-content\/uploads\/2026\/01\/ChatGPT-Image-13-ene-2026-10_49_14-1024x683.png",640,427,true],"1536x1536":["https:\/\/radiolarioja.com.ar\/rlr\/wp-content\/uploads\/2026\/01\/ChatGPT-Image-13-ene-2026-10_49_14.png",1536,1024,false],"2048x2048":["https:\/\/radiolarioja.com.ar\/rlr\/wp-content\/uploads\/2026\/01\/ChatGPT-Image-13-ene-2026-10_49_14.png",1536,1024,false],"morenews-large":["https:\/\/radiolarioja.com.ar\/rlr\/wp-content\/uploads\/2026\/01\/ChatGPT-Image-13-ene-2026-10_49_14-825x575.png",825,575,true],"morenews-medium":["https:\/\/radiolarioja.com.ar\/rlr\/wp-content\/uploads\/2026\/01\/ChatGPT-Image-13-ene-2026-10_49_14-590x410.png",590,410,true]},"author_info":{"info":["RadioLaRioja"]},"category_info":"<a href=\"https:\/\/radiolarioja.com.ar\/rlr\/category\/opinion\/\" rel=\"category tag\">Opini\u00f3n<\/a>","tag_info":"Opini\u00f3n","comment_count":"0","_links":{"self":[{"href":"https:\/\/radiolarioja.com.ar\/rlr\/wp-json\/wp\/v2\/posts\/84573","targetHints":{"allow":["GET"]}}],"collection":[{"href":"https:\/\/radiolarioja.com.ar\/rlr\/wp-json\/wp\/v2\/posts"}],"about":[{"href":"https:\/\/radiolarioja.com.ar\/rlr\/wp-json\/wp\/v2\/types\/post"}],"author":[{"embeddable":true,"href":"https:\/\/radiolarioja.com.ar\/rlr\/wp-json\/wp\/v2\/users\/2"}],"replies":[{"embeddable":true,"href":"https:\/\/radiolarioja.com.ar\/rlr\/wp-json\/wp\/v2\/comments?post=84573"}],"version-history":[{"count":2,"href":"https:\/\/radiolarioja.com.ar\/rlr\/wp-json\/wp\/v2\/posts\/84573\/revisions"}],"predecessor-version":[{"id":84597,"href":"https:\/\/radiolarioja.com.ar\/rlr\/wp-json\/wp\/v2\/posts\/84573\/revisions\/84597"}],"wp:featuredmedia":[{"embeddable":true,"href":"https:\/\/radiolarioja.com.ar\/rlr\/wp-json\/wp\/v2\/media\/84574"}],"wp:attachment":[{"href":"https:\/\/radiolarioja.com.ar\/rlr\/wp-json\/wp\/v2\/media?parent=84573"}],"wp:term":[{"taxonomy":"category","embeddable":true,"href":"https:\/\/radiolarioja.com.ar\/rlr\/wp-json\/wp\/v2\/categories?post=84573"},{"taxonomy":"post_tag","embeddable":true,"href":"https:\/\/radiolarioja.com.ar\/rlr\/wp-json\/wp\/v2\/tags?post=84573"}],"curies":[{"name":"wp","href":"https:\/\/api.w.org\/{rel}","templated":true}]}}