{"id":81572,"date":"2025-06-05T22:54:05","date_gmt":"2025-06-06T01:54:05","guid":{"rendered":"https:\/\/radiolarioja.com.ar\/rlr\/?p=81572"},"modified":"2025-06-05T22:54:07","modified_gmt":"2025-06-06T01:54:07","slug":"vinchina-celebro-sus-328-anos-con-obras-anuncios-y-un-emotivo-y-colorido-desfile","status":"publish","type":"post","link":"https:\/\/radiolarioja.com.ar\/rlr\/vinchina-celebro-sus-328-anos-con-obras-anuncios-y-un-emotivo-y-colorido-desfile\/","title":{"rendered":"Vinchina celebr\u00f3 sus 328 a\u00f1os con obras, anuncios y un emotivo y colorido desfile"},"content":{"rendered":"\n<p>Ricardo Quintela encabez\u00f3 el acto central por el aniversario del departamento y destac\u00f3 a Vinchina como \u201cun s\u00edmbolo de lucha, de arraigo y de mucha esperanza\u201d. Reivindic\u00f3 el rol del Estado, el impulso a la miner\u00eda responsable y cuestion\u00f3 al Gobierno nacional por el retiro de fondos y la paralizaci\u00f3n de obras p\u00fablicas.<\/p>\n\n\n\n<p>El gobernador Ricardo Quintela encabez\u00f3 el acto protocolar por el 328\u00b0 aniversario del Departamento Vinchina. En su discurso, destac\u00f3 la historia de lucha y arraigo de la regi\u00f3n, defendi\u00f3 el rol del Estado presente, y asegur\u00f3 que la miner\u00eda ser\u00e1 una herramienta clave para el desarrollo, siempre con un enfoque sustentable y con beneficios para la comunidad. Tambi\u00e9n cuestion\u00f3 el modelo nacional que busca reducir la presencia estatal y llam\u00f3 a un debate profundo sobre el pa\u00eds que se quiere construir.<br>\u00abEs una enorme alegr\u00eda estar hoy aqu\u00ed, celebrando junto a ustedes los 328 a\u00f1os de vida de este departamento tan valioso y querido para nuestra provincia. Vinchina no es solo un punto geogr\u00e1fico, es un s\u00edmbolo de lucha, de arraigo y de mucha esperanza\u00bb, expres\u00f3 el gobernador Ricardo Quintela al iniciar su discurso.<br>Durante el acto, el mandatario puso en valor la identidad cultural y la memoria hist\u00f3rica del departamento, y subray\u00f3: \u00abEn estas tierras dejaron su huella nuestros pueblos originarios, que ya practicaban actividades productivas como la miner\u00eda y el comercio mucho antes de la llegada de los conquistadores. Esa herencia sigue viva y nos impulsa a construir un futuro venturoso\u00bb.<br>En ese marco, Quintela remarc\u00f3 que el Gobierno provincial trabaja para \u00abampliar derechos, generar oportunidades y llevar el Estado a cada rinc\u00f3n de La Rioja\u00bb. Defendi\u00f3 la visi\u00f3n federal y subray\u00f3 que \u00abel federalismo no es solo una consigna: es una forma concreta de gobernar, de estar cerca y actuar por nuestra gente\u00bb. En este sentido, valor\u00f3 las obras inauguradas en Vinchina como expresi\u00f3n de \u00abun Estado presente que invierte, genera trabajo y cuida los recursos\u00bb.<\/p>\n\n\n\n<p>Miner\u00eda con responsabilidad y justicia social<br>Uno de los ejes centrales del discurso del Gobernador fue el impulso a la actividad minera. \u00abVinchina tiene una rica historia minera que se remonta a tiempos precolombinos. Hoy apostamos a una miner\u00eda moderna, sustentable y respetuosa del ambiente y de las comunidades\u00bb, afirm\u00f3.<br>De igual manera, Quintela agreg\u00f3 que el Gobierno trabaja con regulaciones claras para evitar la l\u00f3gica extractivista y asegur\u00f3 que \u00abqueremos una miner\u00eda que genere empleo, infraestructura y oportunidades, cuidando nuestro entorno. Una miner\u00eda al servicio del pueblo, no de intereses for\u00e1neos\u00bb.<br>En otro pasaje, el mandatario provincial que el modelo de provincia que se construye es \u00abinclusivo, productivo, sustentable y profundamente federal\u00bb, y plante\u00f3 la necesidad de equilibrar las desigualdades entre el centro y el interior, en tanto que tambi\u00e9n contrast\u00f3 su postura con la del Gobierno nacional: \u201cMientras nosotros defendemos un Estado presente, el Gobierno nacional pretende retirarlo y dejar todo en manos del mercado\u201d.<br>Y concluy\u00f3 con un llamado a la reflexi\u00f3n pol\u00edtica: \u201cDebemos debatir en qu\u00e9 pa\u00eds queremos vivir. Votar con esperanza y con amor, por un proyecto que proponga una mejor calidad de vida para nuestra gente\u201d.<\/p>\n\n\n\n<p>Compromiso municipal<br>La intendenta Adriana Arias tambi\u00e9n particip\u00f3 del acto y destac\u00f3 el acompa\u00f1amiento del Gobierno provincial. \u00abHoy podemos decir que los servicios b\u00e1sicos de agua, electricidad y conectividad en nuestros distritos son una realidad\u00bb, celebr\u00f3.<br>De igual manera, Arias cuestion\u00f3 el retiro de fondos por parte de Naci\u00f3n y defendi\u00f3 el papel del Estado y se\u00f1al\u00f3 que \u201cnada de lo que hoy inauguramos ser\u00eda posible sin el apoyo de los fondos provinciales. Cada obra genera desarrollo y activa la econom\u00eda local\u201d.<br>Por \u00faltimo, la intendenta reafirm\u00f3 el compromiso del municipio con el desarrollo minero y remarc\u00f3 que \u201csabemos que tenemos una gran oportunidad con la miner\u00eda y confiamos en que ser\u00e1 el inicio del primer proyecto industrial en el departamento\u201d.<\/p>\n\n\n\n<figure class=\"wp-block-image size-large\"><a href=\"https:\/\/radiolarioja.com.ar\/rlr\/wp-content\/uploads\/2025\/06\/WhatsApp-Image-2025-05-30-at-10.14.38.jpeg\"><img fetchpriority=\"high\" decoding=\"async\" width=\"1024\" height=\"736\" src=\"https:\/\/radiolarioja.com.ar\/rlr\/wp-content\/uploads\/2025\/06\/WhatsApp-Image-2025-05-30-at-10.14.38-1024x736.jpeg\" alt=\"\" class=\"wp-image-81573\" srcset=\"https:\/\/radiolarioja.com.ar\/rlr\/wp-content\/uploads\/2025\/06\/WhatsApp-Image-2025-05-30-at-10.14.38-1024x736.jpeg 1024w, https:\/\/radiolarioja.com.ar\/rlr\/wp-content\/uploads\/2025\/06\/WhatsApp-Image-2025-05-30-at-10.14.38-300x216.jpeg 300w, https:\/\/radiolarioja.com.ar\/rlr\/wp-content\/uploads\/2025\/06\/WhatsApp-Image-2025-05-30-at-10.14.38-768x552.jpeg 768w, https:\/\/radiolarioja.com.ar\/rlr\/wp-content\/uploads\/2025\/06\/WhatsApp-Image-2025-05-30-at-10.14.38.jpeg 1280w\" sizes=\"(max-width: 1024px) 100vw, 1024px\" \/><\/a><\/figure>\n","protected":false},"excerpt":{"rendered":"<p>Ricardo Quintela encabez\u00f3 el acto central por el aniversario del departamento y destac\u00f3 a Vinchina como \u201cun s\u00edmbolo<\/p>\n","protected":false},"author":2,"featured_media":81573,"comment_status":"open","ping_status":"open","sticky":false,"template":"","format":"image","meta":{"footnotes":""},"categories":[12],"tags":[],"class_list":["post-81572","post","type-post","status-publish","format-image","has-post-thumbnail","hentry","category-local","post_format-post-format-image"],"featured_image_urls":{"full":["https:\/\/radiolarioja.com.ar\/rlr\/wp-content\/uploads\/2025\/06\/WhatsApp-Image-2025-05-30-at-10.14.38.jpeg",1280,920,false],"thumbnail":["https:\/\/radiolarioja.com.ar\/rlr\/wp-content\/uploads\/2025\/06\/WhatsApp-Image-2025-05-30-at-10.14.38-150x150.jpeg",150,150,true],"medium":["https:\/\/radiolarioja.com.ar\/rlr\/wp-content\/uploads\/2025\/06\/WhatsApp-Image-2025-05-30-at-10.14.38-300x216.jpeg",300,216,true],"medium_large":["https:\/\/radiolarioja.com.ar\/rlr\/wp-content\/uploads\/2025\/06\/WhatsApp-Image-2025-05-30-at-10.14.38-768x552.jpeg",640,460,true],"large":["https:\/\/radiolarioja.com.ar\/rlr\/wp-content\/uploads\/2025\/06\/WhatsApp-Image-2025-05-30-at-10.14.38-1024x736.jpeg",640,460,true],"1536x1536":["https:\/\/radiolarioja.com.ar\/rlr\/wp-content\/uploads\/2025\/06\/WhatsApp-Image-2025-05-30-at-10.14.38.jpeg",1280,920,false],"2048x2048":["https:\/\/radiolarioja.com.ar\/rlr\/wp-content\/uploads\/2025\/06\/WhatsApp-Image-2025-05-30-at-10.14.38.jpeg",1280,920,false],"morenews-large":["https:\/\/radiolarioja.com.ar\/rlr\/wp-content\/uploads\/2025\/06\/WhatsApp-Image-2025-05-30-at-10.14.38.jpeg",800,575,false],"morenews-medium":["https:\/\/radiolarioja.com.ar\/rlr\/wp-content\/uploads\/2025\/06\/WhatsApp-Image-2025-05-30-at-10.14.38.jpeg",570,410,false]},"author_info":{"info":["RadioLaRioja"]},"category_info":"<a href=\"https:\/\/radiolarioja.com.ar\/rlr\/category\/local\/\" rel=\"category tag\">Local<\/a>","tag_info":"Local","comment_count":"0","_links":{"self":[{"href":"https:\/\/radiolarioja.com.ar\/rlr\/wp-json\/wp\/v2\/posts\/81572","targetHints":{"allow":["GET"]}}],"collection":[{"href":"https:\/\/radiolarioja.com.ar\/rlr\/wp-json\/wp\/v2\/posts"}],"about":[{"href":"https:\/\/radiolarioja.com.ar\/rlr\/wp-json\/wp\/v2\/types\/post"}],"author":[{"embeddable":true,"href":"https:\/\/radiolarioja.com.ar\/rlr\/wp-json\/wp\/v2\/users\/2"}],"replies":[{"embeddable":true,"href":"https:\/\/radiolarioja.com.ar\/rlr\/wp-json\/wp\/v2\/comments?post=81572"}],"version-history":[{"count":1,"href":"https:\/\/radiolarioja.com.ar\/rlr\/wp-json\/wp\/v2\/posts\/81572\/revisions"}],"predecessor-version":[{"id":81574,"href":"https:\/\/radiolarioja.com.ar\/rlr\/wp-json\/wp\/v2\/posts\/81572\/revisions\/81574"}],"wp:featuredmedia":[{"embeddable":true,"href":"https:\/\/radiolarioja.com.ar\/rlr\/wp-json\/wp\/v2\/media\/81573"}],"wp:attachment":[{"href":"https:\/\/radiolarioja.com.ar\/rlr\/wp-json\/wp\/v2\/media?parent=81572"}],"wp:term":[{"taxonomy":"category","embeddable":true,"href":"https:\/\/radiolarioja.com.ar\/rlr\/wp-json\/wp\/v2\/categories?post=81572"},{"taxonomy":"post_tag","embeddable":true,"href":"https:\/\/radiolarioja.com.ar\/rlr\/wp-json\/wp\/v2\/tags?post=81572"}],"curies":[{"name":"wp","href":"https:\/\/api.w.org\/{rel}","templated":true}]}}