{"id":81566,"date":"2025-06-05T22:52:46","date_gmt":"2025-06-06T01:52:46","guid":{"rendered":"https:\/\/radiolarioja.com.ar\/rlr\/?p=81566"},"modified":"2025-06-05T22:52:47","modified_gmt":"2025-06-06T01:52:47","slug":"salud-participo-del-encuentro-federal-con-atencion-oftalmologica-y-capacitacion-en-rcp","status":"publish","type":"post","link":"https:\/\/radiolarioja.com.ar\/rlr\/salud-participo-del-encuentro-federal-con-atencion-oftalmologica-y-capacitacion-en-rcp\/","title":{"rendered":"Salud particip\u00f3 del Encuentro Federal con atenci\u00f3n oftalmol\u00f3gica y capacitaci\u00f3n en RCP"},"content":{"rendered":"\n<p>El Ministerio de Salud de La Rioja realiz\u00f3 un operativo sanitario en Anillaco y Aminga, en el marco del Encuentro Federal, con m\u00e1s de 65 consultas oftalmol\u00f3gicas y un taller de primeros auxilios destinado a fuerzas vivas y vecinos del departamento Castro Barros.<\/p>\n\n\n\n<p>El pasado viernes, el Ministerio de Salud llev\u00f3 adelante un nuevo operativo sanitario en las localidades de Anillaco y Aminga, departamento Castro Barros, en el marco del Encuentro Federal que impulsa el Gobierno provincial. La jornada incluy\u00f3 atenci\u00f3n oftalmol\u00f3gica a m\u00e1s de 65 pacientes y un taller de RCP y primeros auxilios, como parte de una estrategia integral de atenci\u00f3n, prevenci\u00f3n y formaci\u00f3n en salud.<br>El Encuentro Federal es una iniciativa del Gobierno de La Rioja que propone un abordaje territorial e interministerial a trav\u00e9s de distintas mesas de trabajo, donde se debaten e intercambian propuestas en \u00e1reas como salud, educaci\u00f3n, cultura, miner\u00eda y g\u00e9nero. En este contexto, el Ministerio de Salud particip\u00f3 con operativos oftalmol\u00f3gicos en Aminga, que beneficiaron a vecinos de localidades cercanas, y con una capacitaci\u00f3n en reanimaci\u00f3n cardiopulmonar (RCP) en Anillaco, destinada tanto a la comunidad como a personal del CRILaR, Polic\u00eda, Bomberos y Defensa Civil del departamento.<\/p>\n\n\n\n<p>Respuestas concretas<br>El responsable de la Coordinaci\u00f3n de Oftalmolog\u00eda, Hern\u00e1n D\u00edaz Carre\u00f1o, destac\u00f3 que \u201ces fundamental la presencia del Ministerio de Salud en cada rinc\u00f3n de la Provincia, y a\u00fan m\u00e1s en las comunidades del interior. D\u00edas atr\u00e1s estuvimos en Ulapes, y estamos convencidos de que, para que el Estado est\u00e9 verdaderamente presente, debe dar respuestas concretas como estas. De lo contrario, se convierte en un Estado vac\u00edo y ausente\u201d.<br>En la misma l\u00ednea, Mat\u00edas Romero Vega, integrante de la Red Cardiovascular y responsable de la coordinaci\u00f3n de Rehabilitaci\u00f3n, se\u00f1al\u00f3: \u201cDesde la Red Cardiovascular continuamos brindando talleres de RCP y primeros auxilios en toda la Provincia, capacitando tanto a personal de organismos gubernamentales como del sector privado, en el marco del programa Provincia Cardioprotegida\u201d.<br>Finalmente, Mirta Caliva, vecina de la localidad, agradeci\u00f3 la presencia del equipo sanitario: \u201cValoramos profundamente la visita del Gobierno provincial y de los profesionales del Ministerio de Salud, por atender nuestras necesidades y capacitarnos en temas tan importantes como los primeros auxilios y la reanimaci\u00f3n cardiopulmonar\u201d.<br>Participaron del operativo el coordinador de Oftalmolog\u00eda del Ministerio de Salud, Hern\u00e1n D\u00edaz Carre\u00f1o, junto a su equipo de profesionales; el responsable del \u00e1rea de Rehabilitaci\u00f3n, Mat\u00edas Romero Vega; Alejo Gait\u00e1n, del equipo de la Red Cardiovascular; y personal del CRILaR Anillaco, Polic\u00eda, Bomberos y Defensa Civil.<\/p>\n\n\n\n<figure class=\"wp-block-image size-large\"><a href=\"https:\/\/radiolarioja.com.ar\/rlr\/wp-content\/uploads\/2025\/06\/WhatsApp-Image-2025-06-02-at-11.50.20.jpeg\"><img fetchpriority=\"high\" decoding=\"async\" width=\"1024\" height=\"684\" src=\"https:\/\/radiolarioja.com.ar\/rlr\/wp-content\/uploads\/2025\/06\/WhatsApp-Image-2025-06-02-at-11.50.20-1024x684.jpeg\" alt=\"\" class=\"wp-image-81567\" srcset=\"https:\/\/radiolarioja.com.ar\/rlr\/wp-content\/uploads\/2025\/06\/WhatsApp-Image-2025-06-02-at-11.50.20-1024x684.jpeg 1024w, https:\/\/radiolarioja.com.ar\/rlr\/wp-content\/uploads\/2025\/06\/WhatsApp-Image-2025-06-02-at-11.50.20-300x200.jpeg 300w, https:\/\/radiolarioja.com.ar\/rlr\/wp-content\/uploads\/2025\/06\/WhatsApp-Image-2025-06-02-at-11.50.20-768x513.jpeg 768w, https:\/\/radiolarioja.com.ar\/rlr\/wp-content\/uploads\/2025\/06\/WhatsApp-Image-2025-06-02-at-11.50.20.jpeg 1280w\" sizes=\"(max-width: 1024px) 100vw, 1024px\" \/><\/a><\/figure>\n","protected":false},"excerpt":{"rendered":"<p>El Ministerio de Salud de La Rioja realiz\u00f3 un operativo sanitario en Anillaco y Aminga, en el marco<\/p>\n","protected":false},"author":2,"featured_media":81567,"comment_status":"open","ping_status":"open","sticky":false,"template":"","format":"image","meta":{"footnotes":""},"categories":[12],"tags":[],"class_list":["post-81566","post","type-post","status-publish","format-image","has-post-thumbnail","hentry","category-local","post_format-post-format-image"],"featured_image_urls":{"full":["https:\/\/radiolarioja.com.ar\/rlr\/wp-content\/uploads\/2025\/06\/WhatsApp-Image-2025-06-02-at-11.50.20.jpeg",1280,855,false],"thumbnail":["https:\/\/radiolarioja.com.ar\/rlr\/wp-content\/uploads\/2025\/06\/WhatsApp-Image-2025-06-02-at-11.50.20-150x150.jpeg",150,150,true],"medium":["https:\/\/radiolarioja.com.ar\/rlr\/wp-content\/uploads\/2025\/06\/WhatsApp-Image-2025-06-02-at-11.50.20-300x200.jpeg",300,200,true],"medium_large":["https:\/\/radiolarioja.com.ar\/rlr\/wp-content\/uploads\/2025\/06\/WhatsApp-Image-2025-06-02-at-11.50.20-768x513.jpeg",640,428,true],"large":["https:\/\/radiolarioja.com.ar\/rlr\/wp-content\/uploads\/2025\/06\/WhatsApp-Image-2025-06-02-at-11.50.20-1024x684.jpeg",640,428,true],"1536x1536":["https:\/\/radiolarioja.com.ar\/rlr\/wp-content\/uploads\/2025\/06\/WhatsApp-Image-2025-06-02-at-11.50.20.jpeg",1280,855,false],"2048x2048":["https:\/\/radiolarioja.com.ar\/rlr\/wp-content\/uploads\/2025\/06\/WhatsApp-Image-2025-06-02-at-11.50.20.jpeg",1280,855,false],"morenews-large":["https:\/\/radiolarioja.com.ar\/rlr\/wp-content\/uploads\/2025\/06\/WhatsApp-Image-2025-06-02-at-11.50.20.jpeg",825,551,false],"morenews-medium":["https:\/\/radiolarioja.com.ar\/rlr\/wp-content\/uploads\/2025\/06\/WhatsApp-Image-2025-06-02-at-11.50.20.jpeg",590,394,false]},"author_info":{"info":["RadioLaRioja"]},"category_info":"<a href=\"https:\/\/radiolarioja.com.ar\/rlr\/category\/local\/\" rel=\"category tag\">Local<\/a>","tag_info":"Local","comment_count":"0","_links":{"self":[{"href":"https:\/\/radiolarioja.com.ar\/rlr\/wp-json\/wp\/v2\/posts\/81566","targetHints":{"allow":["GET"]}}],"collection":[{"href":"https:\/\/radiolarioja.com.ar\/rlr\/wp-json\/wp\/v2\/posts"}],"about":[{"href":"https:\/\/radiolarioja.com.ar\/rlr\/wp-json\/wp\/v2\/types\/post"}],"author":[{"embeddable":true,"href":"https:\/\/radiolarioja.com.ar\/rlr\/wp-json\/wp\/v2\/users\/2"}],"replies":[{"embeddable":true,"href":"https:\/\/radiolarioja.com.ar\/rlr\/wp-json\/wp\/v2\/comments?post=81566"}],"version-history":[{"count":1,"href":"https:\/\/radiolarioja.com.ar\/rlr\/wp-json\/wp\/v2\/posts\/81566\/revisions"}],"predecessor-version":[{"id":81568,"href":"https:\/\/radiolarioja.com.ar\/rlr\/wp-json\/wp\/v2\/posts\/81566\/revisions\/81568"}],"wp:featuredmedia":[{"embeddable":true,"href":"https:\/\/radiolarioja.com.ar\/rlr\/wp-json\/wp\/v2\/media\/81567"}],"wp:attachment":[{"href":"https:\/\/radiolarioja.com.ar\/rlr\/wp-json\/wp\/v2\/media?parent=81566"}],"wp:term":[{"taxonomy":"category","embeddable":true,"href":"https:\/\/radiolarioja.com.ar\/rlr\/wp-json\/wp\/v2\/categories?post=81566"},{"taxonomy":"post_tag","embeddable":true,"href":"https:\/\/radiolarioja.com.ar\/rlr\/wp-json\/wp\/v2\/tags?post=81566"}],"curies":[{"name":"wp","href":"https:\/\/api.w.org\/{rel}","templated":true}]}}