{"id":81560,"date":"2025-06-05T22:51:20","date_gmt":"2025-06-06T01:51:20","guid":{"rendered":"https:\/\/radiolarioja.com.ar\/rlr\/?p=81560"},"modified":"2025-06-05T22:51:21","modified_gmt":"2025-06-06T01:51:21","slug":"la-provincia-homenajea-a-rosario-vera-penaloza-y-su-legado-con-un-majestuoso-monumento","status":"publish","type":"post","link":"https:\/\/radiolarioja.com.ar\/rlr\/la-provincia-homenajea-a-rosario-vera-penaloza-y-su-legado-con-un-majestuoso-monumento\/","title":{"rendered":"La Provincia homenajea a Rosario Vera Pe\u00f1aloza y su legado con un majestuoso monumento"},"content":{"rendered":"\n<p>El gobernador Ricardo Quintela inaugur\u00f3 en el Parque de la Familia la primera etapa del Parque Memorial Rosario Vera Pe\u00f1aloza, que incluye un conjunto escult\u00f3rico de 13 metros, el m\u00e1s grande del pa\u00eds en homenaje a una mujer. El espacio contar\u00e1 con \u00e1reas recreativas, una plaza c\u00edvica y zonas de encuentro comunitario.<\/p>\n\n\n\n<p>Este lunes, el gobernador Ricardo Quintela, dej\u00f3 inaugurado el monumento en homenaje a la Maestra de la Patria, Rosario Vera Pe\u00f1aloza, en el Parque de la Familia ubicado en la zona sur de la ciudad, y que lleva su nombre. Se trata de la primera etapa del Parque Memorial Rosario Vera Pe\u00f1aloza, que contar\u00e1 con una plaza c\u00edvica de ingreso, juegos infantiles, zonas de transici\u00f3n y espacios de conectividad.<br>El conjunto escult\u00f3rico, realizado por el artista boliviano Juan Garc\u00eda Guzm\u00e1n, mide alrededor de 13 metros de altura y se convierte en el monumento m\u00e1s grande del pa\u00eds en homenaje a una mujer.<br>Durante el acto, el mandatario salud\u00f3 a los presentes, destacando la masiva participaci\u00f3n de docentes del nivel inicial, especialmente quienes llegaron desde Chuquis. \u201cMi agradecimiento es para todas las colegas que vinieron a acompa\u00f1arnos en la inauguraci\u00f3n de este monumento a la Maestra de la Patria\u201d, expres\u00f3, al tiempo que a\u00f1adi\u00f3: \u201cQuiero agradecer profundamente a todas y todos los docentes del nivel inicial, porque son el primer contacto que tienen los ni\u00f1os con la educaci\u00f3n. Ah\u00ed se siembran los valores que definen el presente y el futuro de la Patria\u201d.<br>En ese sentido, Quintela se mostr\u00f3 agradecido por \u00abel esfuerzo, por el sacrificio, y por el trabajo que muchas veces no es valorado en su real dimensi\u00f3n. La docencia, la educaci\u00f3n y la cultura son pilares fundamentales del crecimiento de los pueblos\u201d.<br>Asimismo, en un mensaje con fuerte contenido pol\u00edtico, pidi\u00f3 que \u201cen estos tiempos dif\u00edciles que vive el pa\u00eds, sigan demostrando que el amor, el compromiso y la tiza valen m\u00e1s que el odio, el desentendimiento y esa herramienta monstruosa como es la motosierra\u201d.<br>Por \u00faltimo, el mandatario provincia anunci\u00f3 que \u201ceste parque no queda aqu\u00ed. Es apenas la primera parte del Memorial Rosario Vera Pe\u00f1aloza. Tambi\u00e9n avanzamos con el monumento a Felipe Varela en el Parque Norte, y el 4 de agosto de 2026, al cumplirse 50 a\u00f1os del asesinato de Monse\u00f1or Angelelli, inauguraremos la Ermita. Homenajearemos adem\u00e1s a figuras como Victoria \u2018La Chacha\u2019 Romero\u201d.<\/p>\n\n\n\n<p>Toque m\u00e1gico<br>Por su parte, el ministro de Educaci\u00f3n, Ariel Mart\u00ednez, se\u00f1al\u00f3: \u201cEste es un monumento a una mujer riojana, referente de la educaci\u00f3n nacional y de la defensa de los derechos de la infancia en el sistema educativo\u201d, en tanto que agreg\u00f3 que \u201ces un reconocimiento al trabajo, al esfuerzo y al compromiso del nivel inicial, que representa el centro esencial para garantizar derechos y alimentar los sue\u00f1os de nuestros ni\u00f1os\u201d.<br>\u201cLas familias depositan en ustedes el coraz\u00f3n y el brillo de los ojos de sus hijos. Queremos resguardar el presente y construir un futuro diferente de la mano de la educaci\u00f3n y la docencia\u201d, concluy\u00f3.<br>De igual manera, el ministro de Turismo y Culturas, Gustavo Luna record\u00f3 que desde el inicio de su gesti\u00f3n se propuso poner en valor a mujeres y hombres de la historia provincial. \u201cRosarito tiene su propia sala en el Paseo Cultural, donde miles de docentes se han emocionado con su legado. Ahora damos un paso m\u00e1s con este monumento, s\u00edmbolo del aporte extraordinario que hizo a la educaci\u00f3n argentina\u201d.<br>Adem\u00e1s, mencion\u00f3 la serie animada \u201cRosarito\u201d, una producci\u00f3n riojana de 13 cap\u00edtulos destacada en festivales de cine en Francia, Chile y Mosc\u00fa.<br>Sobre la escultura, Luna sostuvo que se trata de un \u201cconjunto escult\u00f3rico que le da un toque m\u00e1gico a La Rioja, en homenaje a una mujer resiliente, hu\u00e9rfana desde peque\u00f1a y criada por una t\u00eda en el interior profundo de los Llanos riojanos. Nos hace sentir profundamente orgullosos\u201d.<\/p>\n\n\n\n<p>Detalles de la obra<br>La pieza central es una escultura met\u00e1lica de aproximadamente 13 metros de altura, ensamblada con perfiles de acero resistentes y asentada sobre una plataforma elevada. Est\u00e1 rodeada por un espacio pensado para actividades comunitarias, actos escolares y celebraciones c\u00edvicas. Las fundaciones son de hormig\u00f3n armado y se priorizar\u00e1 la forestaci\u00f3n con especies aut\u00f3ctonas.<\/p>\n\n\n\n<p>El legado de Rosario Vera Pe\u00f1aloza<br>El pasado 28 de mayo se cumplieron 75 a\u00f1os del fallecimiento de Rosario Vera Pe\u00f1aloza (1873\u20131950), cuyo legado sigue vigente en escuelas, museos, bibliotecas e instituciones que llevan su nombre. Su figura representa una lucha constante por la cultura, la educaci\u00f3n y la participaci\u00f3n p\u00fablica, con influencia en provincias como Entre R\u00edos, C\u00f3rdoba, Buenos Aires y San Juan.<br>Fue directora de la Escuela Normal N.\u00ba 1 (1912-1917), fundadora de la Escuela Argentina Modelo, presidenta de la Asociaci\u00f3n Kindergarten y creadora del Museo del Instituto Bernasconi. Comparti\u00f3 sus ideas pedag\u00f3gicas con figuras como Joaqu\u00edn V. Gonz\u00e1lez, Martha Salotti y Pablo Pizzurno.<br>Su trabajo trascendi\u00f3 fronteras y su legado pedag\u00f3gico sigue sembrando futuro en cada aula del pa\u00eds.<\/p>\n\n\n\n<figure class=\"wp-block-image size-large\"><a href=\"https:\/\/radiolarioja.com.ar\/rlr\/wp-content\/uploads\/2025\/06\/WhatsApp-Image-2025-06-02-at-16.54.25.jpeg\"><img fetchpriority=\"high\" decoding=\"async\" width=\"1024\" height=\"681\" src=\"https:\/\/radiolarioja.com.ar\/rlr\/wp-content\/uploads\/2025\/06\/WhatsApp-Image-2025-06-02-at-16.54.25-1024x681.jpeg\" alt=\"\" class=\"wp-image-81561\" srcset=\"https:\/\/radiolarioja.com.ar\/rlr\/wp-content\/uploads\/2025\/06\/WhatsApp-Image-2025-06-02-at-16.54.25-1024x681.jpeg 1024w, https:\/\/radiolarioja.com.ar\/rlr\/wp-content\/uploads\/2025\/06\/WhatsApp-Image-2025-06-02-at-16.54.25-300x199.jpeg 300w, https:\/\/radiolarioja.com.ar\/rlr\/wp-content\/uploads\/2025\/06\/WhatsApp-Image-2025-06-02-at-16.54.25-768x511.jpeg 768w, https:\/\/radiolarioja.com.ar\/rlr\/wp-content\/uploads\/2025\/06\/WhatsApp-Image-2025-06-02-at-16.54.25.jpeg 1280w\" sizes=\"(max-width: 1024px) 100vw, 1024px\" \/><\/a><\/figure>\n","protected":false},"excerpt":{"rendered":"<p>El gobernador Ricardo Quintela inaugur\u00f3 en el Parque de la Familia la primera etapa del Parque Memorial Rosario<\/p>\n","protected":false},"author":2,"featured_media":81561,"comment_status":"open","ping_status":"open","sticky":false,"template":"","format":"image","meta":{"footnotes":""},"categories":[12],"tags":[],"class_list":["post-81560","post","type-post","status-publish","format-image","has-post-thumbnail","hentry","category-local","post_format-post-format-image"],"featured_image_urls":{"full":["https:\/\/radiolarioja.com.ar\/rlr\/wp-content\/uploads\/2025\/06\/WhatsApp-Image-2025-06-02-at-16.54.25.jpeg",1280,851,false],"thumbnail":["https:\/\/radiolarioja.com.ar\/rlr\/wp-content\/uploads\/2025\/06\/WhatsApp-Image-2025-06-02-at-16.54.25-150x150.jpeg",150,150,true],"medium":["https:\/\/radiolarioja.com.ar\/rlr\/wp-content\/uploads\/2025\/06\/WhatsApp-Image-2025-06-02-at-16.54.25-300x199.jpeg",300,199,true],"medium_large":["https:\/\/radiolarioja.com.ar\/rlr\/wp-content\/uploads\/2025\/06\/WhatsApp-Image-2025-06-02-at-16.54.25-768x511.jpeg",640,426,true],"large":["https:\/\/radiolarioja.com.ar\/rlr\/wp-content\/uploads\/2025\/06\/WhatsApp-Image-2025-06-02-at-16.54.25-1024x681.jpeg",640,426,true],"1536x1536":["https:\/\/radiolarioja.com.ar\/rlr\/wp-content\/uploads\/2025\/06\/WhatsApp-Image-2025-06-02-at-16.54.25.jpeg",1280,851,false],"2048x2048":["https:\/\/radiolarioja.com.ar\/rlr\/wp-content\/uploads\/2025\/06\/WhatsApp-Image-2025-06-02-at-16.54.25.jpeg",1280,851,false],"morenews-large":["https:\/\/radiolarioja.com.ar\/rlr\/wp-content\/uploads\/2025\/06\/WhatsApp-Image-2025-06-02-at-16.54.25.jpeg",825,548,false],"morenews-medium":["https:\/\/radiolarioja.com.ar\/rlr\/wp-content\/uploads\/2025\/06\/WhatsApp-Image-2025-06-02-at-16.54.25.jpeg",590,392,false]},"author_info":{"info":["RadioLaRioja"]},"category_info":"<a href=\"https:\/\/radiolarioja.com.ar\/rlr\/category\/local\/\" rel=\"category tag\">Local<\/a>","tag_info":"Local","comment_count":"0","_links":{"self":[{"href":"https:\/\/radiolarioja.com.ar\/rlr\/wp-json\/wp\/v2\/posts\/81560","targetHints":{"allow":["GET"]}}],"collection":[{"href":"https:\/\/radiolarioja.com.ar\/rlr\/wp-json\/wp\/v2\/posts"}],"about":[{"href":"https:\/\/radiolarioja.com.ar\/rlr\/wp-json\/wp\/v2\/types\/post"}],"author":[{"embeddable":true,"href":"https:\/\/radiolarioja.com.ar\/rlr\/wp-json\/wp\/v2\/users\/2"}],"replies":[{"embeddable":true,"href":"https:\/\/radiolarioja.com.ar\/rlr\/wp-json\/wp\/v2\/comments?post=81560"}],"version-history":[{"count":1,"href":"https:\/\/radiolarioja.com.ar\/rlr\/wp-json\/wp\/v2\/posts\/81560\/revisions"}],"predecessor-version":[{"id":81562,"href":"https:\/\/radiolarioja.com.ar\/rlr\/wp-json\/wp\/v2\/posts\/81560\/revisions\/81562"}],"wp:featuredmedia":[{"embeddable":true,"href":"https:\/\/radiolarioja.com.ar\/rlr\/wp-json\/wp\/v2\/media\/81561"}],"wp:attachment":[{"href":"https:\/\/radiolarioja.com.ar\/rlr\/wp-json\/wp\/v2\/media?parent=81560"}],"wp:term":[{"taxonomy":"category","embeddable":true,"href":"https:\/\/radiolarioja.com.ar\/rlr\/wp-json\/wp\/v2\/categories?post=81560"},{"taxonomy":"post_tag","embeddable":true,"href":"https:\/\/radiolarioja.com.ar\/rlr\/wp-json\/wp\/v2\/tags?post=81560"}],"curies":[{"name":"wp","href":"https:\/\/api.w.org\/{rel}","templated":true}]}}