{"id":81557,"date":"2025-06-05T22:50:16","date_gmt":"2025-06-06T01:50:16","guid":{"rendered":"https:\/\/radiolarioja.com.ar\/rlr\/?p=81557"},"modified":"2025-06-05T22:50:17","modified_gmt":"2025-06-06T01:50:17","slug":"dictan-charla-sobre-el-uso-responsable-de-las-redes-sociales-para-alumnos-de-nivel-primario","status":"publish","type":"post","link":"https:\/\/radiolarioja.com.ar\/rlr\/dictan-charla-sobre-el-uso-responsable-de-las-redes-sociales-para-alumnos-de-nivel-primario\/","title":{"rendered":"Dictan charla sobre el uso responsable de las redes sociales para alumnos de Nivel Primario"},"content":{"rendered":"\n<p>La actividad tuvo lugar en la Escuela Privada Gabriela Mistral y estuvo orientada a estudiantes de 7\u00ba grado. Abord\u00f3 problem\u00e1ticas como el grooming y el ciberbullying, en el marco de una pol\u00edtica provincial que promueve la alfabetizaci\u00f3n digital como herramienta de inclusi\u00f3n y prevenci\u00f3n.<\/p>\n\n\n\n<p>En el marco de las pol\u00edticas p\u00fablicas impulsadas por el Gobierno de La Rioja, a trav\u00e9s del Ministerio de Transporte y Comunicaciones, se llev\u00f3 a cabo una charla educativa en la Escuela Privada Gabriela Mistral (Jornada Simple), destinada a estudiantes de 7\u00ba grado, docentes y autoridades escolares. La actividad se enmarca en el eje estrat\u00e9gico de conectividad, inclusi\u00f3n y alfabetizaci\u00f3n digital, con el objetivo de fomentar el uso responsable y consciente de las tecnolog\u00edas digitales entre ni\u00f1os, ni\u00f1as y adolescentes.<br>Durante la jornada se gener\u00f3 un espacio de di\u00e1logo y reflexi\u00f3n sobre los principales riesgos asociados al uso de las redes sociales, con especial \u00e9nfasis en problem\u00e1ticas como el grooming y el ciberbullying, que pueden tener un fuerte impacto en la salud mental y emocional de quienes los padecen.<br>El grooming es una forma de acoso en la que un adulto se hace pasar por alguien de confianza para manipular a menores con fines de abuso sexual. Se trata de una pr\u00e1ctica delictiva que, aunque muchas veces comienza de manera sutil, puede escalar r\u00e1pidamente a situaciones de extremo peligro. Por ello, el conocimiento y la detecci\u00f3n temprana son herramientas fundamentales para su prevenci\u00f3n.<br>El ciberbullying, por su parte, consiste en el acoso sistem\u00e1tico a trav\u00e9s de medios digitales, mediante insultos, amenazas, difamaciones o exposici\u00f3n p\u00fablica no consentida. Este tipo de violencia puede provocar consecuencias graves como ansiedad, depresi\u00f3n, baja autoestima e incluso abandono escolar.<\/p>\n\n\n\n<p>Alfabetizaci\u00f3n digital<br>Frente a estos desaf\u00edos, la alfabetizaci\u00f3n digital se vuelve una prioridad. Educar a los j\u00f3venes en el uso cr\u00edtico, \u00e9tico y seguro de las tecnolog\u00edas no solo ayuda a prevenir situaciones de riesgo, sino que tambi\u00e9n contribuye a construir v\u00ednculos m\u00e1s sanos, respetuosos y emp\u00e1ticos en los entornos virtuales.<br>La jornada fue valorada como \u201cmuy positiva\u201d por la comunidad educativa. Docentes, directivos y estudiantes participaron activamente, compartiendo experiencias y reflexiones que fortalecen el compromiso colectivo en la construcci\u00f3n de entornos digitales m\u00e1s seguros e inclusivos.<br>Desde el Ministerio de Transporte y Comunicaciones se agradeci\u00f3 a las autoridades escolares por su apertura y colaboraci\u00f3n, destacando la importancia de continuar generando estos espacios de formaci\u00f3n y concientizaci\u00f3n en toda la provincia. La conectividad se entiende como un derecho, y la inclusi\u00f3n digital, como una herramienta clave para la equidad educativa y social.<\/p>\n\n\n\n<figure class=\"wp-block-image size-large\"><a href=\"https:\/\/radiolarioja.com.ar\/rlr\/wp-content\/uploads\/2025\/06\/WhatsApp-Image-2025-06-03-at-10.49.12.jpeg\"><img fetchpriority=\"high\" decoding=\"async\" width=\"1024\" height=\"768\" src=\"https:\/\/radiolarioja.com.ar\/rlr\/wp-content\/uploads\/2025\/06\/WhatsApp-Image-2025-06-03-at-10.49.12-1024x768.jpeg\" alt=\"\" class=\"wp-image-81558\" srcset=\"https:\/\/radiolarioja.com.ar\/rlr\/wp-content\/uploads\/2025\/06\/WhatsApp-Image-2025-06-03-at-10.49.12-1024x768.jpeg 1024w, https:\/\/radiolarioja.com.ar\/rlr\/wp-content\/uploads\/2025\/06\/WhatsApp-Image-2025-06-03-at-10.49.12-300x225.jpeg 300w, https:\/\/radiolarioja.com.ar\/rlr\/wp-content\/uploads\/2025\/06\/WhatsApp-Image-2025-06-03-at-10.49.12-768x576.jpeg 768w, https:\/\/radiolarioja.com.ar\/rlr\/wp-content\/uploads\/2025\/06\/WhatsApp-Image-2025-06-03-at-10.49.12.jpeg 1280w\" sizes=\"(max-width: 1024px) 100vw, 1024px\" \/><\/a><\/figure>\n","protected":false},"excerpt":{"rendered":"<p>La actividad tuvo lugar en la Escuela Privada Gabriela Mistral y estuvo orientada a estudiantes de 7\u00ba grado.<\/p>\n","protected":false},"author":2,"featured_media":81558,"comment_status":"open","ping_status":"open","sticky":false,"template":"","format":"image","meta":{"footnotes":""},"categories":[12],"tags":[],"class_list":["post-81557","post","type-post","status-publish","format-image","has-post-thumbnail","hentry","category-local","post_format-post-format-image"],"featured_image_urls":{"full":["https:\/\/radiolarioja.com.ar\/rlr\/wp-content\/uploads\/2025\/06\/WhatsApp-Image-2025-06-03-at-10.49.12.jpeg",1280,960,false],"thumbnail":["https:\/\/radiolarioja.com.ar\/rlr\/wp-content\/uploads\/2025\/06\/WhatsApp-Image-2025-06-03-at-10.49.12-150x150.jpeg",150,150,true],"medium":["https:\/\/radiolarioja.com.ar\/rlr\/wp-content\/uploads\/2025\/06\/WhatsApp-Image-2025-06-03-at-10.49.12-300x225.jpeg",300,225,true],"medium_large":["https:\/\/radiolarioja.com.ar\/rlr\/wp-content\/uploads\/2025\/06\/WhatsApp-Image-2025-06-03-at-10.49.12-768x576.jpeg",640,480,true],"large":["https:\/\/radiolarioja.com.ar\/rlr\/wp-content\/uploads\/2025\/06\/WhatsApp-Image-2025-06-03-at-10.49.12-1024x768.jpeg",640,480,true],"1536x1536":["https:\/\/radiolarioja.com.ar\/rlr\/wp-content\/uploads\/2025\/06\/WhatsApp-Image-2025-06-03-at-10.49.12.jpeg",1280,960,false],"2048x2048":["https:\/\/radiolarioja.com.ar\/rlr\/wp-content\/uploads\/2025\/06\/WhatsApp-Image-2025-06-03-at-10.49.12.jpeg",1280,960,false],"morenews-large":["https:\/\/radiolarioja.com.ar\/rlr\/wp-content\/uploads\/2025\/06\/WhatsApp-Image-2025-06-03-at-10.49.12.jpeg",767,575,false],"morenews-medium":["https:\/\/radiolarioja.com.ar\/rlr\/wp-content\/uploads\/2025\/06\/WhatsApp-Image-2025-06-03-at-10.49.12.jpeg",547,410,false]},"author_info":{"info":["RadioLaRioja"]},"category_info":"<a href=\"https:\/\/radiolarioja.com.ar\/rlr\/category\/local\/\" rel=\"category tag\">Local<\/a>","tag_info":"Local","comment_count":"0","_links":{"self":[{"href":"https:\/\/radiolarioja.com.ar\/rlr\/wp-json\/wp\/v2\/posts\/81557","targetHints":{"allow":["GET"]}}],"collection":[{"href":"https:\/\/radiolarioja.com.ar\/rlr\/wp-json\/wp\/v2\/posts"}],"about":[{"href":"https:\/\/radiolarioja.com.ar\/rlr\/wp-json\/wp\/v2\/types\/post"}],"author":[{"embeddable":true,"href":"https:\/\/radiolarioja.com.ar\/rlr\/wp-json\/wp\/v2\/users\/2"}],"replies":[{"embeddable":true,"href":"https:\/\/radiolarioja.com.ar\/rlr\/wp-json\/wp\/v2\/comments?post=81557"}],"version-history":[{"count":1,"href":"https:\/\/radiolarioja.com.ar\/rlr\/wp-json\/wp\/v2\/posts\/81557\/revisions"}],"predecessor-version":[{"id":81559,"href":"https:\/\/radiolarioja.com.ar\/rlr\/wp-json\/wp\/v2\/posts\/81557\/revisions\/81559"}],"wp:featuredmedia":[{"embeddable":true,"href":"https:\/\/radiolarioja.com.ar\/rlr\/wp-json\/wp\/v2\/media\/81558"}],"wp:attachment":[{"href":"https:\/\/radiolarioja.com.ar\/rlr\/wp-json\/wp\/v2\/media?parent=81557"}],"wp:term":[{"taxonomy":"category","embeddable":true,"href":"https:\/\/radiolarioja.com.ar\/rlr\/wp-json\/wp\/v2\/categories?post=81557"},{"taxonomy":"post_tag","embeddable":true,"href":"https:\/\/radiolarioja.com.ar\/rlr\/wp-json\/wp\/v2\/tags?post=81557"}],"curies":[{"name":"wp","href":"https:\/\/api.w.org\/{rel}","templated":true}]}}