{"id":81554,"date":"2025-06-05T22:49:34","date_gmt":"2025-06-06T01:49:34","guid":{"rendered":"https:\/\/radiolarioja.com.ar\/rlr\/?p=81554"},"modified":"2025-06-05T22:49:35","modified_gmt":"2025-06-06T01:49:35","slug":"inicio-la-capacitacion-en-comunicacion-digital-para-centros-vecinales-y-clubes-deportivos","status":"publish","type":"post","link":"https:\/\/radiolarioja.com.ar\/rlr\/inicio-la-capacitacion-en-comunicacion-digital-para-centros-vecinales-y-clubes-deportivos\/","title":{"rendered":"Inici\u00f3 la capacitaci\u00f3n en comunicaci\u00f3n digital para centros vecinales y clubes deportivos"},"content":{"rendered":"\n<p>La formaci\u00f3n es gratuita y est\u00e1 a cargo de la licenciada Natacha Romero. Busca brindar herramientas te\u00f3ricas y pr\u00e1cticas para potenciar la comunicaci\u00f3n institucional en redes sociales, con foco en organizaciones barriales y deportivas de la Capital.<\/p>\n\n\n\n<p>Con el objetivo de fortalecer las capacidades comunicacionales de las organizaciones barriales y deportivas, el Ministerio de Transporte y Comunicaciones, en conjunto con el espacio \u201cProyectAR\u201d, dio inicio a una capacitaci\u00f3n gratuita en comunicaci\u00f3n efectiva en redes sociales, destinada a integrantes y referentes de centros vecinales y clubes deportivos de la Capital.<br>La formaci\u00f3n, a cargo de la licenciada Natacha Romero, tiene como prop\u00f3sito brindar herramientas te\u00f3ricas y pr\u00e1cticas para mejorar la presencia, el alcance y la efectividad de la comunicaci\u00f3n institucional en entornos digitales, mediante un enfoque estrat\u00e9gico y adaptado a las necesidades espec\u00edficas de estas organizaciones.<\/p>\n\n\n\n<p>Intercambio<br>Durante el primer encuentro se abordaron los fundamentos y caracter\u00edsticas de las principales plataformas digitales, haciendo hincapi\u00e9 en sus beneficios para las instituciones comunitarias, as\u00ed como en la importancia de definir objetivos claros y medibles. Tambi\u00e9n se trabaj\u00f3 en la creaci\u00f3n y configuraci\u00f3n de perfiles institucionales, la redacci\u00f3n de biograf\u00edas que comuniquen con claridad la identidad y el prop\u00f3sito de cada organizaci\u00f3n, y en el uso estrat\u00e9gico de herramientas como grupos de WhatsApp y listas de difusi\u00f3n, esenciales para una comunicaci\u00f3n directa con la comunidad.<br>La jornada cont\u00f3 con una activa participaci\u00f3n de los asistentes, quienes compartieron experiencias, desaf\u00edos y realidades locales, generando un espacio de intercambio enriquecedor y de construcci\u00f3n colectiva de saberes.<br>La capacitaci\u00f3n continuar\u00e1 desarroll\u00e1ndose a lo largo de las pr\u00f3ximas semanas con encuentros semanales, orientados a fortalecer las competencias comunicacionales de las organizaciones de base y a consolidar sus v\u00ednculos con la ciudadan\u00eda.<\/p>\n\n\n\n<figure class=\"wp-block-image size-large\"><a href=\"https:\/\/radiolarioja.com.ar\/rlr\/wp-content\/uploads\/2025\/06\/WhatsApp-Image-2025-06-03-at-16.33.44.jpeg\"><img fetchpriority=\"high\" decoding=\"async\" width=\"1024\" height=\"575\" src=\"https:\/\/radiolarioja.com.ar\/rlr\/wp-content\/uploads\/2025\/06\/WhatsApp-Image-2025-06-03-at-16.33.44-1024x575.jpeg\" alt=\"\" class=\"wp-image-81555\" srcset=\"https:\/\/radiolarioja.com.ar\/rlr\/wp-content\/uploads\/2025\/06\/WhatsApp-Image-2025-06-03-at-16.33.44-1024x575.jpeg 1024w, https:\/\/radiolarioja.com.ar\/rlr\/wp-content\/uploads\/2025\/06\/WhatsApp-Image-2025-06-03-at-16.33.44-300x168.jpeg 300w, https:\/\/radiolarioja.com.ar\/rlr\/wp-content\/uploads\/2025\/06\/WhatsApp-Image-2025-06-03-at-16.33.44-768x431.jpeg 768w, https:\/\/radiolarioja.com.ar\/rlr\/wp-content\/uploads\/2025\/06\/WhatsApp-Image-2025-06-03-at-16.33.44-1536x862.jpeg 1536w, https:\/\/radiolarioja.com.ar\/rlr\/wp-content\/uploads\/2025\/06\/WhatsApp-Image-2025-06-03-at-16.33.44.jpeg 1600w\" sizes=\"(max-width: 1024px) 100vw, 1024px\" \/><\/a><\/figure>\n","protected":false},"excerpt":{"rendered":"<p>La formaci\u00f3n es gratuita y est\u00e1 a cargo de la licenciada Natacha Romero. Busca brindar herramientas te\u00f3ricas y<\/p>\n","protected":false},"author":2,"featured_media":81555,"comment_status":"open","ping_status":"open","sticky":false,"template":"","format":"image","meta":{"footnotes":""},"categories":[12],"tags":[],"class_list":["post-81554","post","type-post","status-publish","format-image","has-post-thumbnail","hentry","category-local","post_format-post-format-image"],"featured_image_urls":{"full":["https:\/\/radiolarioja.com.ar\/rlr\/wp-content\/uploads\/2025\/06\/WhatsApp-Image-2025-06-03-at-16.33.44.jpeg",1600,898,false],"thumbnail":["https:\/\/radiolarioja.com.ar\/rlr\/wp-content\/uploads\/2025\/06\/WhatsApp-Image-2025-06-03-at-16.33.44-150x150.jpeg",150,150,true],"medium":["https:\/\/radiolarioja.com.ar\/rlr\/wp-content\/uploads\/2025\/06\/WhatsApp-Image-2025-06-03-at-16.33.44-300x168.jpeg",300,168,true],"medium_large":["https:\/\/radiolarioja.com.ar\/rlr\/wp-content\/uploads\/2025\/06\/WhatsApp-Image-2025-06-03-at-16.33.44-768x431.jpeg",640,359,true],"large":["https:\/\/radiolarioja.com.ar\/rlr\/wp-content\/uploads\/2025\/06\/WhatsApp-Image-2025-06-03-at-16.33.44-1024x575.jpeg",640,359,true],"1536x1536":["https:\/\/radiolarioja.com.ar\/rlr\/wp-content\/uploads\/2025\/06\/WhatsApp-Image-2025-06-03-at-16.33.44-1536x862.jpeg",1536,862,true],"2048x2048":["https:\/\/radiolarioja.com.ar\/rlr\/wp-content\/uploads\/2025\/06\/WhatsApp-Image-2025-06-03-at-16.33.44.jpeg",1600,898,false],"morenews-large":["https:\/\/radiolarioja.com.ar\/rlr\/wp-content\/uploads\/2025\/06\/WhatsApp-Image-2025-06-03-at-16.33.44.jpeg",825,463,false],"morenews-medium":["https:\/\/radiolarioja.com.ar\/rlr\/wp-content\/uploads\/2025\/06\/WhatsApp-Image-2025-06-03-at-16.33.44.jpeg",590,331,false]},"author_info":{"info":["RadioLaRioja"]},"category_info":"<a href=\"https:\/\/radiolarioja.com.ar\/rlr\/category\/local\/\" rel=\"category tag\">Local<\/a>","tag_info":"Local","comment_count":"0","_links":{"self":[{"href":"https:\/\/radiolarioja.com.ar\/rlr\/wp-json\/wp\/v2\/posts\/81554","targetHints":{"allow":["GET"]}}],"collection":[{"href":"https:\/\/radiolarioja.com.ar\/rlr\/wp-json\/wp\/v2\/posts"}],"about":[{"href":"https:\/\/radiolarioja.com.ar\/rlr\/wp-json\/wp\/v2\/types\/post"}],"author":[{"embeddable":true,"href":"https:\/\/radiolarioja.com.ar\/rlr\/wp-json\/wp\/v2\/users\/2"}],"replies":[{"embeddable":true,"href":"https:\/\/radiolarioja.com.ar\/rlr\/wp-json\/wp\/v2\/comments?post=81554"}],"version-history":[{"count":1,"href":"https:\/\/radiolarioja.com.ar\/rlr\/wp-json\/wp\/v2\/posts\/81554\/revisions"}],"predecessor-version":[{"id":81556,"href":"https:\/\/radiolarioja.com.ar\/rlr\/wp-json\/wp\/v2\/posts\/81554\/revisions\/81556"}],"wp:featuredmedia":[{"embeddable":true,"href":"https:\/\/radiolarioja.com.ar\/rlr\/wp-json\/wp\/v2\/media\/81555"}],"wp:attachment":[{"href":"https:\/\/radiolarioja.com.ar\/rlr\/wp-json\/wp\/v2\/media?parent=81554"}],"wp:term":[{"taxonomy":"category","embeddable":true,"href":"https:\/\/radiolarioja.com.ar\/rlr\/wp-json\/wp\/v2\/categories?post=81554"},{"taxonomy":"post_tag","embeddable":true,"href":"https:\/\/radiolarioja.com.ar\/rlr\/wp-json\/wp\/v2\/tags?post=81554"}],"curies":[{"name":"wp","href":"https:\/\/api.w.org\/{rel}","templated":true}]}}