{"id":81551,"date":"2025-06-05T22:48:58","date_gmt":"2025-06-06T01:48:58","guid":{"rendered":"https:\/\/radiolarioja.com.ar\/rlr\/?p=81551"},"modified":"2025-06-05T22:48:59","modified_gmt":"2025-06-06T01:48:59","slug":"a-10-anos-de-ni-una-menos-advierten-sobre-un-incremento-de-casos-de-violencia-de-genero-en-la-provincia","status":"publish","type":"post","link":"https:\/\/radiolarioja.com.ar\/rlr\/a-10-anos-de-ni-una-menos-advierten-sobre-un-incremento-de-casos-de-violencia-de-genero-en-la-provincia\/","title":{"rendered":"A 10 a\u00f1os de Ni Una Menos, advierten sobre un incremento de casos de violencia de g\u00e9nero en la Provincia"},"content":{"rendered":"\n<p>A una d\u00e9cada del femicidio de Chiara P\u00e1ez, la Secretar\u00eda de la Mujer y Diversidad de La Rioja alert\u00f3 sobre el alarmante aumento de casos de violencia de g\u00e9nero en La Rioja, con un incremento de m\u00e1s del 270% en la \u00faltima d\u00e9cada. En el primer semestre de 2025, los casos se duplicaron respecto al mismo per\u00edodo de 2024. El informe cuestiona el desmantelamiento de pol\u00edticas nacionales y destaca las acciones provinciales en prevenci\u00f3n, asistencia y promoci\u00f3n de derechos.<\/p>\n\n\n\n<p>El pasado 10 de mayo se cumplieron 10 a\u00f1os del femicidio de Chiara P\u00e1ez, la adolescente de 14 a\u00f1os asesinada por su novio. Aquel crimen marc\u00f3 el inicio del movimiento Ni Una Menos, que se extendi\u00f3 por todo el pa\u00eds y visibiliz\u00f3 la violencia de g\u00e9nero como una problem\u00e1tica urgente y estructural.<br>Una d\u00e9cada despu\u00e9s, un informe elaborado por la Secretar\u00eda de la Mujer y Diversidad de la provincia advierte un preocupante incremento de casos de violencia de g\u00e9nero. En este marco, la secretaria Karen Navarro destac\u00f3 que \u201caunque el Gobierno provincial contin\u00faa garantizando la existencia de instituciones que permiten dar respuestas concretas -como el Juzgado de G\u00e9nero y las oficinas de sumarios en comisar\u00edas-, las denuncias siguen en aumento y las violencias se tornan cada vez m\u00e1s complejas\u201d. Y alert\u00f3: \u201cEn estos primeros cinco meses de 2025, estamos llegando al doble de casos en comparaci\u00f3n con el mismo per\u00edodo de 2024\u201d.<br>Adem\u00e1s, Navarro anunci\u00f3 que este mi\u00e9rcoles 4 de junio se realizar\u00e1 una marcha en la Capital riojana junto a jubilados, personas con discapacidad y organizaciones feministas: \u201cEstos son los enemigos pol\u00edticos que eligi\u00f3 Milei, al desfinanciar pol\u00edticas p\u00fablicas fundamentales y reducir al m\u00ednimo la protecci\u00f3n del Estado. No solo desmantelaron el Ministerio de Mujeres, G\u00e9neros y Diversidad, sino que adem\u00e1s la l\u00ednea 144 tuvo un recorte presupuestario del 30% en el \u00faltimo a\u00f1o\u201d.<\/p>\n\n\n\n<p>Informe estad\u00edstico<br>El informe, que releva los casos desde 2015 hasta la actualidad, muestra que entre 2015 y 2024 los registros aumentaron un 273,5%. En 2015 se reportaron 404 casos, mientras que en 2023 la cifra ascendi\u00f3 a 1.391 y en 2024 se alcanzaron los 1.509 abordajes integrales.<br>El crecimiento es a\u00fan m\u00e1s marcado al comparar el per\u00edodo enero-mayo de 2024 con el mismo lapso de 2025: los casos pasaron de 398 a 840, lo que representa un incremento del 111%. En cuanto a la violencia sexual, el informe se\u00f1ala que el porcentaje dentro del total de casos pas\u00f3 del 4% en 2024 al 18% en 2025.<br>Desde 2018, 13 familias accedieron a la reparaci\u00f3n econ\u00f3mica prevista en la Ley Brisa, que contempla un subsidio para hijos e hijas de v\u00edctimas de femicidios.<\/p>\n\n\n\n<p>Alertas y discursos de odio<br>El documento tambi\u00e9n advierte sobre el impacto negativo de los discursos de odio promovidos desde sectores del Gobierno nacional, que niegan la existencia de la violencia de g\u00e9nero y desmontan programas claves como Menstruar o Promotoras territoriales. \u201cNo podemos mirar a un costado, no debemos retroceder. Hablamos de derechos humanos que deben ser garantizados\u201d, se\u00f1ala el texto.<\/p>\n\n\n\n<p>Pol\u00edticas implementadas en la provincia<br>El informe destaca m\u00faltiples pol\u00edticas p\u00fablicas impulsadas en La Rioja para enfrentar la violencia de g\u00e9nero, entre ellas:<\/p>\n\n\n\n<ul class=\"wp-block-list\">\n<li>Entrega de dispositivos a m\u00e1s de 300 Promotores de Derechos.<\/li>\n\n\n\n<li>Articulaci\u00f3n con 50 organizaciones sociales y culturales.<\/li>\n\n\n\n<li>Talleres y formaciones para fomentar autonom\u00eda y acceso a oficios.<\/li>\n\n\n\n<li>Aplicaci\u00f3n de la Ley Micaela, con m\u00e1s de 9.500 personas capacitadas.<\/li>\n\n\n\n<li>Acciones con los ministerios de Educaci\u00f3n, Salud y Desarrollo para una atenci\u00f3n integral.<\/li>\n\n\n\n<li>Espacios de atenci\u00f3n y escucha para personas del colectivo LGBTIQ+.<\/li>\n\n\n\n<li>Dispositivos de protecci\u00f3n integral para situaciones de violencia extrema.<\/li>\n\n\n\n<li>Programa Menstruar en Igualdad, con distribuci\u00f3n de productos de gesti\u00f3n menstrual.<\/li>\n\n\n\n<li>Abordajes territoriales estrat\u00e9gicos en coordinaci\u00f3n con la Red Municipalista.<\/li>\n\n\n\n<li>Acompa\u00f1amiento a familiares de v\u00edctimas de femicidios.<\/li>\n\n\n\n<li>Mejora y actualizaci\u00f3n del Protocolo Provincial de Actuaci\u00f3n ante situaciones de violencia de g\u00e9nero.<\/li>\n<\/ul>\n\n\n\n<p>El informe concluye: \u201cLas violencias no son hechos aislados ni inevitables: son expresiones de desigualdades estructurales. Reconocer su magnitud es clave para un compromiso colectivo, transversal y sostenido. Hoy, el Estado nacional no ofrece una pol\u00edtica clara ni definida para prevenir femicidios. En La Rioja, por el contrario, apostamos por la continuidad de las pol\u00edticas de prevenci\u00f3n, asistencia y promoci\u00f3n\u201d.<\/p>\n\n\n\n<figure class=\"wp-block-image size-large\"><a href=\"https:\/\/radiolarioja.com.ar\/rlr\/wp-content\/uploads\/2025\/06\/WhatsApp-Image-2025-06-03-at-17.17.45.jpeg\"><img fetchpriority=\"high\" decoding=\"async\" width=\"1024\" height=\"864\" src=\"https:\/\/radiolarioja.com.ar\/rlr\/wp-content\/uploads\/2025\/06\/WhatsApp-Image-2025-06-03-at-17.17.45-1024x864.jpeg\" alt=\"\" class=\"wp-image-81552\" srcset=\"https:\/\/radiolarioja.com.ar\/rlr\/wp-content\/uploads\/2025\/06\/WhatsApp-Image-2025-06-03-at-17.17.45-1024x864.jpeg 1024w, https:\/\/radiolarioja.com.ar\/rlr\/wp-content\/uploads\/2025\/06\/WhatsApp-Image-2025-06-03-at-17.17.45-300x253.jpeg 300w, https:\/\/radiolarioja.com.ar\/rlr\/wp-content\/uploads\/2025\/06\/WhatsApp-Image-2025-06-03-at-17.17.45-768x648.jpeg 768w, https:\/\/radiolarioja.com.ar\/rlr\/wp-content\/uploads\/2025\/06\/WhatsApp-Image-2025-06-03-at-17.17.45.jpeg 1280w\" sizes=\"(max-width: 1024px) 100vw, 1024px\" \/><\/a><\/figure>\n","protected":false},"excerpt":{"rendered":"<p>A una d\u00e9cada del femicidio de Chiara P\u00e1ez, la Secretar\u00eda de la Mujer y Diversidad de La Rioja<\/p>\n","protected":false},"author":2,"featured_media":81552,"comment_status":"open","ping_status":"open","sticky":false,"template":"","format":"image","meta":{"footnotes":""},"categories":[12],"tags":[],"class_list":["post-81551","post","type-post","status-publish","format-image","has-post-thumbnail","hentry","category-local","post_format-post-format-image"],"featured_image_urls":{"full":["https:\/\/radiolarioja.com.ar\/rlr\/wp-content\/uploads\/2025\/06\/WhatsApp-Image-2025-06-03-at-17.17.45.jpeg",1280,1080,false],"thumbnail":["https:\/\/radiolarioja.com.ar\/rlr\/wp-content\/uploads\/2025\/06\/WhatsApp-Image-2025-06-03-at-17.17.45-150x150.jpeg",150,150,true],"medium":["https:\/\/radiolarioja.com.ar\/rlr\/wp-content\/uploads\/2025\/06\/WhatsApp-Image-2025-06-03-at-17.17.45-300x253.jpeg",300,253,true],"medium_large":["https:\/\/radiolarioja.com.ar\/rlr\/wp-content\/uploads\/2025\/06\/WhatsApp-Image-2025-06-03-at-17.17.45-768x648.jpeg",640,540,true],"large":["https:\/\/radiolarioja.com.ar\/rlr\/wp-content\/uploads\/2025\/06\/WhatsApp-Image-2025-06-03-at-17.17.45-1024x864.jpeg",640,540,true],"1536x1536":["https:\/\/radiolarioja.com.ar\/rlr\/wp-content\/uploads\/2025\/06\/WhatsApp-Image-2025-06-03-at-17.17.45.jpeg",1280,1080,false],"2048x2048":["https:\/\/radiolarioja.com.ar\/rlr\/wp-content\/uploads\/2025\/06\/WhatsApp-Image-2025-06-03-at-17.17.45.jpeg",1280,1080,false],"morenews-large":["https:\/\/radiolarioja.com.ar\/rlr\/wp-content\/uploads\/2025\/06\/WhatsApp-Image-2025-06-03-at-17.17.45.jpeg",681,575,false],"morenews-medium":["https:\/\/radiolarioja.com.ar\/rlr\/wp-content\/uploads\/2025\/06\/WhatsApp-Image-2025-06-03-at-17.17.45.jpeg",486,410,false]},"author_info":{"info":["RadioLaRioja"]},"category_info":"<a href=\"https:\/\/radiolarioja.com.ar\/rlr\/category\/local\/\" rel=\"category tag\">Local<\/a>","tag_info":"Local","comment_count":"0","_links":{"self":[{"href":"https:\/\/radiolarioja.com.ar\/rlr\/wp-json\/wp\/v2\/posts\/81551","targetHints":{"allow":["GET"]}}],"collection":[{"href":"https:\/\/radiolarioja.com.ar\/rlr\/wp-json\/wp\/v2\/posts"}],"about":[{"href":"https:\/\/radiolarioja.com.ar\/rlr\/wp-json\/wp\/v2\/types\/post"}],"author":[{"embeddable":true,"href":"https:\/\/radiolarioja.com.ar\/rlr\/wp-json\/wp\/v2\/users\/2"}],"replies":[{"embeddable":true,"href":"https:\/\/radiolarioja.com.ar\/rlr\/wp-json\/wp\/v2\/comments?post=81551"}],"version-history":[{"count":1,"href":"https:\/\/radiolarioja.com.ar\/rlr\/wp-json\/wp\/v2\/posts\/81551\/revisions"}],"predecessor-version":[{"id":81553,"href":"https:\/\/radiolarioja.com.ar\/rlr\/wp-json\/wp\/v2\/posts\/81551\/revisions\/81553"}],"wp:featuredmedia":[{"embeddable":true,"href":"https:\/\/radiolarioja.com.ar\/rlr\/wp-json\/wp\/v2\/media\/81552"}],"wp:attachment":[{"href":"https:\/\/radiolarioja.com.ar\/rlr\/wp-json\/wp\/v2\/media?parent=81551"}],"wp:term":[{"taxonomy":"category","embeddable":true,"href":"https:\/\/radiolarioja.com.ar\/rlr\/wp-json\/wp\/v2\/categories?post=81551"},{"taxonomy":"post_tag","embeddable":true,"href":"https:\/\/radiolarioja.com.ar\/rlr\/wp-json\/wp\/v2\/tags?post=81551"}],"curies":[{"name":"wp","href":"https:\/\/api.w.org\/{rel}","templated":true}]}}