{"id":81543,"date":"2025-06-05T22:46:58","date_gmt":"2025-06-06T01:46:58","guid":{"rendered":"https:\/\/radiolarioja.com.ar\/rlr\/?p=81543"},"modified":"2025-06-05T22:46:59","modified_gmt":"2025-06-06T01:46:59","slug":"la-secretaria-de-mineria-expuso-en-jornadas-sobre-catastro-y-agrimensura-en-la-undec","status":"publish","type":"post","link":"https:\/\/radiolarioja.com.ar\/rlr\/la-secretaria-de-mineria-expuso-en-jornadas-sobre-catastro-y-agrimensura-en-la-undec\/","title":{"rendered":"La Secretar\u00eda de Miner\u00eda expuso en jornadas sobre catastro y agrimensura en la UNdeC"},"content":{"rendered":"\n<p>La presentaci\u00f3n abord\u00f3 el papel clave del agrimensor en la gesti\u00f3n minera y despert\u00f3 el inter\u00e9s de estudiantes y profesionales por las oportunidades que ofrece el sector. Tambi\u00e9n se compartieron avances sobre el estado del catastro en La Rioja y Catamarca.<\/p>\n\n\n\n<p>La Secretar\u00eda de Miner\u00eda particip\u00f3 activamente de las Jornadas Nacionales \u201cLa agrimensura en la miner\u00eda, mensura de minas\u201d, realizadas el pasado 30 de mayo en el campus Los Sarmientos de la Universidad Nacional de Chilecito (UNdeC). El evento se enmarc\u00f3 en el impulso creciente de la actividad minera en el pa\u00eds y reafirm\u00f3 el compromiso del organismo con la formaci\u00f3n t\u00e9cnica y profesional vinculada al sector.<br>En ese contexto, se present\u00f3 la disertaci\u00f3n titulada \u201cCatastro minero. Un pilar fundamental para la miner\u00eda sustentable\u201d, a cargo de Cecilia Maidana, directora general de Miner\u00eda, y Sergio G\u00f3mez, promotor del Registro Gr\u00e1fico de la Direcci\u00f3n de Catastro Minero. La charla abord\u00f3 el rol estrat\u00e9gico del ingeniero agrimensor en la actividad minera, con \u00e9nfasis en su intervenci\u00f3n en distintos tipos de expedientes y en su aporte t\u00e9cnico y estructural dentro de la administraci\u00f3n p\u00fablica.<br>Al respecto, Cecilia Maidana explic\u00f3 que \u201cse expusieron aspectos estructurales, normativos y organizativos desde la perspectiva de la administraci\u00f3n p\u00fablica, as\u00ed como la injerencia que tienen los ingenieros y en qu\u00e9 tipo de expedientes intervienen\u201d. La disertaci\u00f3n despert\u00f3 especial inter\u00e9s entre los estudiantes, por la variedad de oportunidades profesionales que se abren en el \u00e1mbito minero.<\/p>\n\n\n\n<p>Valioso intercambio<br>Las jornadas fueron organizadas de manera conjunta por el Colegio de Agrimensores de la Provincia de La Rioja, la Federaci\u00f3n Argentina de Agrimensura y la UNdeC, a trav\u00e9s de su Escuela de Ingenier\u00eda. Reunieron a docentes y especialistas de diversas provincias, como Buenos Aires y Catamarca, y abordaron una amplia gama de tem\u00e1ticas legales y t\u00e9cnicas relacionadas con la agrimensura aplicada a la miner\u00eda.<br>Tambi\u00e9n se present\u00f3 el estado actual del catastro minero en las provincias de La Rioja y Catamarca, lo que permiti\u00f3 un valioso intercambio entre actores clave del sector. La jornada fue transmitida en vivo a trav\u00e9s de la plataforma Zoom de la Federaci\u00f3n Argentina de Agrimensura, lo que facilit\u00f3 la participaci\u00f3n remota desde distintos puntos del pa\u00eds.<\/p>\n\n\n\n<figure class=\"wp-block-image size-full\"><a href=\"https:\/\/radiolarioja.com.ar\/rlr\/wp-content\/uploads\/2025\/06\/WhatsApp-Image-2025-06-03-at-20.43.00.jpeg\"><img fetchpriority=\"high\" decoding=\"async\" width=\"864\" height=\"502\" src=\"https:\/\/radiolarioja.com.ar\/rlr\/wp-content\/uploads\/2025\/06\/WhatsApp-Image-2025-06-03-at-20.43.00.jpeg\" alt=\"\" class=\"wp-image-81544\" srcset=\"https:\/\/radiolarioja.com.ar\/rlr\/wp-content\/uploads\/2025\/06\/WhatsApp-Image-2025-06-03-at-20.43.00.jpeg 864w, https:\/\/radiolarioja.com.ar\/rlr\/wp-content\/uploads\/2025\/06\/WhatsApp-Image-2025-06-03-at-20.43.00-300x174.jpeg 300w, https:\/\/radiolarioja.com.ar\/rlr\/wp-content\/uploads\/2025\/06\/WhatsApp-Image-2025-06-03-at-20.43.00-768x446.jpeg 768w\" sizes=\"(max-width: 864px) 100vw, 864px\" \/><\/a><\/figure>\n","protected":false},"excerpt":{"rendered":"<p>La presentaci\u00f3n abord\u00f3 el papel clave del agrimensor en la gesti\u00f3n minera y despert\u00f3 el inter\u00e9s de estudiantes<\/p>\n","protected":false},"author":2,"featured_media":81544,"comment_status":"open","ping_status":"open","sticky":false,"template":"","format":"image","meta":{"footnotes":""},"categories":[12],"tags":[],"class_list":["post-81543","post","type-post","status-publish","format-image","has-post-thumbnail","hentry","category-local","post_format-post-format-image"],"featured_image_urls":{"full":["https:\/\/radiolarioja.com.ar\/rlr\/wp-content\/uploads\/2025\/06\/WhatsApp-Image-2025-06-03-at-20.43.00.jpeg",864,502,false],"thumbnail":["https:\/\/radiolarioja.com.ar\/rlr\/wp-content\/uploads\/2025\/06\/WhatsApp-Image-2025-06-03-at-20.43.00-150x150.jpeg",150,150,true],"medium":["https:\/\/radiolarioja.com.ar\/rlr\/wp-content\/uploads\/2025\/06\/WhatsApp-Image-2025-06-03-at-20.43.00-300x174.jpeg",300,174,true],"medium_large":["https:\/\/radiolarioja.com.ar\/rlr\/wp-content\/uploads\/2025\/06\/WhatsApp-Image-2025-06-03-at-20.43.00-768x446.jpeg",640,372,true],"large":["https:\/\/radiolarioja.com.ar\/rlr\/wp-content\/uploads\/2025\/06\/WhatsApp-Image-2025-06-03-at-20.43.00.jpeg",640,372,false],"1536x1536":["https:\/\/radiolarioja.com.ar\/rlr\/wp-content\/uploads\/2025\/06\/WhatsApp-Image-2025-06-03-at-20.43.00.jpeg",864,502,false],"2048x2048":["https:\/\/radiolarioja.com.ar\/rlr\/wp-content\/uploads\/2025\/06\/WhatsApp-Image-2025-06-03-at-20.43.00.jpeg",864,502,false],"morenews-large":["https:\/\/radiolarioja.com.ar\/rlr\/wp-content\/uploads\/2025\/06\/WhatsApp-Image-2025-06-03-at-20.43.00.jpeg",825,479,false],"morenews-medium":["https:\/\/radiolarioja.com.ar\/rlr\/wp-content\/uploads\/2025\/06\/WhatsApp-Image-2025-06-03-at-20.43.00.jpeg",590,343,false]},"author_info":{"info":["RadioLaRioja"]},"category_info":"<a href=\"https:\/\/radiolarioja.com.ar\/rlr\/category\/local\/\" rel=\"category tag\">Local<\/a>","tag_info":"Local","comment_count":"0","_links":{"self":[{"href":"https:\/\/radiolarioja.com.ar\/rlr\/wp-json\/wp\/v2\/posts\/81543","targetHints":{"allow":["GET"]}}],"collection":[{"href":"https:\/\/radiolarioja.com.ar\/rlr\/wp-json\/wp\/v2\/posts"}],"about":[{"href":"https:\/\/radiolarioja.com.ar\/rlr\/wp-json\/wp\/v2\/types\/post"}],"author":[{"embeddable":true,"href":"https:\/\/radiolarioja.com.ar\/rlr\/wp-json\/wp\/v2\/users\/2"}],"replies":[{"embeddable":true,"href":"https:\/\/radiolarioja.com.ar\/rlr\/wp-json\/wp\/v2\/comments?post=81543"}],"version-history":[{"count":1,"href":"https:\/\/radiolarioja.com.ar\/rlr\/wp-json\/wp\/v2\/posts\/81543\/revisions"}],"predecessor-version":[{"id":81545,"href":"https:\/\/radiolarioja.com.ar\/rlr\/wp-json\/wp\/v2\/posts\/81543\/revisions\/81545"}],"wp:featuredmedia":[{"embeddable":true,"href":"https:\/\/radiolarioja.com.ar\/rlr\/wp-json\/wp\/v2\/media\/81544"}],"wp:attachment":[{"href":"https:\/\/radiolarioja.com.ar\/rlr\/wp-json\/wp\/v2\/media?parent=81543"}],"wp:term":[{"taxonomy":"category","embeddable":true,"href":"https:\/\/radiolarioja.com.ar\/rlr\/wp-json\/wp\/v2\/categories?post=81543"},{"taxonomy":"post_tag","embeddable":true,"href":"https:\/\/radiolarioja.com.ar\/rlr\/wp-json\/wp\/v2\/tags?post=81543"}],"curies":[{"name":"wp","href":"https:\/\/api.w.org\/{rel}","templated":true}]}}