{"id":81540,"date":"2025-06-05T22:40:43","date_gmt":"2025-06-06T01:40:43","guid":{"rendered":"https:\/\/radiolarioja.com.ar\/rlr\/?p=81540"},"modified":"2025-06-05T22:40:44","modified_gmt":"2025-06-06T01:40:44","slug":"la-provincia-apuesta-al-desarrollo-turistico-en-vinchina-con-la-entrega-de-titulos-de-propiedad","status":"publish","type":"post","link":"https:\/\/radiolarioja.com.ar\/rlr\/la-provincia-apuesta-al-desarrollo-turistico-en-vinchina-con-la-entrega-de-titulos-de-propiedad\/","title":{"rendered":"La Provincia apuesta al desarrollo tur\u00edstico en Vinchina con la entrega de t\u00edtulos de propiedad"},"content":{"rendered":"\n<p>La medida incluye espacios clave como el camping municipal y el hotel Corona del Inca, y sienta las bases para fortalecer la infraestructura local. Adem\u00e1s, se inaugur\u00f3 un centro de formaci\u00f3n textil que apunta al desarrollo econ\u00f3mico de la regi\u00f3n.<\/p>\n\n\n\n<p>En el marco de los festejos por el 328\u00b0 aniversario del Departamento Vinchina, el gobernador Ricardo Quintela, acompa\u00f1ado por la secretaria de Tierras, Irene Z\u00e1rate Rivadera, entreg\u00f3 a la intendenta Adriana Arias las escrituras de propiedad de varios inmuebles estrat\u00e9gicos para el desarrollo tur\u00edstico local.<br>Los t\u00edtulos corresponden al Camping Municipal, la Terminal de \u00d3mnibus, el Hotel Corona del Inca y la Casa del Balc\u00f3n, y constituyen un paso fundamental hacia la consolidaci\u00f3n de la infraestructura tur\u00edstica del departamento.<br>Durante su visita, el mandatario tambi\u00e9n particip\u00f3 de la inauguraci\u00f3n de una nave de formaci\u00f3n profesional en el rubro textil, una acci\u00f3n que reafirma el compromiso del Gobierno Provincial con el desarrollo integral de la regi\u00f3n.<br>\u201cLa titularizaci\u00f3n de estos espacios permitir\u00e1 mejorar significativamente los servicios que ofrece el departamento a los turistas que lo visitan cada a\u00f1o\u201d, destac\u00f3 Z\u00e1rate Rivadera.<\/p>\n\n\n\n<figure class=\"wp-block-image size-large\"><a href=\"https:\/\/radiolarioja.com.ar\/rlr\/wp-content\/uploads\/2025\/06\/WhatsApp-Image-2025-06-04-at-08.04.37.jpeg\"><img fetchpriority=\"high\" decoding=\"async\" width=\"1024\" height=\"596\" src=\"https:\/\/radiolarioja.com.ar\/rlr\/wp-content\/uploads\/2025\/06\/WhatsApp-Image-2025-06-04-at-08.04.37-1024x596.jpeg\" alt=\"\" class=\"wp-image-81541\" srcset=\"https:\/\/radiolarioja.com.ar\/rlr\/wp-content\/uploads\/2025\/06\/WhatsApp-Image-2025-06-04-at-08.04.37-1024x596.jpeg 1024w, https:\/\/radiolarioja.com.ar\/rlr\/wp-content\/uploads\/2025\/06\/WhatsApp-Image-2025-06-04-at-08.04.37-300x175.jpeg 300w, https:\/\/radiolarioja.com.ar\/rlr\/wp-content\/uploads\/2025\/06\/WhatsApp-Image-2025-06-04-at-08.04.37-768x447.jpeg 768w, https:\/\/radiolarioja.com.ar\/rlr\/wp-content\/uploads\/2025\/06\/WhatsApp-Image-2025-06-04-at-08.04.37-1536x894.jpeg 1536w, https:\/\/radiolarioja.com.ar\/rlr\/wp-content\/uploads\/2025\/06\/WhatsApp-Image-2025-06-04-at-08.04.37.jpeg 1600w\" sizes=\"(max-width: 1024px) 100vw, 1024px\" \/><\/a><\/figure>\n","protected":false},"excerpt":{"rendered":"<p>La medida incluye espacios clave como el camping municipal y el hotel Corona del Inca, y sienta las<\/p>\n","protected":false},"author":2,"featured_media":81541,"comment_status":"open","ping_status":"open","sticky":false,"template":"","format":"image","meta":{"footnotes":""},"categories":[12],"tags":[],"class_list":["post-81540","post","type-post","status-publish","format-image","has-post-thumbnail","hentry","category-local","post_format-post-format-image"],"featured_image_urls":{"full":["https:\/\/radiolarioja.com.ar\/rlr\/wp-content\/uploads\/2025\/06\/WhatsApp-Image-2025-06-04-at-08.04.37.jpeg",1600,931,false],"thumbnail":["https:\/\/radiolarioja.com.ar\/rlr\/wp-content\/uploads\/2025\/06\/WhatsApp-Image-2025-06-04-at-08.04.37-150x150.jpeg",150,150,true],"medium":["https:\/\/radiolarioja.com.ar\/rlr\/wp-content\/uploads\/2025\/06\/WhatsApp-Image-2025-06-04-at-08.04.37-300x175.jpeg",300,175,true],"medium_large":["https:\/\/radiolarioja.com.ar\/rlr\/wp-content\/uploads\/2025\/06\/WhatsApp-Image-2025-06-04-at-08.04.37-768x447.jpeg",640,373,true],"large":["https:\/\/radiolarioja.com.ar\/rlr\/wp-content\/uploads\/2025\/06\/WhatsApp-Image-2025-06-04-at-08.04.37-1024x596.jpeg",640,373,true],"1536x1536":["https:\/\/radiolarioja.com.ar\/rlr\/wp-content\/uploads\/2025\/06\/WhatsApp-Image-2025-06-04-at-08.04.37-1536x894.jpeg",1536,894,true],"2048x2048":["https:\/\/radiolarioja.com.ar\/rlr\/wp-content\/uploads\/2025\/06\/WhatsApp-Image-2025-06-04-at-08.04.37.jpeg",1600,931,false],"morenews-large":["https:\/\/radiolarioja.com.ar\/rlr\/wp-content\/uploads\/2025\/06\/WhatsApp-Image-2025-06-04-at-08.04.37.jpeg",825,480,false],"morenews-medium":["https:\/\/radiolarioja.com.ar\/rlr\/wp-content\/uploads\/2025\/06\/WhatsApp-Image-2025-06-04-at-08.04.37.jpeg",590,343,false]},"author_info":{"info":["RadioLaRioja"]},"category_info":"<a href=\"https:\/\/radiolarioja.com.ar\/rlr\/category\/local\/\" rel=\"category tag\">Local<\/a>","tag_info":"Local","comment_count":"0","_links":{"self":[{"href":"https:\/\/radiolarioja.com.ar\/rlr\/wp-json\/wp\/v2\/posts\/81540","targetHints":{"allow":["GET"]}}],"collection":[{"href":"https:\/\/radiolarioja.com.ar\/rlr\/wp-json\/wp\/v2\/posts"}],"about":[{"href":"https:\/\/radiolarioja.com.ar\/rlr\/wp-json\/wp\/v2\/types\/post"}],"author":[{"embeddable":true,"href":"https:\/\/radiolarioja.com.ar\/rlr\/wp-json\/wp\/v2\/users\/2"}],"replies":[{"embeddable":true,"href":"https:\/\/radiolarioja.com.ar\/rlr\/wp-json\/wp\/v2\/comments?post=81540"}],"version-history":[{"count":1,"href":"https:\/\/radiolarioja.com.ar\/rlr\/wp-json\/wp\/v2\/posts\/81540\/revisions"}],"predecessor-version":[{"id":81542,"href":"https:\/\/radiolarioja.com.ar\/rlr\/wp-json\/wp\/v2\/posts\/81540\/revisions\/81542"}],"wp:featuredmedia":[{"embeddable":true,"href":"https:\/\/radiolarioja.com.ar\/rlr\/wp-json\/wp\/v2\/media\/81541"}],"wp:attachment":[{"href":"https:\/\/radiolarioja.com.ar\/rlr\/wp-json\/wp\/v2\/media?parent=81540"}],"wp:term":[{"taxonomy":"category","embeddable":true,"href":"https:\/\/radiolarioja.com.ar\/rlr\/wp-json\/wp\/v2\/categories?post=81540"},{"taxonomy":"post_tag","embeddable":true,"href":"https:\/\/radiolarioja.com.ar\/rlr\/wp-json\/wp\/v2\/tags?post=81540"}],"curies":[{"name":"wp","href":"https:\/\/api.w.org\/{rel}","templated":true}]}}