{"id":81537,"date":"2025-06-05T22:39:57","date_gmt":"2025-06-06T01:39:57","guid":{"rendered":"https:\/\/radiolarioja.com.ar\/rlr\/?p=81537"},"modified":"2025-06-05T22:39:58","modified_gmt":"2025-06-06T01:39:58","slug":"salud-forma-a-trabajadores-sociales-para-acompanar-a-pacientes-terminales","status":"publish","type":"post","link":"https:\/\/radiolarioja.com.ar\/rlr\/salud-forma-a-trabajadores-sociales-para-acompanar-a-pacientes-terminales\/","title":{"rendered":"Salud forma a trabajadores sociales para acompa\u00f1ar a pacientes terminales"},"content":{"rendered":"\n<p><em>Salud forma a trabajadores sociales para acompa\u00f1ar a pacientes terminales<\/em><\/p>\n\n\n\n<p>El Ministerio de Salud realiz\u00f3 una jornada de capacitaci\u00f3n en la Zona Sanitaria I para fortalecer el rol de los trabajadores sociales en los cuidados paliativos. Apuntan a construir una red que garantice atenci\u00f3n digna, humanizada y accesible para personas con enfermedades terminales.<\/p>\n\n\n\n<p>Este martes, la Coordinaci\u00f3n de Cuidados Paliativos del Ministerio de Salud realiz\u00f3 una jornada de capacitaci\u00f3n-taller destinada a trabajadores sociales que prestan servicios asistenciales en la Zona Sanitaria I.<br>El encuentro tuvo como objetivo fortalecer la formaci\u00f3n profesional desde un enfoque sanitario, reconociendo a los trabajadores sociales como un eslab\u00f3n clave en el primer nivel de atenci\u00f3n de los cuidados paliativos.<br>La actividad se llev\u00f3 a cabo en el auditorio Marta Mera y cont\u00f3 con la participaci\u00f3n de la coordinadora del \u00e1rea, Dra. Virginia Carrizo, junto al equipo t\u00e9cnico y los profesionales convocados.<br>\u00abAnte la creciente demanda de atenci\u00f3n en cuidados paliativos, el trabajador social representa un nexo fundamental con el paciente. Su rol abarca desde la detecci\u00f3n de personas que requieren este tipo de atenci\u00f3n hasta la colaboraci\u00f3n y gesti\u00f3n de aspectos administrativos\u00bb, explic\u00f3 Carrizo.<br>La funcionaria tambi\u00e9n destac\u00f3 que \u201ceste tipo de jornadas se replicar\u00e1n durante todo el a\u00f1o, tanto de manera presencial como virtual. La idea es conformar una red de cuidados paliativos, ya que el trabajador social cumple un papel importante no solo en la detecci\u00f3n y el acompa\u00f1amiento, sino tambi\u00e9n en la resoluci\u00f3n de cuestiones administrativas que permiten al paciente acceder a un tratamiento lo menos doloroso y costoso posible\u201d.<\/p>\n\n\n\n<p>Prevenci\u00f3n y alivio del sufrimiento<br>Los cuidados paliativos constituyen un enfoque integral que busca mejorar la calidad de vida de pacientes y familias que enfrentan enfermedades graves o terminales. Se enfocan en la prevenci\u00f3n y el alivio del sufrimiento a trav\u00e9s de la identificaci\u00f3n temprana, la evaluaci\u00f3n adecuada y el tratamiento del dolor, as\u00ed como de otros problemas f\u00edsicos, psicosociales y espirituales.<br>Su importancia radica en que promueven una atenci\u00f3n digna, humana y centrada en la persona, especialmente en etapas avanzadas de enfermedad.<\/p>\n\n\n\n<figure class=\"wp-block-image size-large\"><a href=\"https:\/\/radiolarioja.com.ar\/rlr\/wp-content\/uploads\/2025\/06\/WhatsApp-Image-2025-06-04-at-11.08.59.jpeg\"><img fetchpriority=\"high\" decoding=\"async\" width=\"1024\" height=\"682\" src=\"https:\/\/radiolarioja.com.ar\/rlr\/wp-content\/uploads\/2025\/06\/WhatsApp-Image-2025-06-04-at-11.08.59-1024x682.jpeg\" alt=\"\" class=\"wp-image-81538\" srcset=\"https:\/\/radiolarioja.com.ar\/rlr\/wp-content\/uploads\/2025\/06\/WhatsApp-Image-2025-06-04-at-11.08.59-1024x682.jpeg 1024w, https:\/\/radiolarioja.com.ar\/rlr\/wp-content\/uploads\/2025\/06\/WhatsApp-Image-2025-06-04-at-11.08.59-300x200.jpeg 300w, https:\/\/radiolarioja.com.ar\/rlr\/wp-content\/uploads\/2025\/06\/WhatsApp-Image-2025-06-04-at-11.08.59-768x512.jpeg 768w, https:\/\/radiolarioja.com.ar\/rlr\/wp-content\/uploads\/2025\/06\/WhatsApp-Image-2025-06-04-at-11.08.59-1536x1023.jpeg 1536w, https:\/\/radiolarioja.com.ar\/rlr\/wp-content\/uploads\/2025\/06\/WhatsApp-Image-2025-06-04-at-11.08.59.jpeg 1600w\" sizes=\"(max-width: 1024px) 100vw, 1024px\" \/><\/a><\/figure>\n","protected":false},"excerpt":{"rendered":"<p>Salud forma a trabajadores sociales para acompa\u00f1ar a pacientes terminales El Ministerio de Salud realiz\u00f3 una jornada de<\/p>\n","protected":false},"author":2,"featured_media":81538,"comment_status":"open","ping_status":"open","sticky":false,"template":"","format":"image","meta":{"footnotes":""},"categories":[12],"tags":[],"class_list":["post-81537","post","type-post","status-publish","format-image","has-post-thumbnail","hentry","category-local","post_format-post-format-image"],"featured_image_urls":{"full":["https:\/\/radiolarioja.com.ar\/rlr\/wp-content\/uploads\/2025\/06\/WhatsApp-Image-2025-06-04-at-11.08.59.jpeg",1600,1066,false],"thumbnail":["https:\/\/radiolarioja.com.ar\/rlr\/wp-content\/uploads\/2025\/06\/WhatsApp-Image-2025-06-04-at-11.08.59-150x150.jpeg",150,150,true],"medium":["https:\/\/radiolarioja.com.ar\/rlr\/wp-content\/uploads\/2025\/06\/WhatsApp-Image-2025-06-04-at-11.08.59-300x200.jpeg",300,200,true],"medium_large":["https:\/\/radiolarioja.com.ar\/rlr\/wp-content\/uploads\/2025\/06\/WhatsApp-Image-2025-06-04-at-11.08.59-768x512.jpeg",640,427,true],"large":["https:\/\/radiolarioja.com.ar\/rlr\/wp-content\/uploads\/2025\/06\/WhatsApp-Image-2025-06-04-at-11.08.59-1024x682.jpeg",640,426,true],"1536x1536":["https:\/\/radiolarioja.com.ar\/rlr\/wp-content\/uploads\/2025\/06\/WhatsApp-Image-2025-06-04-at-11.08.59-1536x1023.jpeg",1536,1023,true],"2048x2048":["https:\/\/radiolarioja.com.ar\/rlr\/wp-content\/uploads\/2025\/06\/WhatsApp-Image-2025-06-04-at-11.08.59.jpeg",1600,1066,false],"morenews-large":["https:\/\/radiolarioja.com.ar\/rlr\/wp-content\/uploads\/2025\/06\/WhatsApp-Image-2025-06-04-at-11.08.59.jpeg",825,550,false],"morenews-medium":["https:\/\/radiolarioja.com.ar\/rlr\/wp-content\/uploads\/2025\/06\/WhatsApp-Image-2025-06-04-at-11.08.59.jpeg",590,393,false]},"author_info":{"info":["RadioLaRioja"]},"category_info":"<a href=\"https:\/\/radiolarioja.com.ar\/rlr\/category\/local\/\" rel=\"category tag\">Local<\/a>","tag_info":"Local","comment_count":"0","_links":{"self":[{"href":"https:\/\/radiolarioja.com.ar\/rlr\/wp-json\/wp\/v2\/posts\/81537","targetHints":{"allow":["GET"]}}],"collection":[{"href":"https:\/\/radiolarioja.com.ar\/rlr\/wp-json\/wp\/v2\/posts"}],"about":[{"href":"https:\/\/radiolarioja.com.ar\/rlr\/wp-json\/wp\/v2\/types\/post"}],"author":[{"embeddable":true,"href":"https:\/\/radiolarioja.com.ar\/rlr\/wp-json\/wp\/v2\/users\/2"}],"replies":[{"embeddable":true,"href":"https:\/\/radiolarioja.com.ar\/rlr\/wp-json\/wp\/v2\/comments?post=81537"}],"version-history":[{"count":1,"href":"https:\/\/radiolarioja.com.ar\/rlr\/wp-json\/wp\/v2\/posts\/81537\/revisions"}],"predecessor-version":[{"id":81539,"href":"https:\/\/radiolarioja.com.ar\/rlr\/wp-json\/wp\/v2\/posts\/81537\/revisions\/81539"}],"wp:featuredmedia":[{"embeddable":true,"href":"https:\/\/radiolarioja.com.ar\/rlr\/wp-json\/wp\/v2\/media\/81538"}],"wp:attachment":[{"href":"https:\/\/radiolarioja.com.ar\/rlr\/wp-json\/wp\/v2\/media?parent=81537"}],"wp:term":[{"taxonomy":"category","embeddable":true,"href":"https:\/\/radiolarioja.com.ar\/rlr\/wp-json\/wp\/v2\/categories?post=81537"},{"taxonomy":"post_tag","embeddable":true,"href":"https:\/\/radiolarioja.com.ar\/rlr\/wp-json\/wp\/v2\/tags?post=81537"}],"curies":[{"name":"wp","href":"https:\/\/api.w.org\/{rel}","templated":true}]}}