{"id":81530,"date":"2025-06-05T22:38:37","date_gmt":"2025-06-06T01:38:37","guid":{"rendered":"https:\/\/radiolarioja.com.ar\/rlr\/?p=81530"},"modified":"2025-06-05T22:38:38","modified_gmt":"2025-06-06T01:38:38","slug":"lanzan-nueva-linea-de-creditos-para-emprendimientos-tecnologicos-en-la-rioja","status":"publish","type":"post","link":"https:\/\/radiolarioja.com.ar\/rlr\/lanzan-nueva-linea-de-creditos-para-emprendimientos-tecnologicos-en-la-rioja\/","title":{"rendered":"Lanzan nueva l\u00ednea de cr\u00e9ditos para emprendimientos tecnol\u00f3gicos en La Rioja"},"content":{"rendered":"\n<p>El programa \u201cRevolucion\u00e1 tu Emprendimiento\u201d, impulsado por la diputada Gabriela Pedrali y el Gobierno provincial, busca fortalecer el ecosistema emprendedor con financiamiento destinado a proyectos de base tecnol\u00f3gica.<\/p>\n\n\n\n<p>En las instalaciones del Polo Tecnol\u00f3gico Provincial se llevaron a cabo, de manera simult\u00e1nea, diversas reuniones informativas dirigidas a emprendedores de base tecnol\u00f3gica. El encuentro cont\u00f3 con la presencia de la Diputada Nacional Gabriela Pedrali, creadora del programa \u201cRevolucion\u00e1 tu Emprendimiento\u201d y del Ing. Hugo Vera, Secretario de Ciencia y Tecnolog\u00eda de la Provincia, quien acompa\u00f1\u00f3 la iniciativa.<\/p>\n\n\n\n<p>Crecimiento, empleo y desarrollo local<br>Emprender requiere coraje, visi\u00f3n y tambi\u00e9n respaldo institucional. Por eso, de manera articulada la Dip. Nacional, el Gobierno de La Rioja, a trav\u00e9s del Ministerio de Trabajo, Empleo, Industria y Miner\u00eda, junto con FOGAPLAR y con el apoyo del Consejo Federal de Inversiones (CFI), pone en marcha un nuevo programa de cr\u00e9ditos para inversi\u00f3n denominado \u201cRevolucion\u00e1 tu Emprendimiento\u201d. Esta l\u00ednea de financiamiento est\u00e1 especialmente pensada para quienes apuestan a sus ideas, generando oportunidades de crecimiento, empleo y desarrollo local.<br>Bajo la conducci\u00f3n de la diputada Gaby Pedrali, se expusieron los alcances del programa y los requisitos para acceder a los cr\u00e9ditos. \u201cNuestro objetivo es que cada emprendedor pueda contar con un impulso concreto para ampliar su capacidad productiva y convertirse en motor de la econom\u00eda riojana\u201d, destac\u00f3 Pedrali durante la jornada. Asimismo, resalt\u00f3 la importancia de articular esfuerzos entre el Congreso, la Provincia y los organismos de financiamiento para potenciar el ecosistema emprendedor.<\/p>\n\n\n\n<p>Rol estrat\u00e9gico<br>Por su parte, el Ing. Hugo Vera subray\u00f3 el rol estrat\u00e9gico que ocupan las iniciativas vinculadas a la Innovaci\u00f3n Tecnol\u00f3gica. \u201cRevolucion\u00e1 tu Emprendimiento se alinea con los objetivos de la Secretar\u00eda de Ciencia y Tecnolog\u00eda, que busca generar empleabilidad, fortalecer el ecosistema emprendedor y acompa\u00f1ar especialmente a quienes desarrollan proyectos innovadores de base tecnol\u00f3gica\u201d, afirm\u00f3 Vera. A su vez, remarc\u00f3 que el respaldo del Estado no s\u00f3lo se limita al otorgamiento de cr\u00e9ditos, sino que incluye asesoramiento t\u00e9cnico, capacitaciones y espacios de networking para optimizar la inserci\u00f3n de los proyectos en el mercado.<\/p>\n\n\n\n<p>Diversificar la matriz econ\u00f3mica<br>Este programa de cr\u00e9ditos se enmarca en una estrategia integral de promoci\u00f3n productiva que, en conjunto con el Ministerio de Trabajo, Empleo, Industria y Miner\u00eda, apunta a diversificar la matriz econ\u00f3mica provincial y a fomentar la generaci\u00f3n de empleo genuino. FOGAPLAR aportar\u00e1 asistencia t\u00e9cnica para la evaluaci\u00f3n de proyectos, mientras que el CFI canalizar\u00e1 recursos financieros con condiciones preferenciales.<br>El Gobierno de La Rioja refuerza as\u00ed su compromiso de acompa\u00f1ar a quienes conf\u00edan en sus ideas y apuestan al desarrollo local. Los emprendedores de base tecnol\u00f3gica, en particular, encontrar\u00e1n en este programa una oportunidad concreta para dar el salto que sus proyectos necesitan.<\/p>\n\n\n\n<figure class=\"wp-block-gallery has-nested-images columns-default is-cropped wp-block-gallery-1 is-layout-flex wp-block-gallery-is-layout-flex\">\n<figure class=\"wp-block-image size-large\"><a href=\"https:\/\/radiolarioja.com.ar\/rlr\/wp-content\/uploads\/2025\/06\/WhatsApp-Image-2025-06-04-at-18.25.44-1.jpeg\"><img fetchpriority=\"high\" decoding=\"async\" width=\"1024\" height=\"768\" data-id=\"81532\" src=\"https:\/\/radiolarioja.com.ar\/rlr\/wp-content\/uploads\/2025\/06\/WhatsApp-Image-2025-06-04-at-18.25.44-1-1024x768.jpeg\" alt=\"\" class=\"wp-image-81532\" srcset=\"https:\/\/radiolarioja.com.ar\/rlr\/wp-content\/uploads\/2025\/06\/WhatsApp-Image-2025-06-04-at-18.25.44-1-1024x768.jpeg 1024w, https:\/\/radiolarioja.com.ar\/rlr\/wp-content\/uploads\/2025\/06\/WhatsApp-Image-2025-06-04-at-18.25.44-1-300x225.jpeg 300w, https:\/\/radiolarioja.com.ar\/rlr\/wp-content\/uploads\/2025\/06\/WhatsApp-Image-2025-06-04-at-18.25.44-1-768x576.jpeg 768w, https:\/\/radiolarioja.com.ar\/rlr\/wp-content\/uploads\/2025\/06\/WhatsApp-Image-2025-06-04-at-18.25.44-1-1536x1152.jpeg 1536w, https:\/\/radiolarioja.com.ar\/rlr\/wp-content\/uploads\/2025\/06\/WhatsApp-Image-2025-06-04-at-18.25.44-1.jpeg 1600w\" sizes=\"(max-width: 1024px) 100vw, 1024px\" \/><\/a><\/figure>\n\n\n\n<figure class=\"wp-block-image size-large\"><a href=\"https:\/\/radiolarioja.com.ar\/rlr\/wp-content\/uploads\/2025\/06\/WhatsApp-Image-2025-06-04-at-18.25.44.jpeg\"><img decoding=\"async\" width=\"1024\" height=\"683\" data-id=\"81531\" src=\"https:\/\/radiolarioja.com.ar\/rlr\/wp-content\/uploads\/2025\/06\/WhatsApp-Image-2025-06-04-at-18.25.44-1024x683.jpeg\" alt=\"\" class=\"wp-image-81531\" srcset=\"https:\/\/radiolarioja.com.ar\/rlr\/wp-content\/uploads\/2025\/06\/WhatsApp-Image-2025-06-04-at-18.25.44-1024x683.jpeg 1024w, https:\/\/radiolarioja.com.ar\/rlr\/wp-content\/uploads\/2025\/06\/WhatsApp-Image-2025-06-04-at-18.25.44-300x200.jpeg 300w, https:\/\/radiolarioja.com.ar\/rlr\/wp-content\/uploads\/2025\/06\/WhatsApp-Image-2025-06-04-at-18.25.44-768x512.jpeg 768w, https:\/\/radiolarioja.com.ar\/rlr\/wp-content\/uploads\/2025\/06\/WhatsApp-Image-2025-06-04-at-18.25.44.jpeg 1474w\" sizes=\"(max-width: 1024px) 100vw, 1024px\" \/><\/a><\/figure>\n<\/figure>\n","protected":false},"excerpt":{"rendered":"<p>El programa \u201cRevolucion\u00e1 tu Emprendimiento\u201d, impulsado por la diputada Gabriela Pedrali y el Gobierno provincial, busca fortalecer el<\/p>\n","protected":false},"author":2,"featured_media":81532,"comment_status":"open","ping_status":"open","sticky":false,"template":"","format":"image","meta":{"footnotes":""},"categories":[12],"tags":[],"class_list":["post-81530","post","type-post","status-publish","format-image","has-post-thumbnail","hentry","category-local","post_format-post-format-image"],"featured_image_urls":{"full":["https:\/\/radiolarioja.com.ar\/rlr\/wp-content\/uploads\/2025\/06\/WhatsApp-Image-2025-06-04-at-18.25.44-1.jpeg",1600,1200,false],"thumbnail":["https:\/\/radiolarioja.com.ar\/rlr\/wp-content\/uploads\/2025\/06\/WhatsApp-Image-2025-06-04-at-18.25.44-1-150x150.jpeg",150,150,true],"medium":["https:\/\/radiolarioja.com.ar\/rlr\/wp-content\/uploads\/2025\/06\/WhatsApp-Image-2025-06-04-at-18.25.44-1-300x225.jpeg",300,225,true],"medium_large":["https:\/\/radiolarioja.com.ar\/rlr\/wp-content\/uploads\/2025\/06\/WhatsApp-Image-2025-06-04-at-18.25.44-1-768x576.jpeg",640,480,true],"large":["https:\/\/radiolarioja.com.ar\/rlr\/wp-content\/uploads\/2025\/06\/WhatsApp-Image-2025-06-04-at-18.25.44-1-1024x768.jpeg",640,480,true],"1536x1536":["https:\/\/radiolarioja.com.ar\/rlr\/wp-content\/uploads\/2025\/06\/WhatsApp-Image-2025-06-04-at-18.25.44-1-1536x1152.jpeg",1536,1152,true],"2048x2048":["https:\/\/radiolarioja.com.ar\/rlr\/wp-content\/uploads\/2025\/06\/WhatsApp-Image-2025-06-04-at-18.25.44-1.jpeg",1600,1200,false],"morenews-large":["https:\/\/radiolarioja.com.ar\/rlr\/wp-content\/uploads\/2025\/06\/WhatsApp-Image-2025-06-04-at-18.25.44-1.jpeg",767,575,false],"morenews-medium":["https:\/\/radiolarioja.com.ar\/rlr\/wp-content\/uploads\/2025\/06\/WhatsApp-Image-2025-06-04-at-18.25.44-1.jpeg",547,410,false]},"author_info":{"info":["RadioLaRioja"]},"category_info":"<a href=\"https:\/\/radiolarioja.com.ar\/rlr\/category\/local\/\" rel=\"category tag\">Local<\/a>","tag_info":"Local","comment_count":"0","_links":{"self":[{"href":"https:\/\/radiolarioja.com.ar\/rlr\/wp-json\/wp\/v2\/posts\/81530","targetHints":{"allow":["GET"]}}],"collection":[{"href":"https:\/\/radiolarioja.com.ar\/rlr\/wp-json\/wp\/v2\/posts"}],"about":[{"href":"https:\/\/radiolarioja.com.ar\/rlr\/wp-json\/wp\/v2\/types\/post"}],"author":[{"embeddable":true,"href":"https:\/\/radiolarioja.com.ar\/rlr\/wp-json\/wp\/v2\/users\/2"}],"replies":[{"embeddable":true,"href":"https:\/\/radiolarioja.com.ar\/rlr\/wp-json\/wp\/v2\/comments?post=81530"}],"version-history":[{"count":1,"href":"https:\/\/radiolarioja.com.ar\/rlr\/wp-json\/wp\/v2\/posts\/81530\/revisions"}],"predecessor-version":[{"id":81533,"href":"https:\/\/radiolarioja.com.ar\/rlr\/wp-json\/wp\/v2\/posts\/81530\/revisions\/81533"}],"wp:featuredmedia":[{"embeddable":true,"href":"https:\/\/radiolarioja.com.ar\/rlr\/wp-json\/wp\/v2\/media\/81532"}],"wp:attachment":[{"href":"https:\/\/radiolarioja.com.ar\/rlr\/wp-json\/wp\/v2\/media?parent=81530"}],"wp:term":[{"taxonomy":"category","embeddable":true,"href":"https:\/\/radiolarioja.com.ar\/rlr\/wp-json\/wp\/v2\/categories?post=81530"},{"taxonomy":"post_tag","embeddable":true,"href":"https:\/\/radiolarioja.com.ar\/rlr\/wp-json\/wp\/v2\/tags?post=81530"}],"curies":[{"name":"wp","href":"https:\/\/api.w.org\/{rel}","templated":true}]}}