{"id":81527,"date":"2025-06-05T22:32:48","date_gmt":"2025-06-06T01:32:48","guid":{"rendered":"https:\/\/radiolarioja.com.ar\/rlr\/?p=81527"},"modified":"2025-06-05T22:32:49","modified_gmt":"2025-06-06T01:32:49","slug":"unidad-del-peronismo-a-nivel-nacional-termino-la-reunion-entre-cristina-y-kicillof","status":"publish","type":"post","link":"https:\/\/radiolarioja.com.ar\/rlr\/unidad-del-peronismo-a-nivel-nacional-termino-la-reunion-entre-cristina-y-kicillof\/","title":{"rendered":"Unidad del Peronismo a Nivel Nacional. Termin\u00f3 la reuni\u00f3n entre Cristina y Kicillof"},"content":{"rendered":"\n<p>Reuni\u00f3n entre Cristina Kirchner y Axel Kicillof. Se va a trabajar en total unidad con cada espacio entre Cristina Kirchner, Sergio Massa y Axel Kicillof. Desde ma\u00f1ana comienza la unidad de acci\u00f3n, caminar\u00e1n juntos prov de Buenos Aires y el pa\u00eds.<\/p>\n\n\n\n<figure class=\"wp-block-image size-full\"><a href=\"https:\/\/radiolarioja.com.ar\/rlr\/wp-content\/uploads\/2025\/06\/GsuHHPPXQAA2bSW.jpeg\"><img fetchpriority=\"high\" decoding=\"async\" width=\"680\" height=\"383\" src=\"https:\/\/radiolarioja.com.ar\/rlr\/wp-content\/uploads\/2025\/06\/GsuHHPPXQAA2bSW.jpeg\" alt=\"\" class=\"wp-image-81528\" srcset=\"https:\/\/radiolarioja.com.ar\/rlr\/wp-content\/uploads\/2025\/06\/GsuHHPPXQAA2bSW.jpeg 680w, https:\/\/radiolarioja.com.ar\/rlr\/wp-content\/uploads\/2025\/06\/GsuHHPPXQAA2bSW-300x169.jpeg 300w\" sizes=\"(max-width: 680px) 100vw, 680px\" \/><\/a><\/figure>\n","protected":false},"excerpt":{"rendered":"<p>Reuni\u00f3n entre Cristina Kirchner y Axel Kicillof. Se va a trabajar en total unidad con cada espacio entre<\/p>\n","protected":false},"author":2,"featured_media":81528,"comment_status":"open","ping_status":"open","sticky":false,"template":"","format":"image","meta":{"footnotes":""},"categories":[12],"tags":[],"class_list":["post-81527","post","type-post","status-publish","format-image","has-post-thumbnail","hentry","category-local","post_format-post-format-image"],"featured_image_urls":{"full":["https:\/\/radiolarioja.com.ar\/rlr\/wp-content\/uploads\/2025\/06\/GsuHHPPXQAA2bSW.jpeg",680,383,false],"thumbnail":["https:\/\/radiolarioja.com.ar\/rlr\/wp-content\/uploads\/2025\/06\/GsuHHPPXQAA2bSW-150x150.jpeg",150,150,true],"medium":["https:\/\/radiolarioja.com.ar\/rlr\/wp-content\/uploads\/2025\/06\/GsuHHPPXQAA2bSW-300x169.jpeg",300,169,true],"medium_large":["https:\/\/radiolarioja.com.ar\/rlr\/wp-content\/uploads\/2025\/06\/GsuHHPPXQAA2bSW.jpeg",640,360,false],"large":["https:\/\/radiolarioja.com.ar\/rlr\/wp-content\/uploads\/2025\/06\/GsuHHPPXQAA2bSW.jpeg",640,360,false],"1536x1536":["https:\/\/radiolarioja.com.ar\/rlr\/wp-content\/uploads\/2025\/06\/GsuHHPPXQAA2bSW.jpeg",680,383,false],"2048x2048":["https:\/\/radiolarioja.com.ar\/rlr\/wp-content\/uploads\/2025\/06\/GsuHHPPXQAA2bSW.jpeg",680,383,false],"morenews-large":["https:\/\/radiolarioja.com.ar\/rlr\/wp-content\/uploads\/2025\/06\/GsuHHPPXQAA2bSW.jpeg",680,383,false],"morenews-medium":["https:\/\/radiolarioja.com.ar\/rlr\/wp-content\/uploads\/2025\/06\/GsuHHPPXQAA2bSW.jpeg",590,332,false]},"author_info":{"info":["RadioLaRioja"]},"category_info":"<a href=\"https:\/\/radiolarioja.com.ar\/rlr\/category\/local\/\" rel=\"category tag\">Local<\/a>","tag_info":"Local","comment_count":"0","_links":{"self":[{"href":"https:\/\/radiolarioja.com.ar\/rlr\/wp-json\/wp\/v2\/posts\/81527","targetHints":{"allow":["GET"]}}],"collection":[{"href":"https:\/\/radiolarioja.com.ar\/rlr\/wp-json\/wp\/v2\/posts"}],"about":[{"href":"https:\/\/radiolarioja.com.ar\/rlr\/wp-json\/wp\/v2\/types\/post"}],"author":[{"embeddable":true,"href":"https:\/\/radiolarioja.com.ar\/rlr\/wp-json\/wp\/v2\/users\/2"}],"replies":[{"embeddable":true,"href":"https:\/\/radiolarioja.com.ar\/rlr\/wp-json\/wp\/v2\/comments?post=81527"}],"version-history":[{"count":1,"href":"https:\/\/radiolarioja.com.ar\/rlr\/wp-json\/wp\/v2\/posts\/81527\/revisions"}],"predecessor-version":[{"id":81529,"href":"https:\/\/radiolarioja.com.ar\/rlr\/wp-json\/wp\/v2\/posts\/81527\/revisions\/81529"}],"wp:featuredmedia":[{"embeddable":true,"href":"https:\/\/radiolarioja.com.ar\/rlr\/wp-json\/wp\/v2\/media\/81528"}],"wp:attachment":[{"href":"https:\/\/radiolarioja.com.ar\/rlr\/wp-json\/wp\/v2\/media?parent=81527"}],"wp:term":[{"taxonomy":"category","embeddable":true,"href":"https:\/\/radiolarioja.com.ar\/rlr\/wp-json\/wp\/v2\/categories?post=81527"},{"taxonomy":"post_tag","embeddable":true,"href":"https:\/\/radiolarioja.com.ar\/rlr\/wp-json\/wp\/v2\/tags?post=81527"}],"curies":[{"name":"wp","href":"https:\/\/api.w.org\/{rel}","templated":true}]}}