{"id":81513,"date":"2025-06-05T22:27:51","date_gmt":"2025-06-06T01:27:51","guid":{"rendered":"https:\/\/radiolarioja.com.ar\/rlr\/?p=81513"},"modified":"2025-06-05T22:27:52","modified_gmt":"2025-06-06T01:27:52","slug":"agenda-cultural-para-la-ciudad-de-la-rioja-para-este-fin-de-semana","status":"publish","type":"post","link":"https:\/\/radiolarioja.com.ar\/rlr\/agenda-cultural-para-la-ciudad-de-la-rioja-para-este-fin-de-semana\/","title":{"rendered":"Agenda Cultural para la Ciudad de La Rioja para este Fin de Semana"},"content":{"rendered":"\n<p>Agenda cultural de la Secretar\u00eda de Culturas<\/p>\n\n\n\n<p>El Gobierno de La Rioja, a trav\u00e9s de su Secretar\u00eda de Culturas, invita a participar de las actividades de la agenda cultural.<\/p>\n\n\n\n<p>Culturas Activas<\/p>\n\n\n\n<p>Talleres art\u00edsticos y culturales gratuitos<\/p>\n\n\n\n<p>Abierto para todo p\u00fablico<\/p>\n\n\n\n<p>Listado completo de talleres anuales en culturalarioja.gob.ar<\/p>\n\n\n\n<p>Taller anual de t\u00edteres<\/p>\n\n\n\n<p>A cargo del Teatro Provincial de T\u00edteres Rizoma<\/p>\n\n\n\n<p>Todos los martes<\/p>\n\n\n\n<p>15 a 16:30 horas<\/p>\n\n\n\n<p>A partir de los 5 a\u00f1os<\/p>\n\n\n\n<p>Abierto para todo p\u00fablico<\/p>\n\n\n\n<p>El Teatrino \u2013 Paso de la Patria (B\u00b0 Cochangasta)<\/p>\n\n\n\n<p>Taller anual de dibujo<\/p>\n\n\n\n<p>A cargo de la Prof. Antonella Carmona<\/p>\n\n\n\n<p>Todos los mi\u00e9rcoles<\/p>\n\n\n\n<p>16 a 17 horas<\/p>\n\n\n\n<p>Abierto para todo p\u00fablico<\/p>\n\n\n\n<p>Biblioteca Nueva Generaci\u00f3n \u2013 Sanagua esq. Indio Chanampa (B\u00b0 Yacampis)<\/p>\n\n\n\n<p>Jueves 5 de junio<\/p>\n\n\n\n<p>Feria de artesan\u00edas<\/p>\n\n\n\n<p>Jueves, viernes y s\u00e1bados de junio<\/p>\n\n\n\n<p>18 a 22 horas<\/p>\n\n\n\n<p>Intervenciones art\u00edsticas<\/p>\n\n\n\n<p>Paseo de Artesan\u00edas \u201cDionisio D\u00edaz\u201d \u2013 Pelagio B. Luna 764<\/p>\n\n\n\n<p>Cine Nacional<\/p>\n\n\n\n<p>La zurda<\/p>\n\n\n\n<p>Jueves 5, viernes 6, domingo 8<\/p>\n\n\n\n<p>22 horas<\/p>\n\n\n\n<p>Entradas: Gral. $2000 \u2013 Jub. y Estud.: $1000<\/p>\n\n\n\n<p>Espacio 73 \u2013 Catamarca 73<\/p>\n\n\n\n<p>Viernes 6 de junio<\/p>\n\n\n\n<p>Teatro V\u00edctor Mar\u00eda C\u00e1ceres<\/p>\n\n\n\n<p>Capusotto \u2013 El lado C. Encuentro a puro humor<\/p>\n\n\n\n<p>Diego Capusotto y Nancy Giampaolo<\/p>\n\n\n\n<p>22 horas<\/p>\n\n\n\n<p>Entradas: $27.000 &#8211; $30.000<\/p>\n\n\n\n<p>Tuentrada.com \u2013 MK2<\/p>\n\n\n\n<p>S\u00e1bado 7 de junio<\/p>\n\n\n\n<p>\u201cMagical Tour\u201d<\/p>\n\n\n\n<p>Recital y presentaci\u00f3n de la Orquesta de C\u00e1mara de la UNDEC<\/p>\n\n\n\n<p>Direcci\u00f3n: Hugo Espindola<\/p>\n\n\n\n<p>Invitados Lado B<\/p>\n\n\n\n<p>20:30 horas<\/p>\n\n\n\n<p>Bono contribuci\u00f3n: $10.000 &#8211; $12.000<\/p>\n\n\n\n<p>Teatro V\u00edctor Mar\u00eda C\u00e1ceres<\/p>\n\n\n\n<p>El And\u00e9n \u2013 Espacio Cultural y Tur\u00edstico<\/p>\n\n\n\n<p>\u201cAzahares baila\u201d<\/p>\n\n\n\n<p>Artistas: Flor Castro, Roc\u00edo Villegas, Gustavo As\u00eds, La Osa, Flor Casas, Ra\u00edces del Alma y Pablo Bustamante<\/p>\n\n\n\n<p>22 horas<\/p>\n\n\n\n<p>Entradas: $4000<\/p>\n\n\n\n<p>Reservas: 3804267878<\/p>\n\n\n\n<p>Confiter\u00eda Terminal de \u00d3mnibus<\/p>\n\n\n\n<p>Convocatorias abiertas<\/p>\n\n\n\n<p>23\u00b0 Feria del Libro La Rioja 2025 \u2013 \u201cLetras en Resistencia\u201d<\/p>\n\n\n\n<p>\u00b7 Escuelas en la feria<\/p>\n\n\n\n<p>Actividades para todas las edades y ciclos educativos<\/p>\n\n\n\n<p>2, 3 y 4 de julio durante la 23\u00b0 Feria del Libro La Rioja 2025<\/p>\n\n\n\n<p>Convocatoria abierta hasta el 6 de junio<\/p>\n\n\n\n<p>M\u00e1s informaci\u00f3n culturalarioja.gob.ar<\/p>\n\n\n\n<p>\u00b7 Concursos literarios<\/p>\n\n\n\n<p>-Concurso Libro de Poes\u00eda 2025<\/p>\n\n\n\n<p>-Primer Concurso Provincial de Ensayo Literario 2025<\/p>\n\n\n\n<p>Convocatoria abierta hasta el 21 de julio<\/p>\n\n\n\n<p>Bases, condiciones y formularios en culturalarioja.gob.ar<\/p>\n\n\n\n<p>\u00b7 Registro Provincial de Escritores y Escritoras<\/p>\n\n\n\n<p>Autores y autoras de La Rioja<\/p>\n\n\n\n<p>Destinada a acciones futuras junto a la comunidad escritora<\/p>\n\n\n\n<p>Formulario disponible en culturalarioja.gob.ar<\/p>\n\n\n\n<p>Convocatoria para artistas visuales<\/p>\n\n\n\n<p>\u201cProyectos Expositivos para el Espacio de Arte Contempor\u00e1neo, bar del Teatro V\u00edctor Mar\u00eda C\u00e1ceres y Sala Casa Central\u201d<\/p>\n\n\n\n<p>Artistas visuales individuales y colectivos, mayores de 18 a\u00f1os, de La Rioja o con una residencia en la provincia de m\u00e1s de cinco a\u00f1os<\/p>\n\n\n\n<p>Convocatoria abierta hasta el 19 de agosto<\/p>\n\n\n\n<p>Bases, condiciones en culturalarioja.gob.ar<\/p>\n\n\n\n<figure class=\"wp-block-gallery has-nested-images columns-default is-cropped wp-block-gallery-1 is-layout-flex wp-block-gallery-is-layout-flex\">\n<figure class=\"wp-block-image size-large\"><a href=\"https:\/\/radiolarioja.com.ar\/rlr\/wp-content\/uploads\/2025\/06\/Espacio-73.jpeg\"><img fetchpriority=\"high\" decoding=\"async\" width=\"1024\" height=\"1024\" data-id=\"81516\" src=\"https:\/\/radiolarioja.com.ar\/rlr\/wp-content\/uploads\/2025\/06\/Espacio-73-1024x1024.jpeg\" alt=\"\" class=\"wp-image-81516\" srcset=\"https:\/\/radiolarioja.com.ar\/rlr\/wp-content\/uploads\/2025\/06\/Espacio-73-1024x1024.jpeg 1024w, https:\/\/radiolarioja.com.ar\/rlr\/wp-content\/uploads\/2025\/06\/Espacio-73-300x300.jpeg 300w, https:\/\/radiolarioja.com.ar\/rlr\/wp-content\/uploads\/2025\/06\/Espacio-73-150x150.jpeg 150w, https:\/\/radiolarioja.com.ar\/rlr\/wp-content\/uploads\/2025\/06\/Espacio-73-768x768.jpeg 768w, https:\/\/radiolarioja.com.ar\/rlr\/wp-content\/uploads\/2025\/06\/Espacio-73-1536x1536.jpeg 1536w, https:\/\/radiolarioja.com.ar\/rlr\/wp-content\/uploads\/2025\/06\/Espacio-73.jpeg 1600w\" sizes=\"(max-width: 1024px) 100vw, 1024px\" \/><\/a><\/figure>\n\n\n\n<figure class=\"wp-block-image size-large\"><a href=\"https:\/\/radiolarioja.com.ar\/rlr\/wp-content\/uploads\/2025\/06\/Paseo-Dionisio-Diaz.jpeg\"><img decoding=\"async\" width=\"834\" height=\"1024\" data-id=\"81515\" src=\"https:\/\/radiolarioja.com.ar\/rlr\/wp-content\/uploads\/2025\/06\/Paseo-Dionisio-Diaz-834x1024.jpeg\" alt=\"\" class=\"wp-image-81515\" srcset=\"https:\/\/radiolarioja.com.ar\/rlr\/wp-content\/uploads\/2025\/06\/Paseo-Dionisio-Diaz-834x1024.jpeg 834w, https:\/\/radiolarioja.com.ar\/rlr\/wp-content\/uploads\/2025\/06\/Paseo-Dionisio-Diaz-244x300.jpeg 244w, https:\/\/radiolarioja.com.ar\/rlr\/wp-content\/uploads\/2025\/06\/Paseo-Dionisio-Diaz-768x943.jpeg 768w, https:\/\/radiolarioja.com.ar\/rlr\/wp-content\/uploads\/2025\/06\/Paseo-Dionisio-Diaz-1251x1536.jpeg 1251w, https:\/\/radiolarioja.com.ar\/rlr\/wp-content\/uploads\/2025\/06\/Paseo-Dionisio-Diaz.jpeg 1303w\" sizes=\"(max-width: 834px) 100vw, 834px\" \/><\/a><\/figure>\n\n\n\n<figure class=\"wp-block-image size-large\"><a href=\"https:\/\/radiolarioja.com.ar\/rlr\/wp-content\/uploads\/2025\/06\/Taller-anual-dibujo.jpg\"><img decoding=\"async\" width=\"822\" height=\"1024\" data-id=\"81525\" src=\"https:\/\/radiolarioja.com.ar\/rlr\/wp-content\/uploads\/2025\/06\/Taller-anual-dibujo-822x1024.jpg\" alt=\"\" class=\"wp-image-81525\" srcset=\"https:\/\/radiolarioja.com.ar\/rlr\/wp-content\/uploads\/2025\/06\/Taller-anual-dibujo-822x1024.jpg 822w, https:\/\/radiolarioja.com.ar\/rlr\/wp-content\/uploads\/2025\/06\/Taller-anual-dibujo-241x300.jpg 241w, https:\/\/radiolarioja.com.ar\/rlr\/wp-content\/uploads\/2025\/06\/Taller-anual-dibujo-768x957.jpg 768w, https:\/\/radiolarioja.com.ar\/rlr\/wp-content\/uploads\/2025\/06\/Taller-anual-dibujo.jpg 1080w\" sizes=\"(max-width: 822px) 100vw, 822px\" \/><\/a><\/figure>\n\n\n\n<figure class=\"wp-block-image size-large\"><a href=\"https:\/\/radiolarioja.com.ar\/rlr\/wp-content\/uploads\/2025\/06\/Taller-anual-titeres.jpeg\"><img loading=\"lazy\" decoding=\"async\" width=\"834\" height=\"1024\" data-id=\"81521\" src=\"https:\/\/radiolarioja.com.ar\/rlr\/wp-content\/uploads\/2025\/06\/Taller-anual-titeres-834x1024.jpeg\" alt=\"\" class=\"wp-image-81521\" srcset=\"https:\/\/radiolarioja.com.ar\/rlr\/wp-content\/uploads\/2025\/06\/Taller-anual-titeres-834x1024.jpeg 834w, https:\/\/radiolarioja.com.ar\/rlr\/wp-content\/uploads\/2025\/06\/Taller-anual-titeres-244x300.jpeg 244w, https:\/\/radiolarioja.com.ar\/rlr\/wp-content\/uploads\/2025\/06\/Taller-anual-titeres-768x943.jpeg 768w, https:\/\/radiolarioja.com.ar\/rlr\/wp-content\/uploads\/2025\/06\/Taller-anual-titeres-1251x1536.jpeg 1251w, https:\/\/radiolarioja.com.ar\/rlr\/wp-content\/uploads\/2025\/06\/Taller-anual-titeres.jpeg 1303w\" sizes=\"(max-width: 834px) 100vw, 834px\" \/><\/a><\/figure>\n\n\n\n<figure class=\"wp-block-image size-large\"><a href=\"https:\/\/radiolarioja.com.ar\/rlr\/wp-content\/uploads\/2025\/06\/Concurso-Ensayo-literario_1.jpeg\"><img loading=\"lazy\" decoding=\"async\" width=\"819\" height=\"1024\" data-id=\"81524\" src=\"https:\/\/radiolarioja.com.ar\/rlr\/wp-content\/uploads\/2025\/06\/Concurso-Ensayo-literario_1-819x1024.jpeg\" alt=\"\" class=\"wp-image-81524\" srcset=\"https:\/\/radiolarioja.com.ar\/rlr\/wp-content\/uploads\/2025\/06\/Concurso-Ensayo-literario_1-819x1024.jpeg 819w, https:\/\/radiolarioja.com.ar\/rlr\/wp-content\/uploads\/2025\/06\/Concurso-Ensayo-literario_1-240x300.jpeg 240w, https:\/\/radiolarioja.com.ar\/rlr\/wp-content\/uploads\/2025\/06\/Concurso-Ensayo-literario_1-768x961.jpeg 768w, https:\/\/radiolarioja.com.ar\/rlr\/wp-content\/uploads\/2025\/06\/Concurso-Ensayo-literario_1-1228x1536.jpeg 1228w, https:\/\/radiolarioja.com.ar\/rlr\/wp-content\/uploads\/2025\/06\/Concurso-Ensayo-literario_1.jpeg 1279w\" sizes=\"(max-width: 819px) 100vw, 819px\" \/><\/a><\/figure>\n\n\n\n<figure class=\"wp-block-image size-large\"><a href=\"https:\/\/radiolarioja.com.ar\/rlr\/wp-content\/uploads\/2025\/06\/Concurso-Libro-de-poesia_1.jpeg\"><img loading=\"lazy\" decoding=\"async\" width=\"818\" height=\"1024\" data-id=\"81518\" src=\"https:\/\/radiolarioja.com.ar\/rlr\/wp-content\/uploads\/2025\/06\/Concurso-Libro-de-poesia_1-818x1024.jpeg\" alt=\"\" class=\"wp-image-81518\" srcset=\"https:\/\/radiolarioja.com.ar\/rlr\/wp-content\/uploads\/2025\/06\/Concurso-Libro-de-poesia_1-818x1024.jpeg 818w, https:\/\/radiolarioja.com.ar\/rlr\/wp-content\/uploads\/2025\/06\/Concurso-Libro-de-poesia_1-240x300.jpeg 240w, https:\/\/radiolarioja.com.ar\/rlr\/wp-content\/uploads\/2025\/06\/Concurso-Libro-de-poesia_1-768x962.jpeg 768w, https:\/\/radiolarioja.com.ar\/rlr\/wp-content\/uploads\/2025\/06\/Concurso-Libro-de-poesia_1-1227x1536.jpeg 1227w, https:\/\/radiolarioja.com.ar\/rlr\/wp-content\/uploads\/2025\/06\/Concurso-Libro-de-poesia_1.jpeg 1278w\" sizes=\"(max-width: 818px) 100vw, 818px\" \/><\/a><\/figure>\n\n\n\n<figure class=\"wp-block-image size-large\"><a href=\"https:\/\/radiolarioja.com.ar\/rlr\/wp-content\/uploads\/2025\/06\/Conv.-Art-Visuales_1.jpeg\"><img loading=\"lazy\" decoding=\"async\" width=\"834\" height=\"1024\" data-id=\"81517\" src=\"https:\/\/radiolarioja.com.ar\/rlr\/wp-content\/uploads\/2025\/06\/Conv.-Art-Visuales_1-834x1024.jpeg\" alt=\"\" class=\"wp-image-81517\" srcset=\"https:\/\/radiolarioja.com.ar\/rlr\/wp-content\/uploads\/2025\/06\/Conv.-Art-Visuales_1-834x1024.jpeg 834w, https:\/\/radiolarioja.com.ar\/rlr\/wp-content\/uploads\/2025\/06\/Conv.-Art-Visuales_1-244x300.jpeg 244w, https:\/\/radiolarioja.com.ar\/rlr\/wp-content\/uploads\/2025\/06\/Conv.-Art-Visuales_1-768x943.jpeg 768w, https:\/\/radiolarioja.com.ar\/rlr\/wp-content\/uploads\/2025\/06\/Conv.-Art-Visuales_1-1251x1536.jpeg 1251w, https:\/\/radiolarioja.com.ar\/rlr\/wp-content\/uploads\/2025\/06\/Conv.-Art-Visuales_1.jpeg 1303w\" sizes=\"(max-width: 834px) 100vw, 834px\" \/><\/a><\/figure>\n\n\n\n<figure class=\"wp-block-image size-large\"><a href=\"https:\/\/radiolarioja.com.ar\/rlr\/wp-content\/uploads\/2025\/06\/El-Anden.jpg\"><img loading=\"lazy\" decoding=\"async\" width=\"838\" height=\"1024\" data-id=\"81514\" src=\"https:\/\/radiolarioja.com.ar\/rlr\/wp-content\/uploads\/2025\/06\/El-Anden-838x1024.jpg\" alt=\"\" class=\"wp-image-81514\" srcset=\"https:\/\/radiolarioja.com.ar\/rlr\/wp-content\/uploads\/2025\/06\/El-Anden-838x1024.jpg 838w, https:\/\/radiolarioja.com.ar\/rlr\/wp-content\/uploads\/2025\/06\/El-Anden-245x300.jpg 245w, https:\/\/radiolarioja.com.ar\/rlr\/wp-content\/uploads\/2025\/06\/El-Anden-768x939.jpg 768w, https:\/\/radiolarioja.com.ar\/rlr\/wp-content\/uploads\/2025\/06\/El-Anden-1257x1536.jpg 1257w, https:\/\/radiolarioja.com.ar\/rlr\/wp-content\/uploads\/2025\/06\/El-Anden.jpg 1309w\" sizes=\"(max-width: 838px) 100vw, 838px\" \/><\/a><\/figure>\n\n\n\n<figure class=\"wp-block-image size-large\"><a href=\"https:\/\/radiolarioja.com.ar\/rlr\/wp-content\/uploads\/2025\/06\/Escuelas-en-la-Feria_1.jpeg\"><img loading=\"lazy\" decoding=\"async\" width=\"818\" height=\"1024\" data-id=\"81522\" src=\"https:\/\/radiolarioja.com.ar\/rlr\/wp-content\/uploads\/2025\/06\/Escuelas-en-la-Feria_1-818x1024.jpeg\" alt=\"\" class=\"wp-image-81522\" srcset=\"https:\/\/radiolarioja.com.ar\/rlr\/wp-content\/uploads\/2025\/06\/Escuelas-en-la-Feria_1-818x1024.jpeg 818w, https:\/\/radiolarioja.com.ar\/rlr\/wp-content\/uploads\/2025\/06\/Escuelas-en-la-Feria_1-240x300.jpeg 240w, https:\/\/radiolarioja.com.ar\/rlr\/wp-content\/uploads\/2025\/06\/Escuelas-en-la-Feria_1-768x962.jpeg 768w, https:\/\/radiolarioja.com.ar\/rlr\/wp-content\/uploads\/2025\/06\/Escuelas-en-la-Feria_1-1227x1536.jpeg 1227w, https:\/\/radiolarioja.com.ar\/rlr\/wp-content\/uploads\/2025\/06\/Escuelas-en-la-Feria_1.jpeg 1278w\" sizes=\"(max-width: 818px) 100vw, 818px\" \/><\/a><\/figure>\n\n\n\n<figure class=\"wp-block-image size-large\"><a href=\"https:\/\/radiolarioja.com.ar\/rlr\/wp-content\/uploads\/2025\/06\/Magical-tour.jpeg\"><img loading=\"lazy\" decoding=\"async\" width=\"834\" height=\"1024\" data-id=\"81519\" src=\"https:\/\/radiolarioja.com.ar\/rlr\/wp-content\/uploads\/2025\/06\/Magical-tour-834x1024.jpeg\" alt=\"\" class=\"wp-image-81519\" srcset=\"https:\/\/radiolarioja.com.ar\/rlr\/wp-content\/uploads\/2025\/06\/Magical-tour-834x1024.jpeg 834w, https:\/\/radiolarioja.com.ar\/rlr\/wp-content\/uploads\/2025\/06\/Magical-tour-244x300.jpeg 244w, https:\/\/radiolarioja.com.ar\/rlr\/wp-content\/uploads\/2025\/06\/Magical-tour-768x943.jpeg 768w, https:\/\/radiolarioja.com.ar\/rlr\/wp-content\/uploads\/2025\/06\/Magical-tour-1251x1536.jpeg 1251w, https:\/\/radiolarioja.com.ar\/rlr\/wp-content\/uploads\/2025\/06\/Magical-tour.jpeg 1303w\" sizes=\"(max-width: 834px) 100vw, 834px\" \/><\/a><\/figure>\n\n\n\n<figure class=\"wp-block-image size-large\"><a href=\"https:\/\/radiolarioja.com.ar\/rlr\/wp-content\/uploads\/2025\/06\/Capusotto.jpeg\"><img loading=\"lazy\" decoding=\"async\" width=\"834\" height=\"1024\" data-id=\"81520\" src=\"https:\/\/radiolarioja.com.ar\/rlr\/wp-content\/uploads\/2025\/06\/Capusotto-834x1024.jpeg\" alt=\"\" class=\"wp-image-81520\" srcset=\"https:\/\/radiolarioja.com.ar\/rlr\/wp-content\/uploads\/2025\/06\/Capusotto-834x1024.jpeg 834w, https:\/\/radiolarioja.com.ar\/rlr\/wp-content\/uploads\/2025\/06\/Capusotto-244x300.jpeg 244w, https:\/\/radiolarioja.com.ar\/rlr\/wp-content\/uploads\/2025\/06\/Capusotto-768x943.jpeg 768w, https:\/\/radiolarioja.com.ar\/rlr\/wp-content\/uploads\/2025\/06\/Capusotto-1251x1536.jpeg 1251w, https:\/\/radiolarioja.com.ar\/rlr\/wp-content\/uploads\/2025\/06\/Capusotto.jpeg 1303w\" sizes=\"(max-width: 834px) 100vw, 834px\" \/><\/a><\/figure>\n\n\n\n<figure class=\"wp-block-image size-large\"><a href=\"https:\/\/radiolarioja.com.ar\/rlr\/wp-content\/uploads\/2025\/06\/Culturas-Activas_1.jpeg\"><img loading=\"lazy\" decoding=\"async\" width=\"837\" height=\"1024\" data-id=\"81523\" src=\"https:\/\/radiolarioja.com.ar\/rlr\/wp-content\/uploads\/2025\/06\/Culturas-Activas_1-837x1024.jpeg\" alt=\"\" class=\"wp-image-81523\" srcset=\"https:\/\/radiolarioja.com.ar\/rlr\/wp-content\/uploads\/2025\/06\/Culturas-Activas_1-837x1024.jpeg 837w, https:\/\/radiolarioja.com.ar\/rlr\/wp-content\/uploads\/2025\/06\/Culturas-Activas_1-245x300.jpeg 245w, https:\/\/radiolarioja.com.ar\/rlr\/wp-content\/uploads\/2025\/06\/Culturas-Activas_1-768x939.jpeg 768w, https:\/\/radiolarioja.com.ar\/rlr\/wp-content\/uploads\/2025\/06\/Culturas-Activas_1-1256x1536.jpeg 1256w, https:\/\/radiolarioja.com.ar\/rlr\/wp-content\/uploads\/2025\/06\/Culturas-Activas_1.jpeg 1308w\" sizes=\"(max-width: 837px) 100vw, 837px\" \/><\/a><\/figure>\n<\/figure>\n","protected":false},"excerpt":{"rendered":"<p>Agenda cultural de la Secretar\u00eda de Culturas El Gobierno de La Rioja, a trav\u00e9s de su Secretar\u00eda de<\/p>\n","protected":false},"author":2,"featured_media":81516,"comment_status":"open","ping_status":"open","sticky":false,"template":"","format":"image","meta":{"footnotes":""},"categories":[12],"tags":[],"class_list":["post-81513","post","type-post","status-publish","format-image","has-post-thumbnail","hentry","category-local","post_format-post-format-image"],"featured_image_urls":{"full":["https:\/\/radiolarioja.com.ar\/rlr\/wp-content\/uploads\/2025\/06\/Espacio-73.jpeg",1600,1600,false],"thumbnail":["https:\/\/radiolarioja.com.ar\/rlr\/wp-content\/uploads\/2025\/06\/Espacio-73-150x150.jpeg",150,150,true],"medium":["https:\/\/radiolarioja.com.ar\/rlr\/wp-content\/uploads\/2025\/06\/Espacio-73-300x300.jpeg",300,300,true],"medium_large":["https:\/\/radiolarioja.com.ar\/rlr\/wp-content\/uploads\/2025\/06\/Espacio-73-768x768.jpeg",640,640,true],"large":["https:\/\/radiolarioja.com.ar\/rlr\/wp-content\/uploads\/2025\/06\/Espacio-73-1024x1024.jpeg",640,640,true],"1536x1536":["https:\/\/radiolarioja.com.ar\/rlr\/wp-content\/uploads\/2025\/06\/Espacio-73-1536x1536.jpeg",1536,1536,true],"2048x2048":["https:\/\/radiolarioja.com.ar\/rlr\/wp-content\/uploads\/2025\/06\/Espacio-73.jpeg",1600,1600,false],"morenews-large":["https:\/\/radiolarioja.com.ar\/rlr\/wp-content\/uploads\/2025\/06\/Espacio-73.jpeg",575,575,false],"morenews-medium":["https:\/\/radiolarioja.com.ar\/rlr\/wp-content\/uploads\/2025\/06\/Espacio-73.jpeg",410,410,false]},"author_info":{"info":["RadioLaRioja"]},"category_info":"<a href=\"https:\/\/radiolarioja.com.ar\/rlr\/category\/local\/\" rel=\"category tag\">Local<\/a>","tag_info":"Local","comment_count":"0","_links":{"self":[{"href":"https:\/\/radiolarioja.com.ar\/rlr\/wp-json\/wp\/v2\/posts\/81513","targetHints":{"allow":["GET"]}}],"collection":[{"href":"https:\/\/radiolarioja.com.ar\/rlr\/wp-json\/wp\/v2\/posts"}],"about":[{"href":"https:\/\/radiolarioja.com.ar\/rlr\/wp-json\/wp\/v2\/types\/post"}],"author":[{"embeddable":true,"href":"https:\/\/radiolarioja.com.ar\/rlr\/wp-json\/wp\/v2\/users\/2"}],"replies":[{"embeddable":true,"href":"https:\/\/radiolarioja.com.ar\/rlr\/wp-json\/wp\/v2\/comments?post=81513"}],"version-history":[{"count":1,"href":"https:\/\/radiolarioja.com.ar\/rlr\/wp-json\/wp\/v2\/posts\/81513\/revisions"}],"predecessor-version":[{"id":81526,"href":"https:\/\/radiolarioja.com.ar\/rlr\/wp-json\/wp\/v2\/posts\/81513\/revisions\/81526"}],"wp:featuredmedia":[{"embeddable":true,"href":"https:\/\/radiolarioja.com.ar\/rlr\/wp-json\/wp\/v2\/media\/81516"}],"wp:attachment":[{"href":"https:\/\/radiolarioja.com.ar\/rlr\/wp-json\/wp\/v2\/media?parent=81513"}],"wp:term":[{"taxonomy":"category","embeddable":true,"href":"https:\/\/radiolarioja.com.ar\/rlr\/wp-json\/wp\/v2\/categories?post=81513"},{"taxonomy":"post_tag","embeddable":true,"href":"https:\/\/radiolarioja.com.ar\/rlr\/wp-json\/wp\/v2\/tags?post=81513"}],"curies":[{"name":"wp","href":"https:\/\/api.w.org\/{rel}","templated":true}]}}