{"id":81507,"date":"2025-06-05T22:16:25","date_gmt":"2025-06-06T01:16:25","guid":{"rendered":"https:\/\/radiolarioja.com.ar\/rlr\/?p=81507"},"modified":"2025-06-05T22:16:26","modified_gmt":"2025-06-06T01:16:26","slug":"se-realizo-la-segunda-clase-de-la-escuela-superior-peronista-organizada-por-la-juventud-sindical-peronista-y-la-cgt-regional-la-rioja","status":"publish","type":"post","link":"https:\/\/radiolarioja.com.ar\/rlr\/se-realizo-la-segunda-clase-de-la-escuela-superior-peronista-organizada-por-la-juventud-sindical-peronista-y-la-cgt-regional-la-rioja\/","title":{"rendered":"Se realiz\u00f3 la segunda clase de la Escuela Superior Peronista organizada por la Juventud Sindical Peronista y la CGT Regional La Rioja"},"content":{"rendered":"\n<p>En la ma\u00f1ana de hoy se realizo en salon Coty Agost Carre\u00f1o la segunda clase de la Escuela Superior Peronista organizada por la Juventud Sindical Peronista y la CGT Regional La Rioja.<br>Dicho encuentro cont\u00f3 con la presencia del Secretario General de la Juventud Sindical Peronista a nivel Nacional Sebasti\u00e1n Maturano.<br>La disertaci\u00f3n estuvo a cargo de la Rectora de UNLAR Dra. Natalia \u00c1lvarez G\u00f3mez.<br>La clase cont\u00f3 con un auditorio de 180 participantes presenciales y de aproximadamente 500 j\u00f3venes sindicales que siguieron el evento virtualmente.<br>El secretariado de la CGT Riojana expreso su satisfacci\u00f3n por la concreci\u00f3n y \u00e9xito de la clase.<br>En horas de la tarde siguiendo con la actividad cegetista tuvo lugar en la sede de la Regional La Rioja la Normalizaci\u00f3n de Juventud Sindical Peronista quedando a cargo de secretario general de La Juventud Sindical Peronista Riojana Marcos Romero del Gremio UPCN<\/p>\n\n\n\n<figure class=\"wp-block-image size-large\"><a href=\"https:\/\/radiolarioja.com.ar\/rlr\/wp-content\/uploads\/2025\/06\/WhatsApp-Image-2025-06-05-at-22.14.00.jpeg\"><img fetchpriority=\"high\" decoding=\"async\" width=\"1024\" height=\"595\" src=\"https:\/\/radiolarioja.com.ar\/rlr\/wp-content\/uploads\/2025\/06\/WhatsApp-Image-2025-06-05-at-22.14.00-1024x595.jpeg\" alt=\"\" class=\"wp-image-81508\" srcset=\"https:\/\/radiolarioja.com.ar\/rlr\/wp-content\/uploads\/2025\/06\/WhatsApp-Image-2025-06-05-at-22.14.00-1024x595.jpeg 1024w, https:\/\/radiolarioja.com.ar\/rlr\/wp-content\/uploads\/2025\/06\/WhatsApp-Image-2025-06-05-at-22.14.00-300x174.jpeg 300w, https:\/\/radiolarioja.com.ar\/rlr\/wp-content\/uploads\/2025\/06\/WhatsApp-Image-2025-06-05-at-22.14.00-768x446.jpeg 768w, https:\/\/radiolarioja.com.ar\/rlr\/wp-content\/uploads\/2025\/06\/WhatsApp-Image-2025-06-05-at-22.14.00-1536x892.jpeg 1536w, https:\/\/radiolarioja.com.ar\/rlr\/wp-content\/uploads\/2025\/06\/WhatsApp-Image-2025-06-05-at-22.14.00.jpeg 1600w\" sizes=\"(max-width: 1024px) 100vw, 1024px\" \/><\/a><\/figure>\n","protected":false},"excerpt":{"rendered":"<p>En la ma\u00f1ana de hoy se realizo en salon Coty Agost Carre\u00f1o la segunda clase de la Escuela<\/p>\n","protected":false},"author":2,"featured_media":81508,"comment_status":"open","ping_status":"open","sticky":false,"template":"","format":"image","meta":{"footnotes":""},"categories":[12],"tags":[],"class_list":["post-81507","post","type-post","status-publish","format-image","has-post-thumbnail","hentry","category-local","post_format-post-format-image"],"featured_image_urls":{"full":["https:\/\/radiolarioja.com.ar\/rlr\/wp-content\/uploads\/2025\/06\/WhatsApp-Image-2025-06-05-at-22.14.00.jpeg",1600,929,false],"thumbnail":["https:\/\/radiolarioja.com.ar\/rlr\/wp-content\/uploads\/2025\/06\/WhatsApp-Image-2025-06-05-at-22.14.00-150x150.jpeg",150,150,true],"medium":["https:\/\/radiolarioja.com.ar\/rlr\/wp-content\/uploads\/2025\/06\/WhatsApp-Image-2025-06-05-at-22.14.00-300x174.jpeg",300,174,true],"medium_large":["https:\/\/radiolarioja.com.ar\/rlr\/wp-content\/uploads\/2025\/06\/WhatsApp-Image-2025-06-05-at-22.14.00-768x446.jpeg",640,372,true],"large":["https:\/\/radiolarioja.com.ar\/rlr\/wp-content\/uploads\/2025\/06\/WhatsApp-Image-2025-06-05-at-22.14.00-1024x595.jpeg",640,372,true],"1536x1536":["https:\/\/radiolarioja.com.ar\/rlr\/wp-content\/uploads\/2025\/06\/WhatsApp-Image-2025-06-05-at-22.14.00-1536x892.jpeg",1536,892,true],"2048x2048":["https:\/\/radiolarioja.com.ar\/rlr\/wp-content\/uploads\/2025\/06\/WhatsApp-Image-2025-06-05-at-22.14.00.jpeg",1600,929,false],"morenews-large":["https:\/\/radiolarioja.com.ar\/rlr\/wp-content\/uploads\/2025\/06\/WhatsApp-Image-2025-06-05-at-22.14.00.jpeg",825,479,false],"morenews-medium":["https:\/\/radiolarioja.com.ar\/rlr\/wp-content\/uploads\/2025\/06\/WhatsApp-Image-2025-06-05-at-22.14.00.jpeg",590,343,false]},"author_info":{"info":["RadioLaRioja"]},"category_info":"<a href=\"https:\/\/radiolarioja.com.ar\/rlr\/category\/local\/\" rel=\"category tag\">Local<\/a>","tag_info":"Local","comment_count":"0","_links":{"self":[{"href":"https:\/\/radiolarioja.com.ar\/rlr\/wp-json\/wp\/v2\/posts\/81507","targetHints":{"allow":["GET"]}}],"collection":[{"href":"https:\/\/radiolarioja.com.ar\/rlr\/wp-json\/wp\/v2\/posts"}],"about":[{"href":"https:\/\/radiolarioja.com.ar\/rlr\/wp-json\/wp\/v2\/types\/post"}],"author":[{"embeddable":true,"href":"https:\/\/radiolarioja.com.ar\/rlr\/wp-json\/wp\/v2\/users\/2"}],"replies":[{"embeddable":true,"href":"https:\/\/radiolarioja.com.ar\/rlr\/wp-json\/wp\/v2\/comments?post=81507"}],"version-history":[{"count":1,"href":"https:\/\/radiolarioja.com.ar\/rlr\/wp-json\/wp\/v2\/posts\/81507\/revisions"}],"predecessor-version":[{"id":81509,"href":"https:\/\/radiolarioja.com.ar\/rlr\/wp-json\/wp\/v2\/posts\/81507\/revisions\/81509"}],"wp:featuredmedia":[{"embeddable":true,"href":"https:\/\/radiolarioja.com.ar\/rlr\/wp-json\/wp\/v2\/media\/81508"}],"wp:attachment":[{"href":"https:\/\/radiolarioja.com.ar\/rlr\/wp-json\/wp\/v2\/media?parent=81507"}],"wp:term":[{"taxonomy":"category","embeddable":true,"href":"https:\/\/radiolarioja.com.ar\/rlr\/wp-json\/wp\/v2\/categories?post=81507"},{"taxonomy":"post_tag","embeddable":true,"href":"https:\/\/radiolarioja.com.ar\/rlr\/wp-json\/wp\/v2\/tags?post=81507"}],"curies":[{"name":"wp","href":"https:\/\/api.w.org\/{rel}","templated":true}]}}