{"id":81492,"date":"2025-06-05T07:03:54","date_gmt":"2025-06-05T10:03:54","guid":{"rendered":"https:\/\/radiolarioja.com.ar\/rlr\/?p=81492"},"modified":"2025-06-05T07:03:55","modified_gmt":"2025-06-05T10:03:55","slug":"10-edicion-de-la-caminata-ecologica-una-propuesta-que-promueve-la-conciencia-ambiental","status":"publish","type":"post","link":"https:\/\/radiolarioja.com.ar\/rlr\/10-edicion-de-la-caminata-ecologica-una-propuesta-que-promueve-la-conciencia-ambiental\/","title":{"rendered":"10\u00b0 edici\u00f3n de la Caminata Ecol\u00f3gica, una propuesta que promueve la conciencia ambiental"},"content":{"rendered":"\n<p>SE VIENE LA DECIMA CAMINATA ECOL\u00d3GICA\u00bb<br>Generadores de conciencia, protectores de nuestra Casa Com\u00fan.<\/p>\n\n\n\n<p>Este Jueves 5 de junio, en el marco del D\u00eda Mundial del Medio Ambiente, se llevar\u00e1 a cabo<br>la 10\u00b0 edici\u00f3n de la Caminata Ecol\u00f3gica, una propuesta que promueve la conciencia ambiental a<br>trav\u00e9s de la recolecci\u00f3n de residuos reciclables en espacios p\u00fablicos. Este a\u00f1o, por primera vez, la<br>actividad se realizar\u00e1 a nivel provincial, con participaci\u00f3n de distintos municipios e instituciones<br>educativas de todos los niveles.<\/p>\n\n\n\n<p>La iniciativa fue presentada en una conferencia de prensa en donde participaron diferentes<br>medios de la provincia en el Sal\u00f3n Blanco de Casa de Gobierno, donde se present\u00f3 la organizaci\u00f3n<br>de la actividad,<br>\u00abLa caminata se realizar\u00e1 este 5 de junio desde las 16 horas, con salida desde cuatro puntos<br>estrat\u00e9gicos de la ciudad Capital, en referencia a los cuatro puntos cardinales: en la zona sur,<br>desde el Centro de Educaci\u00f3n F\u00edsica N&#8217;5; en la zona este, desde el Portal de San Nicol\u00e1s; en la<br>zona norte, desde Polideportivo de Vargas; y en la zona oeste, desde la entrada del barrio 4 de<br>Junio\u00bb.<\/p>\n\n\n\n<p>\u00abEsta 10ma edici\u00f3n de la Caminata Ecol\u00f3gica, que este a\u00f1o se realizara a nivel provincial, en las<br>localidades de Aimogasta, Chamical, Olta, Catuna, Milagro y Villa Uni\u00f3n, gracias al apoyo de<br>instituciones educativas, la Universidad Nacional de La Rioja, Universidad Barcel\u00f3, Intendentes y<br>diversas \u00e1reas municipales y provinciales.\u00bb<\/p>\n\n\n\n<p>\u00abComentarles tambi\u00e9n que este a\u00f1o, gracias a la ayuda de la c\u00e1mara de Diputados y nuestra<br>Vicegornadora se declara de inter\u00e9s provincial y, conjuntamente UnLaR y Barcel\u00f3 declarada de<br>inter\u00e9s acad\u00e9mico e inter\u00e9s extensionista\u00bb explic\u00f3 Lara, integrante de FUNLARE<\/p>\n\n\n\n<p>La propuesta consiste en recorrer diferentes barrios recogiendo residuos en la v\u00eda p\u00fablica, al<br>mismo tiempo que se trabaja junto a vecinos\/as y comerciantes que colaboran entregando<br>materiales reciclables desde sus hogares. El recorrido culminar\u00e1 en la Plaza 25 de Mayo, donde<br>habr\u00e1 stands, instituciones educativas, centros vecinales y organizaciones que mostrar\u00e1n sus<br>proyectos y acciones en beneficio del medio ambiente,<\/p>\n\n\n\n<p>Desde la organizaci\u00f3n invitan a toda la comunidad a sumarse, con ropa c\u00f3moda, guantes y muchas<br>ganas de participar de una jornada que combina acci\u00f3n ambiental, participaci\u00f3n ciudadana y<br>educaci\u00f3n ecol\u00f3gica.<\/p>\n\n\n\n<figure class=\"wp-block-gallery has-nested-images columns-default is-cropped wp-block-gallery-1 is-layout-flex wp-block-gallery-is-layout-flex\">\n<figure class=\"wp-block-image size-large\"><a href=\"https:\/\/radiolarioja.com.ar\/rlr\/wp-content\/uploads\/2025\/06\/1002009903.jpg\"><img fetchpriority=\"high\" decoding=\"async\" width=\"806\" height=\"1024\" data-id=\"81493\" src=\"https:\/\/radiolarioja.com.ar\/rlr\/wp-content\/uploads\/2025\/06\/1002009903-806x1024.jpg\" alt=\"\" class=\"wp-image-81493\" srcset=\"https:\/\/radiolarioja.com.ar\/rlr\/wp-content\/uploads\/2025\/06\/1002009903-806x1024.jpg 806w, https:\/\/radiolarioja.com.ar\/rlr\/wp-content\/uploads\/2025\/06\/1002009903-236x300.jpg 236w, https:\/\/radiolarioja.com.ar\/rlr\/wp-content\/uploads\/2025\/06\/1002009903-768x976.jpg 768w, https:\/\/radiolarioja.com.ar\/rlr\/wp-content\/uploads\/2025\/06\/1002009903.jpg 1080w\" sizes=\"(max-width: 806px) 100vw, 806px\" \/><\/a><\/figure>\n\n\n\n<figure class=\"wp-block-image size-large\"><a href=\"https:\/\/radiolarioja.com.ar\/rlr\/wp-content\/uploads\/2025\/06\/1002009906.jpg\"><img decoding=\"async\" width=\"1024\" height=\"1024\" data-id=\"81494\" src=\"https:\/\/radiolarioja.com.ar\/rlr\/wp-content\/uploads\/2025\/06\/1002009906-1024x1024.jpg\" alt=\"\" class=\"wp-image-81494\" srcset=\"https:\/\/radiolarioja.com.ar\/rlr\/wp-content\/uploads\/2025\/06\/1002009906-1024x1024.jpg 1024w, https:\/\/radiolarioja.com.ar\/rlr\/wp-content\/uploads\/2025\/06\/1002009906-300x300.jpg 300w, https:\/\/radiolarioja.com.ar\/rlr\/wp-content\/uploads\/2025\/06\/1002009906-150x150.jpg 150w, https:\/\/radiolarioja.com.ar\/rlr\/wp-content\/uploads\/2025\/06\/1002009906-768x768.jpg 768w, https:\/\/radiolarioja.com.ar\/rlr\/wp-content\/uploads\/2025\/06\/1002009906.jpg 1080w\" sizes=\"(max-width: 1024px) 100vw, 1024px\" \/><\/a><\/figure>\n\n\n\n<figure class=\"wp-block-image size-large\"><a href=\"https:\/\/radiolarioja.com.ar\/rlr\/wp-content\/uploads\/2025\/06\/1002009909.jpg\"><img decoding=\"async\" width=\"1024\" height=\"1024\" data-id=\"81496\" src=\"https:\/\/radiolarioja.com.ar\/rlr\/wp-content\/uploads\/2025\/06\/1002009909-1024x1024.jpg\" alt=\"\" class=\"wp-image-81496\" srcset=\"https:\/\/radiolarioja.com.ar\/rlr\/wp-content\/uploads\/2025\/06\/1002009909-1024x1024.jpg 1024w, https:\/\/radiolarioja.com.ar\/rlr\/wp-content\/uploads\/2025\/06\/1002009909-300x300.jpg 300w, https:\/\/radiolarioja.com.ar\/rlr\/wp-content\/uploads\/2025\/06\/1002009909-150x150.jpg 150w, https:\/\/radiolarioja.com.ar\/rlr\/wp-content\/uploads\/2025\/06\/1002009909-768x768.jpg 768w, https:\/\/radiolarioja.com.ar\/rlr\/wp-content\/uploads\/2025\/06\/1002009909.jpg 1080w\" sizes=\"(max-width: 1024px) 100vw, 1024px\" \/><\/a><\/figure>\n\n\n\n<figure class=\"wp-block-image size-large\"><a href=\"https:\/\/radiolarioja.com.ar\/rlr\/wp-content\/uploads\/2025\/06\/1002009911.jpg\"><img loading=\"lazy\" decoding=\"async\" width=\"724\" height=\"1024\" data-id=\"81495\" src=\"https:\/\/radiolarioja.com.ar\/rlr\/wp-content\/uploads\/2025\/06\/1002009911-724x1024.jpg\" alt=\"\" class=\"wp-image-81495\" srcset=\"https:\/\/radiolarioja.com.ar\/rlr\/wp-content\/uploads\/2025\/06\/1002009911-724x1024.jpg 724w, https:\/\/radiolarioja.com.ar\/rlr\/wp-content\/uploads\/2025\/06\/1002009911-212x300.jpg 212w, https:\/\/radiolarioja.com.ar\/rlr\/wp-content\/uploads\/2025\/06\/1002009911-768x1087.jpg 768w, https:\/\/radiolarioja.com.ar\/rlr\/wp-content\/uploads\/2025\/06\/1002009911.jpg 1080w\" sizes=\"(max-width: 724px) 100vw, 724px\" \/><\/a><\/figure>\n\n\n\n<figure class=\"wp-block-image size-large\"><a href=\"https:\/\/radiolarioja.com.ar\/rlr\/wp-content\/uploads\/2025\/06\/1002009915.jpg\"><img loading=\"lazy\" decoding=\"async\" width=\"1024\" height=\"1024\" data-id=\"81498\" src=\"https:\/\/radiolarioja.com.ar\/rlr\/wp-content\/uploads\/2025\/06\/1002009915-1024x1024.jpg\" alt=\"\" class=\"wp-image-81498\" srcset=\"https:\/\/radiolarioja.com.ar\/rlr\/wp-content\/uploads\/2025\/06\/1002009915-1024x1024.jpg 1024w, https:\/\/radiolarioja.com.ar\/rlr\/wp-content\/uploads\/2025\/06\/1002009915-300x300.jpg 300w, https:\/\/radiolarioja.com.ar\/rlr\/wp-content\/uploads\/2025\/06\/1002009915-150x150.jpg 150w, https:\/\/radiolarioja.com.ar\/rlr\/wp-content\/uploads\/2025\/06\/1002009915-768x768.jpg 768w, https:\/\/radiolarioja.com.ar\/rlr\/wp-content\/uploads\/2025\/06\/1002009915.jpg 1080w\" sizes=\"(max-width: 1024px) 100vw, 1024px\" \/><\/a><\/figure>\n\n\n\n<figure class=\"wp-block-image size-large\"><a href=\"https:\/\/radiolarioja.com.ar\/rlr\/wp-content\/uploads\/2025\/06\/1002009918.jpg\"><img loading=\"lazy\" decoding=\"async\" width=\"1024\" height=\"1024\" data-id=\"81497\" src=\"https:\/\/radiolarioja.com.ar\/rlr\/wp-content\/uploads\/2025\/06\/1002009918-1024x1024.jpg\" alt=\"\" class=\"wp-image-81497\" srcset=\"https:\/\/radiolarioja.com.ar\/rlr\/wp-content\/uploads\/2025\/06\/1002009918-1024x1024.jpg 1024w, https:\/\/radiolarioja.com.ar\/rlr\/wp-content\/uploads\/2025\/06\/1002009918-300x300.jpg 300w, https:\/\/radiolarioja.com.ar\/rlr\/wp-content\/uploads\/2025\/06\/1002009918-150x150.jpg 150w, https:\/\/radiolarioja.com.ar\/rlr\/wp-content\/uploads\/2025\/06\/1002009918-768x768.jpg 768w, https:\/\/radiolarioja.com.ar\/rlr\/wp-content\/uploads\/2025\/06\/1002009918.jpg 1080w\" sizes=\"(max-width: 1024px) 100vw, 1024px\" \/><\/a><\/figure>\n<\/figure>\n","protected":false},"excerpt":{"rendered":"<p>SE VIENE LA DECIMA CAMINATA ECOL\u00d3GICA\u00bbGeneradores de conciencia, protectores de nuestra Casa Com\u00fan. Este Jueves 5 de junio,<\/p>\n","protected":false},"author":2,"featured_media":81493,"comment_status":"open","ping_status":"open","sticky":false,"template":"","format":"image","meta":{"footnotes":""},"categories":[12],"tags":[],"class_list":["post-81492","post","type-post","status-publish","format-image","has-post-thumbnail","hentry","category-local","post_format-post-format-image"],"featured_image_urls":{"full":["https:\/\/radiolarioja.com.ar\/rlr\/wp-content\/uploads\/2025\/06\/1002009903.jpg",1080,1372,false],"thumbnail":["https:\/\/radiolarioja.com.ar\/rlr\/wp-content\/uploads\/2025\/06\/1002009903-150x150.jpg",150,150,true],"medium":["https:\/\/radiolarioja.com.ar\/rlr\/wp-content\/uploads\/2025\/06\/1002009903-236x300.jpg",236,300,true],"medium_large":["https:\/\/radiolarioja.com.ar\/rlr\/wp-content\/uploads\/2025\/06\/1002009903-768x976.jpg",640,813,true],"large":["https:\/\/radiolarioja.com.ar\/rlr\/wp-content\/uploads\/2025\/06\/1002009903-806x1024.jpg",640,813,true],"1536x1536":["https:\/\/radiolarioja.com.ar\/rlr\/wp-content\/uploads\/2025\/06\/1002009903.jpg",1080,1372,false],"2048x2048":["https:\/\/radiolarioja.com.ar\/rlr\/wp-content\/uploads\/2025\/06\/1002009903.jpg",1080,1372,false],"morenews-large":["https:\/\/radiolarioja.com.ar\/rlr\/wp-content\/uploads\/2025\/06\/1002009903.jpg",453,575,false],"morenews-medium":["https:\/\/radiolarioja.com.ar\/rlr\/wp-content\/uploads\/2025\/06\/1002009903.jpg",323,410,false]},"author_info":{"info":["RadioLaRioja"]},"category_info":"<a href=\"https:\/\/radiolarioja.com.ar\/rlr\/category\/local\/\" rel=\"category tag\">Local<\/a>","tag_info":"Local","comment_count":"0","_links":{"self":[{"href":"https:\/\/radiolarioja.com.ar\/rlr\/wp-json\/wp\/v2\/posts\/81492","targetHints":{"allow":["GET"]}}],"collection":[{"href":"https:\/\/radiolarioja.com.ar\/rlr\/wp-json\/wp\/v2\/posts"}],"about":[{"href":"https:\/\/radiolarioja.com.ar\/rlr\/wp-json\/wp\/v2\/types\/post"}],"author":[{"embeddable":true,"href":"https:\/\/radiolarioja.com.ar\/rlr\/wp-json\/wp\/v2\/users\/2"}],"replies":[{"embeddable":true,"href":"https:\/\/radiolarioja.com.ar\/rlr\/wp-json\/wp\/v2\/comments?post=81492"}],"version-history":[{"count":1,"href":"https:\/\/radiolarioja.com.ar\/rlr\/wp-json\/wp\/v2\/posts\/81492\/revisions"}],"predecessor-version":[{"id":81499,"href":"https:\/\/radiolarioja.com.ar\/rlr\/wp-json\/wp\/v2\/posts\/81492\/revisions\/81499"}],"wp:featuredmedia":[{"embeddable":true,"href":"https:\/\/radiolarioja.com.ar\/rlr\/wp-json\/wp\/v2\/media\/81493"}],"wp:attachment":[{"href":"https:\/\/radiolarioja.com.ar\/rlr\/wp-json\/wp\/v2\/media?parent=81492"}],"wp:term":[{"taxonomy":"category","embeddable":true,"href":"https:\/\/radiolarioja.com.ar\/rlr\/wp-json\/wp\/v2\/categories?post=81492"},{"taxonomy":"post_tag","embeddable":true,"href":"https:\/\/radiolarioja.com.ar\/rlr\/wp-json\/wp\/v2\/tags?post=81492"}],"curies":[{"name":"wp","href":"https:\/\/api.w.org\/{rel}","templated":true}]}}