{"id":81485,"date":"2025-06-03T22:08:50","date_gmt":"2025-06-04T01:08:50","guid":{"rendered":"https:\/\/radiolarioja.com.ar\/rlr\/?p=81485"},"modified":"2025-06-03T22:08:53","modified_gmt":"2025-06-04T01:08:53","slug":"quintela-junto-a-veintitres-gobernadores-alzan-la-voz-en-reclamos-por-obra-publica-y-coparticipacion","status":"publish","type":"post","link":"https:\/\/radiolarioja.com.ar\/rlr\/quintela-junto-a-veintitres-gobernadores-alzan-la-voz-en-reclamos-por-obra-publica-y-coparticipacion\/","title":{"rendered":"QUINTELA JUNTO A VEINTITRES GOBERNADORES ALZAN LA VOZ EN RECLAMOS POR OBRA P\u00daBLICA Y COPARTICIPACI\u00d3N"},"content":{"rendered":"\n<p>Se reunieron en el Consejo Federal de Inversiones (CFI). All\u00ed cuestionaron la falta de obra p\u00fablica, la ca\u00edda de la recaudaci\u00f3n con impacto directo en la coparticipaci\u00f3n y piden reunirse con la administraci\u00f3n Milei para plantear temas fiscales e impositivos.<br><br><strong>23 gobernadores de diferentes espacios pol\u00edticos, incluido el riojano Ricardo Quintela,<\/strong> se reunieron en la sede en Capital Federal del Consejo Federal de Inversiones (CFI) para sentar posici\u00f3n ante Naci\u00f3n, entre otros aspectos, por la ca\u00edda en los fondos de coparticipaci\u00f3n federal y la falta de obra p\u00fablica.<br>El encuentro se dio bajo el planteo de \u201cnuevas fuentes de financiamiento para el desarrollo de una infraestructura federal\u201d y fue presidido por <strong>Ignacio Lamothe<\/strong>, titular del CFI .<br>A los gobernadores los empuj\u00f3 la preocupaci\u00f3n por la falta de <strong>obras p\u00fablicas<\/strong> y porque ven que la <strong>reactivaci\u00f3n es m\u00e1s lenta de lo estimado e impacta directamente en sus<\/strong> <strong>recaudaciones<\/strong>. El riojano es uno de los m\u00e1s cr\u00edticos de la gesti\u00f3n Milei y de hecho considera su gesti\u00f3n \u00abun desastre\u00bb, adem\u00e1s de tener judicializados reclamos como por ejemplo por los fondos extracoparticipables.<br>Del encuentro participaron \u2013 de manera presencial \u2013 <strong>Axel Kicillof<\/strong> (Buenos Aires), <strong>Jorge Macri <\/strong>(CABA), <strong>Leandro Zdero <\/strong>(Chaco), <strong>Ignacio Torres <\/strong>(Chubut), Mart\u00edn Llaryora (C\u00f3rdoba), <strong>Rogelio Frigerio<\/strong> (Entre R\u00edos), Gildo Isfr\u00e1n (Formosa), <strong>Carlos Sadir<\/strong> (Jujuy), <strong>Sergio Ziliotto <\/strong>(La Pampa), <strong>Ricardo Quintela<\/strong> (La Rioja), <strong>Rolando Figueroa <\/strong>(Neuqu\u00e9n), <strong>Alberto Weretilneck<\/strong> (R\u00edo Negro), <strong>Gustavo S\u00e1enz <\/strong>(Salta), <strong>Marcelo Orrego<\/strong> (San Juan), <strong>Claudio Poggi<\/strong> (San Luis), <strong>Maximiliano Pullaro <\/strong>(Santa Fe), <strong>Gerardo Zamora<\/strong> (Santiago del Estero), <strong>Gustavo Melella<\/strong> (Tierra del Fuego, Ant\u00e1rtida e Islas del Atl\u00e1ntico Sur).<br>Por su parte, <strong>Alfredo Cornejo<\/strong> (Mendoza), <strong>Hugo Passalacqua <\/strong>(Misiones), <strong>Osvaldo Jaldo <\/strong>(Tucum\u00e1n) y <strong>Ra\u00fal Jalil<\/strong> (Catamarca) dijeron presentes de manera virtual.<br><br>\u201cEl Gobierno plantea la discusi\u00f3n de una reforma fiscal. Eso tiene una contraparte, que somos los Estados subsoberanos. Las provincias somos vinculantes en muchas de esas reformas. La idea es reflotar el esp\u00edritu de lo que fue el Pacto de Mayo y dar esa discusi\u00f3n en conjunto con el Gobierno nacional, solicitar una audiencia y que en esa audiencia veamos punto por punto hacia d\u00f3nde queremos ir\u201d, anunci\u00f3 el chubutense Ignacio Torres, quien ofici\u00f3 de vocero de los gobernadores.<br>Luego, agreg\u00f3 que \u201csi vamos a una reforma fiscal, el rol de las provincias tiene que estar mancomunado en lo que plantee una eventual ley\u201d, al recordar que las leyes en materia tributaria requieren mayor\u00eda absoluta para ser aprobadas en el Congreso y no pueden instrumentarse por decreto.<br>El chubutense tambi\u00e9n aclar\u00f3 que ninguno de los gobernadores est\u00e1 en contra de sostener el equilibrio fiscal (\u201cTiene que quedar grabado a fuego en nuestro pa\u00eds\u201d, dijo), pero reclam\u00f3 \u201ctrabajar de una vez por todas en serio en una reforma que es necesaria para la Argentina\u201d, al advertir que \u201clamentablemente tenemos cada dos a\u00f1os elecciones que desvirt\u00faan la discusi\u00f3n\u201d.<br>\u201cHay vocaci\u00f3n y hay voluntad. No es com\u00fan que todos los gobernadores nos sentemos, no es com\u00fan que todos los gobernadores digamos \u2018paremos la pelota, sent\u00e9monos con el Gobierno nacional y empecemos a hacer un trabajo serio, con madurez dirigencial, para ir hacia un pa\u00eds normal\u2019\u201d, resalt\u00f3 Torres.<br>M\u00e1s all\u00e1 de esta voluntad general, el mandatario patag\u00f3nico reconoci\u00f3 que hay posiciones encontradas entre los gobernadores respecto del llamado \u201cs\u00faper IVA\u201d, la iniciativa oficial para que haya un nivel unificado que cobrar\u00e1 la Naci\u00f3n, y que luego las provincias sumen un porcentaje suyo para llegar a la al\u00edcuota final, con el fin de que los distritos compitan entre s\u00ed por inversiones.<br>\u201cEl punto en com\u00fan es que Argentina para crecer necesita menos presi\u00f3n fiscal, pero tambi\u00e9n necesita un esquema de ejecuci\u00f3n geogr\u00e1fica de los recursos que sea m\u00e1s justo\u201d, especific\u00f3 Torres.<\/p>\n\n\n\n<figure class=\"wp-block-image size-large\"><a href=\"https:\/\/radiolarioja.com.ar\/rlr\/wp-content\/uploads\/2025\/06\/GshrySCXkAA8Yfu-e1748978934197-1200x545_c.jpg\"><img fetchpriority=\"high\" decoding=\"async\" width=\"1024\" height=\"465\" src=\"https:\/\/radiolarioja.com.ar\/rlr\/wp-content\/uploads\/2025\/06\/GshrySCXkAA8Yfu-e1748978934197-1200x545_c-1024x465.jpg\" alt=\"\" class=\"wp-image-81486\" srcset=\"https:\/\/radiolarioja.com.ar\/rlr\/wp-content\/uploads\/2025\/06\/GshrySCXkAA8Yfu-e1748978934197-1200x545_c-1024x465.jpg 1024w, https:\/\/radiolarioja.com.ar\/rlr\/wp-content\/uploads\/2025\/06\/GshrySCXkAA8Yfu-e1748978934197-1200x545_c-300x136.jpg 300w, https:\/\/radiolarioja.com.ar\/rlr\/wp-content\/uploads\/2025\/06\/GshrySCXkAA8Yfu-e1748978934197-1200x545_c-768x349.jpg 768w, https:\/\/radiolarioja.com.ar\/rlr\/wp-content\/uploads\/2025\/06\/GshrySCXkAA8Yfu-e1748978934197-1200x545_c.jpg 1200w\" sizes=\"(max-width: 1024px) 100vw, 1024px\" \/><\/a><\/figure>\n","protected":false},"excerpt":{"rendered":"<p>Se reunieron en el Consejo Federal de Inversiones (CFI). All\u00ed cuestionaron la falta de obra p\u00fablica, la ca\u00edda<\/p>\n","protected":false},"author":2,"featured_media":81486,"comment_status":"open","ping_status":"open","sticky":false,"template":"","format":"image","meta":{"footnotes":""},"categories":[12],"tags":[],"class_list":["post-81485","post","type-post","status-publish","format-image","has-post-thumbnail","hentry","category-local","post_format-post-format-image"],"featured_image_urls":{"full":["https:\/\/radiolarioja.com.ar\/rlr\/wp-content\/uploads\/2025\/06\/GshrySCXkAA8Yfu-e1748978934197-1200x545_c.jpg",1200,545,false],"thumbnail":["https:\/\/radiolarioja.com.ar\/rlr\/wp-content\/uploads\/2025\/06\/GshrySCXkAA8Yfu-e1748978934197-1200x545_c-150x150.jpg",150,150,true],"medium":["https:\/\/radiolarioja.com.ar\/rlr\/wp-content\/uploads\/2025\/06\/GshrySCXkAA8Yfu-e1748978934197-1200x545_c-300x136.jpg",300,136,true],"medium_large":["https:\/\/radiolarioja.com.ar\/rlr\/wp-content\/uploads\/2025\/06\/GshrySCXkAA8Yfu-e1748978934197-1200x545_c-768x349.jpg",640,291,true],"large":["https:\/\/radiolarioja.com.ar\/rlr\/wp-content\/uploads\/2025\/06\/GshrySCXkAA8Yfu-e1748978934197-1200x545_c-1024x465.jpg",640,291,true],"1536x1536":["https:\/\/radiolarioja.com.ar\/rlr\/wp-content\/uploads\/2025\/06\/GshrySCXkAA8Yfu-e1748978934197-1200x545_c.jpg",1200,545,false],"2048x2048":["https:\/\/radiolarioja.com.ar\/rlr\/wp-content\/uploads\/2025\/06\/GshrySCXkAA8Yfu-e1748978934197-1200x545_c.jpg",1200,545,false],"morenews-large":["https:\/\/radiolarioja.com.ar\/rlr\/wp-content\/uploads\/2025\/06\/GshrySCXkAA8Yfu-e1748978934197-1200x545_c.jpg",825,375,false],"morenews-medium":["https:\/\/radiolarioja.com.ar\/rlr\/wp-content\/uploads\/2025\/06\/GshrySCXkAA8Yfu-e1748978934197-1200x545_c.jpg",590,268,false]},"author_info":{"info":["RadioLaRioja"]},"category_info":"<a href=\"https:\/\/radiolarioja.com.ar\/rlr\/category\/local\/\" rel=\"category tag\">Local<\/a>","tag_info":"Local","comment_count":"0","_links":{"self":[{"href":"https:\/\/radiolarioja.com.ar\/rlr\/wp-json\/wp\/v2\/posts\/81485","targetHints":{"allow":["GET"]}}],"collection":[{"href":"https:\/\/radiolarioja.com.ar\/rlr\/wp-json\/wp\/v2\/posts"}],"about":[{"href":"https:\/\/radiolarioja.com.ar\/rlr\/wp-json\/wp\/v2\/types\/post"}],"author":[{"embeddable":true,"href":"https:\/\/radiolarioja.com.ar\/rlr\/wp-json\/wp\/v2\/users\/2"}],"replies":[{"embeddable":true,"href":"https:\/\/radiolarioja.com.ar\/rlr\/wp-json\/wp\/v2\/comments?post=81485"}],"version-history":[{"count":1,"href":"https:\/\/radiolarioja.com.ar\/rlr\/wp-json\/wp\/v2\/posts\/81485\/revisions"}],"predecessor-version":[{"id":81487,"href":"https:\/\/radiolarioja.com.ar\/rlr\/wp-json\/wp\/v2\/posts\/81485\/revisions\/81487"}],"wp:featuredmedia":[{"embeddable":true,"href":"https:\/\/radiolarioja.com.ar\/rlr\/wp-json\/wp\/v2\/media\/81486"}],"wp:attachment":[{"href":"https:\/\/radiolarioja.com.ar\/rlr\/wp-json\/wp\/v2\/media?parent=81485"}],"wp:term":[{"taxonomy":"category","embeddable":true,"href":"https:\/\/radiolarioja.com.ar\/rlr\/wp-json\/wp\/v2\/categories?post=81485"},{"taxonomy":"post_tag","embeddable":true,"href":"https:\/\/radiolarioja.com.ar\/rlr\/wp-json\/wp\/v2\/tags?post=81485"}],"curies":[{"name":"wp","href":"https:\/\/api.w.org\/{rel}","templated":true}]}}