{"id":81482,"date":"2025-06-03T21:32:46","date_gmt":"2025-06-04T00:32:46","guid":{"rendered":"https:\/\/radiolarioja.com.ar\/rlr\/?p=81482"},"modified":"2025-06-03T21:32:47","modified_gmt":"2025-06-04T00:32:47","slug":"quintela-pidio-respuestas-concretas-a-la-nacion-por-la-grave-situacion-economica-de-las-provincias","status":"publish","type":"post","link":"https:\/\/radiolarioja.com.ar\/rlr\/quintela-pidio-respuestas-concretas-a-la-nacion-por-la-grave-situacion-economica-de-las-provincias\/","title":{"rendered":"Quintela pidi\u00f3 \u201crespuestas concretas\u201d a la Naci\u00f3n por la grave situaci\u00f3n econ\u00f3mica de las provincias"},"content":{"rendered":"\n<p>El gobernador riojano public\u00f3 un mensaje en sus redes sociales, criticando a la gesti\u00f3n de Javier Milei, tras participar de la cumbre de gobernadores en el CFI.<\/p>\n\n\n\n<p>El gobernador de La Rioja, Ricardo Quintela, public\u00f3 un mensaje mediante sus redes sociales, donde hizo referencia a la situaci\u00f3n econ\u00f3mica de las provincias, en el marco de la reuni\u00f3n de mandatarios provinciales, que se llev\u00f3 a cabo hoy.<\/p>\n\n\n\n<p>En ese marco, manifest\u00f3 que \u201cjunto a gobernadores de distintas provincias, participamos de una nueva cumbre de gobernadores en el Consejo Federal de Inversiones (CFI), convocada para abordar dos temas urgentes como la brusca ca\u00edda de la coparticipaci\u00f3n federal y el freno total de la obra p\u00fablica, especialmente la infraestructura vial\u201d.<\/p>\n\n\n\n<p>Quintela fue una vez m\u00e1s, cr\u00edtico a las pol\u00edticas econ\u00f3micas del gobierno nacional de Javier Milei, ya que remarc\u00f3 que \u201cestamos aqu\u00ed para alzar la voz en defensa de nuestras provincias porque la situaci\u00f3n es cr\u00edtica ya que la ca\u00edda de recursos golpea de forma pareja a todas las jurisdicciones y compromete la calidad de vida de millones de argentinos y argentinas\u201d.<\/p>\n\n\n\n<p>Para finalizar, el gobernador remarc\u00f3 que \u201cdesde La Rioja, ratificamos nuestra vocaci\u00f3n de di\u00e1logo, pero tambi\u00e9n exigimos respuestas concretas y un modelo de pa\u00eds verdaderamente federal, donde las provincias no sean relegadas ni castigadas por diferencias pol\u00edticas\u201d.<\/p>\n\n\n\n<figure class=\"wp-block-image size-full\"><a href=\"https:\/\/radiolarioja.com.ar\/rlr\/wp-content\/uploads\/2025\/06\/l_1748988742.webp\"><img fetchpriority=\"high\" decoding=\"async\" width=\"900\" height=\"600\" src=\"https:\/\/radiolarioja.com.ar\/rlr\/wp-content\/uploads\/2025\/06\/l_1748988742.webp\" alt=\"\" class=\"wp-image-81483\" srcset=\"https:\/\/radiolarioja.com.ar\/rlr\/wp-content\/uploads\/2025\/06\/l_1748988742.webp 900w, https:\/\/radiolarioja.com.ar\/rlr\/wp-content\/uploads\/2025\/06\/l_1748988742-300x200.webp 300w, https:\/\/radiolarioja.com.ar\/rlr\/wp-content\/uploads\/2025\/06\/l_1748988742-768x512.webp 768w\" sizes=\"(max-width: 900px) 100vw, 900px\" \/><\/a><\/figure>\n\n\n\n<p><\/p>\n","protected":false},"excerpt":{"rendered":"<p>El gobernador riojano public\u00f3 un mensaje en sus redes sociales, criticando a la gesti\u00f3n de Javier Milei, tras<\/p>\n","protected":false},"author":2,"featured_media":81483,"comment_status":"open","ping_status":"open","sticky":false,"template":"","format":"image","meta":{"footnotes":""},"categories":[12],"tags":[],"class_list":["post-81482","post","type-post","status-publish","format-image","has-post-thumbnail","hentry","category-local","post_format-post-format-image"],"featured_image_urls":{"full":["https:\/\/radiolarioja.com.ar\/rlr\/wp-content\/uploads\/2025\/06\/l_1748988742.webp",900,600,false],"thumbnail":["https:\/\/radiolarioja.com.ar\/rlr\/wp-content\/uploads\/2025\/06\/l_1748988742-150x150.webp",150,150,true],"medium":["https:\/\/radiolarioja.com.ar\/rlr\/wp-content\/uploads\/2025\/06\/l_1748988742-300x200.webp",300,200,true],"medium_large":["https:\/\/radiolarioja.com.ar\/rlr\/wp-content\/uploads\/2025\/06\/l_1748988742-768x512.webp",640,427,true],"large":["https:\/\/radiolarioja.com.ar\/rlr\/wp-content\/uploads\/2025\/06\/l_1748988742.webp",640,427,false],"1536x1536":["https:\/\/radiolarioja.com.ar\/rlr\/wp-content\/uploads\/2025\/06\/l_1748988742.webp",900,600,false],"2048x2048":["https:\/\/radiolarioja.com.ar\/rlr\/wp-content\/uploads\/2025\/06\/l_1748988742.webp",900,600,false],"morenews-large":["https:\/\/radiolarioja.com.ar\/rlr\/wp-content\/uploads\/2025\/06\/l_1748988742.webp",825,550,false],"morenews-medium":["https:\/\/radiolarioja.com.ar\/rlr\/wp-content\/uploads\/2025\/06\/l_1748988742.webp",590,393,false]},"author_info":{"info":["RadioLaRioja"]},"category_info":"<a href=\"https:\/\/radiolarioja.com.ar\/rlr\/category\/local\/\" rel=\"category tag\">Local<\/a>","tag_info":"Local","comment_count":"0","_links":{"self":[{"href":"https:\/\/radiolarioja.com.ar\/rlr\/wp-json\/wp\/v2\/posts\/81482","targetHints":{"allow":["GET"]}}],"collection":[{"href":"https:\/\/radiolarioja.com.ar\/rlr\/wp-json\/wp\/v2\/posts"}],"about":[{"href":"https:\/\/radiolarioja.com.ar\/rlr\/wp-json\/wp\/v2\/types\/post"}],"author":[{"embeddable":true,"href":"https:\/\/radiolarioja.com.ar\/rlr\/wp-json\/wp\/v2\/users\/2"}],"replies":[{"embeddable":true,"href":"https:\/\/radiolarioja.com.ar\/rlr\/wp-json\/wp\/v2\/comments?post=81482"}],"version-history":[{"count":1,"href":"https:\/\/radiolarioja.com.ar\/rlr\/wp-json\/wp\/v2\/posts\/81482\/revisions"}],"predecessor-version":[{"id":81484,"href":"https:\/\/radiolarioja.com.ar\/rlr\/wp-json\/wp\/v2\/posts\/81482\/revisions\/81484"}],"wp:featuredmedia":[{"embeddable":true,"href":"https:\/\/radiolarioja.com.ar\/rlr\/wp-json\/wp\/v2\/media\/81483"}],"wp:attachment":[{"href":"https:\/\/radiolarioja.com.ar\/rlr\/wp-json\/wp\/v2\/media?parent=81482"}],"wp:term":[{"taxonomy":"category","embeddable":true,"href":"https:\/\/radiolarioja.com.ar\/rlr\/wp-json\/wp\/v2\/categories?post=81482"},{"taxonomy":"post_tag","embeddable":true,"href":"https:\/\/radiolarioja.com.ar\/rlr\/wp-json\/wp\/v2\/tags?post=81482"}],"curies":[{"name":"wp","href":"https:\/\/api.w.org\/{rel}","templated":true}]}}